{"id":659949,"date":"2026-01-13T05:26:14","date_gmt":"2026-01-13T05:26:14","guid":{"rendered":"https:\/\/www.europesays.com\/fr\/659949\/"},"modified":"2026-01-13T05:26:14","modified_gmt":"2026-01-13T05:26:14","slug":"municipales-2026-a-lyon-la-gauche-prone-un-service-public-du-logement","status":"publish","type":"post","link":"https:\/\/www.europesays.com\/fr\/659949\/","title":{"rendered":"Municipales 2026 : \u00e0 Lyon, la gauche pr\u00f4ne un service public du logement"},"content":{"rendered":"<p><img loading=\"lazy\" decoding=\"async\" alt=\"\u00a9 Audrey Henrion - Gr\u00e9gory Doucet et Renaud Payre pr\u00e9sentent des mesures favorisant le pouvoir d'achat des locataires et propri\u00e9taires de logements.\" data-zoom-src=\"https:\/\/www.europesays.com\/fr\/wp-content\/uploads\/2026\/01\/initial-doucet-payre-municipales-2026-12-01.jpg\" data-zoomable=\"\" height=\"702\" src=\"https:\/\/www.europesays.com\/fr\/wp-content\/uploads\/2026\/01\/initial-doucet-payre-municipales-2026-12-01.jpg\" width=\"1248\"\/>  <\/p>\n<p class=\"article-desc\">\u00a9 Audrey Henrion &#8211; Gr\u00e9gory Doucet et Renaud Payre pr\u00e9sentent des mesures favorisant le pouvoir d&rsquo;achat des locataires et propri\u00e9taires de logements. <\/p>\n<p>Pr\u00e9server le porte-monnaie des Lyonnais, s\u00e9curiser les bailleurs et agir pour la \u00ab\u00a0d\u00e9cence thermique\u00a0\u00bb. Tels sont les objectifs des mesures pr\u00e9sent\u00e9es lundi 12 janvier par <strong>Renaud Payre<\/strong>, vice-pr\u00e9sident en charge du logement dans l&rsquo;ex\u00e9cutif de <strong>Bruno Bernard <\/strong>(M\u00e9tropole de Lyon), et <strong>Gr\u00e9gory Doucet<\/strong>, maire de Lyon et candidat \u00e0 sa succession. \u00ab\u00a0Le logement p\u00e8se au moins 30 % des d\u00e9penses des m\u00e9nages\u00a0\u00bb, rappelle <a href=\"https:\/\/mesinfos.fr\/69000-lyon\/municipales-2026-a-lyon-gregory-doucet-part-avec-la-gauche-en-vue-d-un-match-serre-face-a-aulas-233316.html\" target=\"_blank\" rel=\"noopener\">le candidat \u00e0 la Ville de Lyon pour les \u00e9lections municipales 2026<\/a>. Lequel entend mettre en \u0153uvre une s\u00e9rie de mesures pour pr\u00e9server le pouvoir d&rsquo;achat des habitants. <\/p>\n<p>Au premier rang de celles-ci, une \u00ab\u00a0garantie universelle municipale afin qu&rsquo;un locataire n&rsquo;ait plus \u00e0 se pr\u00e9occuper de trouver un garant mais puisse se reposer sur la Ville\u00a0\u00bb. Gr\u00e9gory Doucet \u00e9tend ainsi un dispositif qui existe d\u00e9j\u00e0 pour les moins de 30 ans. \u00ab\u00a0Nous s\u00e9curisons \u00e0 la fois le locataire, mais aussi le propri\u00e9taire bailleur puisque son garant n&rsquo;est autre que la Ville de Lyon\u00a0\u00bb, pr\u00e9cise le maire. <\/p>\n<p>Municipales 2026 : une assurance habitation port\u00e9e par la Ville de Lyon <\/p>\n<p>Autre mesure qui permettra de cr\u00e9er un v\u00e9ritable \u00ab\u00a0service public du logement\u00a0\u00bb, la cr\u00e9ation d&rsquo;une assurance habitation municipale pour offrir des garanties \u00ab\u00a0\u00e0 un tarif tout \u00e0 fait abordable, promet l&rsquo;\u00e9dile, permettant d&rsquo;\u00e9conomiser plusieurs centaines d&rsquo;euros, s\u00e9curisant le budget des familles et leur permettant justement de payer plus facilement leur loyer\u00a0\u00bb.<\/p>\n<p>Alors qu&rsquo;\u00e0 Lyon et dans la m\u00e9tropole, 37 % des loyers sont conformes \u00e0 <a href=\"https:\/\/mesinfos.fr\/auvergne-rhone-alpes\/logement-l-encadrement-des-loyers-toujours-en-vigueur-a-lyon-et-villeurbanne-233199.html\" target=\"_blank\" rel=\"noopener\">l&rsquo;encadrement mis en place depuis 2021 sur le territoire<\/a> (selon la Conf\u00e9d\u00e9ration familiale des familles de la m\u00e9tropole), Gr\u00e9gory Doucet annonce une extension de cette mesure.<\/p>\n<p>Enfin, pour desserrer l&rsquo;\u00e9tau que constitue le logement, la <strong>liste de gauche et des \u00e9cologistes<\/strong> vise une cible de 30 % de logements sociaux dans Lyon intra-muros d&rsquo;ici 2040 (24 % aujourd&rsquo;hui), soit par la construction soit par une m\u00e9thode d&rsquo;acquisition\/r\u00e9novation de biens mis en vente. \u00ab\u00a0La Ville a consacr\u00e9 34 millions d&rsquo;euros sous ce mandat \u00e0 la construction\/acquisition\u00a0\u00bb, avance l&rsquo;\u00e9lu. <\/p>\n<p>Extension du r\u00e9seau de chaleur urbain lyonnais <\/p>\n<p>Pr\u00e9server le porte-monnaie des habitants passe aussi par la baisse des d\u00e9penses de chauffage. \u00ab\u00a0Nous pouvons agir concr\u00e8tement sur le co\u00fbt de l&rsquo;\u00e9nergie\u00a0\u00bb, expose <a href=\"https:\/\/mesinfos.fr\/69000-lyon\/financement-de-la-renovation-energetique-tout-ce-qui-a-ete-vote-sera-finance-235454.html\" rel=\"noopener\" target=\"_blank\">Renaud Payre<\/a>, vice-pr\u00e9sident m\u00e9tropolitain au logement, rappellant que le r\u00e9seau de chaleur urbain s&rsquo;est \u00e9tendu de 100 kilom\u00e8tres depuis 2020 et concerne 129 000 logements.<\/p>\n<p>D&rsquo;ici 2032, les \u00e9lus visent 250 000 logements collectifs concern\u00e9s avec l&rsquo;extension de deux r\u00e9seaux vers les 1er et 4e, 5e et 9e arrondissements. Le r\u00e9seau couvrirait ainsi 40 % des logements collectifs selon les chiffres avanc\u00e9s par les candidats. Les factures \u00e9nerg\u00e9tiques, elles, seraient all\u00e9g\u00e9es de 300 \u00e0 500 euros par an et par logement. <\/p>\n<p>En marge de ces mesures, la Ville abonderait \u00e0 un \u00ab\u00a0fonds d&rsquo;adaptation\u00a0\u00bb d\u00e9j\u00e0 existant, dot\u00e9 d&rsquo;un budget de 500 000 euros, pour permettre d&rsquo;\u00e9quiper les m\u00e9nages en filtres pour fen\u00eatres, volets ou ventilateurs. \u00ab\u00a0Des \u00e9quipements d&rsquo;urgence\u00a0\u00bb pour r\u00e9pondre \u00e0 un besoin de \u00ab\u00a0d\u00e9cence thermique\u00a0\u00bb, notamment lors des p\u00e9riodes de fortes chaleurs.<\/p>\n","protected":false},"excerpt":{"rendered":"\u00a9 Audrey Henrion &#8211; Gr\u00e9gory Doucet et Renaud Payre pr\u00e9sentent des mesures favorisant le pouvoir d&rsquo;achat des locataires&hellip;\n","protected":false},"author":2,"featured_media":659950,"comment_status":"","ping_status":"","sticky":false,"template":"","format":"standard","meta":{"footnotes":""},"categories":[1889],"tags":[1111,11,2430,5225,1777,674,1011,27,76187,1908,2428,3434,12,2922,65314,25],"class_list":{"0":"post-659949","1":"post","2":"type-post","3":"status-publish","4":"format-standard","5":"has-post-thumbnail","7":"category-lyon","8":"tag-actu","9":"tag-actualites","10":"tag-auvergne-rhone-alpes","11":"tag-encadrement-des-loyers","12":"tag-eu","13":"tag-europe","14":"tag-fr","15":"tag-france","16":"tag-gru00e9gory-doucet","17":"tag-logement","18":"tag-lyon","19":"tag-municipales-2026","20":"tag-news","21":"tag-pouvoir-dachat","22":"tag-renaud-payre","23":"tag-republique-francaise"},"share_on_mastodon":{"url":"https:\/\/pubeurope.com\/@fr\/115886134634134910","error":""},"_links":{"self":[{"href":"https:\/\/www.europesays.com\/fr\/wp-json\/wp\/v2\/posts\/659949","targetHints":{"allow":["GET"]}}],"collection":[{"href":"https:\/\/www.europesays.com\/fr\/wp-json\/wp\/v2\/posts"}],"about":[{"href":"https:\/\/www.europesays.com\/fr\/wp-json\/wp\/v2\/types\/post"}],"author":[{"embeddable":true,"href":"https:\/\/www.europesays.com\/fr\/wp-json\/wp\/v2\/users\/2"}],"replies":[{"embeddable":true,"href":"https:\/\/www.europesays.com\/fr\/wp-json\/wp\/v2\/comments?post=659949"}],"version-history":[{"count":0,"href":"https:\/\/www.europesays.com\/fr\/wp-json\/wp\/v2\/posts\/659949\/revisions"}],"wp:featuredmedia":[{"embeddable":true,"href":"https:\/\/www.europesays.com\/fr\/wp-json\/wp\/v2\/media\/659950"}],"wp:attachment":[{"href":"https:\/\/www.europesays.com\/fr\/wp-json\/wp\/v2\/media?parent=659949"}],"wp:term":[{"taxonomy":"category","embeddable":true,"href":"https:\/\/www.europesays.com\/fr\/wp-json\/wp\/v2\/categories?post=659949"},{"taxonomy":"post_tag","embeddable":true,"href":"https:\/\/www.europesays.com\/fr\/wp-json\/wp\/v2\/tags?post=659949"}],"curies":[{"name":"wp","href":"https:\/\/api.w.org\/{rel}","templated":true}]}}