{"id":659951,"date":"2026-01-13T05:28:17","date_gmt":"2026-01-13T05:28:17","guid":{"rendered":"https:\/\/www.europesays.com\/fr\/659951\/"},"modified":"2026-01-13T05:28:17","modified_gmt":"2026-01-13T05:28:17","slug":"dans-ces-departements-les-salaries-du-prive-gagnent-en-moyenne-plus-de-2-733-euros-net-par-mois","status":"publish","type":"post","link":"https:\/\/www.europesays.com\/fr\/659951\/","title":{"rendered":"dans ces d\u00e9partements, les salari\u00e9s du priv\u00e9 gagnent en moyenne plus de 2 733 euros net par mois"},"content":{"rendered":"<p>L&rsquo;Insee a \u00e9tabli <a href=\"https:\/\/www.insee.fr\/fr\/statistiques\/8657156\" target=\"_blank\" rel=\"noopener\">dans une \u00e9tude<\/a>\u00a0le salaire net mensuel en \u00e9quivalent temps plein (EQTP) dans le secteur priv\u00e9 \u00e0 2\u00a0733\u00a0euros en moyenne pour 2024. Il appara\u00eet que les Fran\u00e7ais ont augment\u00e9 leur salaire de 0,8% entre 2023 et\u00a02024 apr\u00e8s une baisse de 1% l&rsquo;ann\u00e9e d&rsquo;avant, mais ont malgr\u00e9 tout perdu du pouvoir d&rsquo;achat en raison de l&rsquo;inflation \u00e0 2%. D&rsquo;importants \u00e9carts de salaire en fonction des d\u00e9partements sont toutefois \u00e0 prendre en compte, comme l&rsquo;a mis en avant <a href=\"https:\/\/www.ladepeche.fr\/2026\/01\/10\/carte-salaires-en-france-2-733-euros-net-par-mois-en-moyenne-dans-le-prive-dans-quels-departements-les-revenus-sont-ils-les-plus-eleves-13152668.php\" target=\"_blank\" rel=\"noopener\">La D\u00e9p\u00eache du Midi<\/a>.<\/p>\n<p><strong>Lire aussi &gt;\u00a0<a href=\"http:\/\/www.notretemps.com\/..\/..\/droit-argent\/banque\/gagnez-vous-plus-que-la-moyenne-des-salaries-du-prive-123048#:~:text=Vous%20aimez%20cet%20article%3F&amp;text=L&#039;Institut%20national%20de%20la,733%20euros%20net%20par%20mois.\" target=\"_blank\" rel=\"noopener noreferrer\">Gagnez-vous plus que la moyenne des salari\u00e9s du priv\u00e9?<\/a><\/strong><\/p>\n<p>            Salaires: l&rsquo;\u00cele-de-France en t\u00eate<\/p>\n<p>Seuls huit d\u00e9partements affichent en effet un salaire net mensuel moyen dans le priv\u00e9 sup\u00e9rieur \u00e0 la moyenne nationale en 2024. Contrairement \u00e0 ce que l&rsquo;on pourrait penser, \u00e7a n&rsquo;est pas Paris qui domine le classement, mais un d\u00e9partement voisin, celui des Hauts-de-Seine. Le salaire moyen dans le priv\u00e9 y est de 4 217 euros. Paris arrive n\u00e9anmoins second, avec un salaire net moyen mesur\u00e9 \u00e0 3 836 euros.<\/p>\n<p>De fa\u00e7on g\u00e9n\u00e9rale, c&rsquo;est bien l&rsquo;\u00cele-de-France qui, sans surprise, affiche les salaires nets moyens dans le priv\u00e9 les plus \u00e9lev\u00e9s pour l&rsquo;ann\u00e9e 2024. Quatre autres d\u00e9partements franciliens suivent ainsi les deux d\u00e9partements de t\u00eate. D&rsquo;abord les Yvelines (3 238 euros), puis la Seine-Saint-Denis (3 035 euros). Viennent ensuite le Val-de-Marne (3 028 euros) et l&rsquo;Essonne (2 888 euros).<\/p>\n<p><strong>Lire aussi &gt;\u00a0<a href=\"https:\/\/www.notretemps.com\/..\/droit-argent\/banque\/qui-est-riche-pauvre-ou-de-la-classe-moyenne-la-reponse-en-chiffres-114889\" target=\"_blank\" rel=\"noopener noreferrer\">Qui est riche, pauvre ou de la classe moyenne? La r\u00e9ponse en chiffres<\/a><\/strong><\/p>\n<p>            Des disparit\u00e9s remarquables selon les territoires<\/p>\n<p>En dehors de l&rsquo;\u00cele-de-France, il n&rsquo;y a que deux d\u00e9partements qui d\u00e9passent la moyenne nationale. Le Rh\u00f4ne d&rsquo;abord, certainement port\u00e9 par Lyon et sa m\u00e9tropole, enregistre un salaire moyen \u00e0 2 867 euros par mois. Enfin, la Haute-Garonne, domin\u00e9e par Toulouse et ses environs, se place \u00e0 2 787 euros en moyenne. Trois d\u00e9partements s&rsquo;approchent \u00e9galement de cette moyenne: l&rsquo;Is\u00e8re (2 718 euros), les Bouches-du-Rh\u00f4ne (2 690 euros) et les Alpes-Maritimes (2 683 euros).<\/p>\n<p>\u00c0 l&rsquo;inverse, le salaire net moyen dans le priv\u00e9 en 2024 n&rsquo;a \u00e9t\u00e9 mesur\u00e9 qu&rsquo;\u00e0 2 142 euros par mois dans la Creuse, 2 155 euros par mois en Loz\u00e8re, 2 159 euros par mois \u00e0 Mayotte et enfin 2 165 euros par mois dans le Cantal. Enfin, comme souvent, c&rsquo;est davantage le salaire m\u00e9dian que le salaire moyen qui pourrait davantage refl\u00e9ter une certaine norme. \u00c0 ce titre, pour 2024, l&rsquo;Insee note que la moiti\u00e9 des salari\u00e9s du secteur priv\u00e9 a per\u00e7u moins de 2 190 euros net par mois.<\/p>\n","protected":false},"excerpt":{"rendered":"L&rsquo;Insee a \u00e9tabli dans une \u00e9tude\u00a0le salaire net mensuel en \u00e9quivalent temps plein (EQTP) dans le secteur priv\u00e9&hellip;\n","protected":false},"author":2,"featured_media":659952,"comment_status":"","ping_status":"","sticky":false,"template":"","format":"standard","meta":{"footnotes":""},"categories":[1592],"tags":[1111,11,1777,674,1011,27,662,12,626,25],"class_list":{"0":"post-659951","1":"post","2":"type-post","3":"status-publish","4":"format-standard","5":"has-post-thumbnail","7":"category-ile-de-france","8":"tag-actu","9":"tag-actualites","10":"tag-eu","11":"tag-europe","12":"tag-fr","13":"tag-france","14":"tag-ile-de-france","15":"tag-news","16":"tag-paris","17":"tag-republique-francaise"},"share_on_mastodon":{"url":"https:\/\/pubeurope.com\/@fr\/115886142520739748","error":""},"_links":{"self":[{"href":"https:\/\/www.europesays.com\/fr\/wp-json\/wp\/v2\/posts\/659951","targetHints":{"allow":["GET"]}}],"collection":[{"href":"https:\/\/www.europesays.com\/fr\/wp-json\/wp\/v2\/posts"}],"about":[{"href":"https:\/\/www.europesays.com\/fr\/wp-json\/wp\/v2\/types\/post"}],"author":[{"embeddable":true,"href":"https:\/\/www.europesays.com\/fr\/wp-json\/wp\/v2\/users\/2"}],"replies":[{"embeddable":true,"href":"https:\/\/www.europesays.com\/fr\/wp-json\/wp\/v2\/comments?post=659951"}],"version-history":[{"count":0,"href":"https:\/\/www.europesays.com\/fr\/wp-json\/wp\/v2\/posts\/659951\/revisions"}],"wp:featuredmedia":[{"embeddable":true,"href":"https:\/\/www.europesays.com\/fr\/wp-json\/wp\/v2\/media\/659952"}],"wp:attachment":[{"href":"https:\/\/www.europesays.com\/fr\/wp-json\/wp\/v2\/media?parent=659951"}],"wp:term":[{"taxonomy":"category","embeddable":true,"href":"https:\/\/www.europesays.com\/fr\/wp-json\/wp\/v2\/categories?post=659951"},{"taxonomy":"post_tag","embeddable":true,"href":"https:\/\/www.europesays.com\/fr\/wp-json\/wp\/v2\/tags?post=659951"}],"curies":[{"name":"wp","href":"https:\/\/api.w.org\/{rel}","templated":true}]}}