{"id":659956,"date":"2026-01-13T05:31:16","date_gmt":"2026-01-13T05:31:16","guid":{"rendered":"https:\/\/www.europesays.com\/fr\/659956\/"},"modified":"2026-01-13T05:31:16","modified_gmt":"2026-01-13T05:31:16","slug":"la-mep-presente-la-premiere-retrospective-de-la-fameuse-photographe-neerlandaise","status":"publish","type":"post","link":"https:\/\/www.europesays.com\/fr\/659956\/","title":{"rendered":"la MEP pr\u00e9sente la premi\u00e8re r\u00e9trospective de la fameuse photographe n\u00e9erlandaise"},"content":{"rendered":"<p class=\"p1\">Pour faire des photos avec Dana Lixenberg, il ne faut pas \u00eatre trop press\u00e9. La N\u00e9erlandaise travaille avec une \u201cchambre grand format\u201d, comme les <a href=\"https:\/\/www.timeout.fr\/paris\/actualites\/5-photographes-a-suivre-apres-paris-photo-selon-arthur-hadade-112525\" target=\"_blank\" rel=\"noopener\">photographes<\/a> de jadis, ces appareils avec un soufflet et un tr\u00e9pied, qu\u2019il faut recharger apr\u00e8s chaque prise mais qui permettent une d\u00e9finition et une profondeur exceptionnelles.<\/p>\n<p class=\"p1\">C\u2019est pour \u00e7a qu\u2019elle parle de \u201cdanse lente\u201d quand elle \u00e9voque sa relation avec ses sujets, qui, c\u00e9l\u00e9brit\u00e9s comme anonymes, assistent \u00e0 toutes les manipulations et qu\u2019elle doit mettre en condition. \u201cJe m\u2019int\u00e9resse moins \u00e0 l\u2019image qu\u2019une personne souhaite donner qu\u2019\u00e0 ce qui se passe r\u00e9ellement chez elle au moment de la rencontre\u201d, dit-elle.<\/p>\n<p class=\"p1\">Avec American Images, sa premi\u00e8re r\u00e9trospective parisienne qui d\u00e9marre le 11 f\u00e9vrier, la MEP rend ainsi hommage \u00e0 une observatrice de la matrice \u00e9tats-unienne, un pays o\u00f9 elle s\u2019est install\u00e9e en 1989. On y d\u00e9couvrira notamment ses nombreux portraits\u00a0de musiciens r\u00e9alis\u00e9s pour les plus grands magazines am\u00e9ricains, de Whitney Houston \u00e0 Iggy Pop en passant par Notorious BIG ou encore Tupac Shakur, pour une image en noir et blanc devenue iconique publi\u00e9e dans\u00a0Vibe.<\/p>\n<p><img decoding=\"async\" id=\"383822a8-f853-0052-0cb2-a0adea5a3506\" class=\"photo lazy inline\" loading=\"lazy\" data-component=\"lazy-embed\" src=\"https:\/\/www.europesays.com\/fr\/wp-content\/uploads\/2026\/01\/1768282276_143_image.webp.webp\" alt=\"Tupac Shakur \" data-caption=\"\" data-credit=\"Tupac Shakur, 1993 \u00a9 Dana Lixenberg \/ MEP\" data-width-class=\"\" data-image-id=\"106362029\"\/>&#13;<br \/>\nTupac Shakur, 1993 \u00a9 Dana Lixenberg \/ MEP&#13;<\/p>\n<p class=\"p1\">On y verra \u00e9galement son projet le plus connu, Imperial Courts, d\u00e9marr\u00e9 en 1993 dans les cit\u00e9s du quartier de Watts, \u00e0 Los Angeles, juste apr\u00e8s les \u00e9meutes d\u00e9clench\u00e9es par le passage \u00e0 tabac de Rodney King. Un projet au long cours puisqu\u2019elle revient r\u00e9guli\u00e8rement depuis trente ans raconter l\u2019\u00e9volution du quartier, avec l\u2019autorisation exceptionnelle des gangs.<\/p>\n<p class=\"p1\">Outre ses p\u00e9r\u00e9grinations en Alaska ou en Indiana, <a href=\"https:\/\/www.timeout.fr\/paris\/art\/les-expositions-du-moment\" target=\"_blank\" rel=\"noopener\">l&rsquo;exposition<\/a> propose une s\u00e9lection des Polaroid de Dana Lixenberg, un m\u00e9dia de l\u2019instantan\u00e9 dont elle s\u2019est amourach\u00e9e en m\u00eame temps que la chambre grand format, comme pour s&rsquo;amuser \u00e0 superposer deux perspectives sur le temps.<\/p>\n<p class=\"p1\"><strong>Quand ? <\/strong>du 11 f\u00e9vrier au 24 mai 2026.<br \/><strong>O\u00f9 ? <\/strong>Maison europ\u00e9enne de la photographie, 5-7 rue de Fourcy, Paris 4e.<br \/><strong>Combien ?<\/strong> 9-14 \u20ac.<\/p>\n<p class=\"p1\"><strong>Et pour le guide des meilleures expos du moment, <a href=\"https:\/\/www.timeout.fr\/paris\/art\/les-expositions-du-moment\" target=\"_blank\" rel=\"noopener\">c&rsquo;est par ici<\/a> !<\/strong><\/p>\n","protected":false},"excerpt":{"rendered":"Pour faire des photos avec Dana Lixenberg, il ne faut pas \u00eatre trop press\u00e9. La N\u00e9erlandaise travaille avec&hellip;\n","protected":false},"author":2,"featured_media":659957,"comment_status":"","ping_status":"","sticky":false,"template":"","format":"standard","meta":{"footnotes":""},"categories":[1888],"tags":[11,19909,3734,19908,1777,674,1011,27,12,626,25],"class_list":{"0":"post-659956","1":"post","2":"type-post","3":"status-publish","4":"format-standard","5":"has-post-thumbnail","7":"category-paris","8":"tag-actualites","9":"tag-actualites-art","10":"tag-art","11":"tag-categories-art","12":"tag-eu","13":"tag-europe","14":"tag-fr","15":"tag-france","16":"tag-news","17":"tag-paris","18":"tag-republique-francaise"},"share_on_mastodon":{"url":"https:\/\/pubeurope.com\/@fr\/115886154378225464","error":""},"_links":{"self":[{"href":"https:\/\/www.europesays.com\/fr\/wp-json\/wp\/v2\/posts\/659956","targetHints":{"allow":["GET"]}}],"collection":[{"href":"https:\/\/www.europesays.com\/fr\/wp-json\/wp\/v2\/posts"}],"about":[{"href":"https:\/\/www.europesays.com\/fr\/wp-json\/wp\/v2\/types\/post"}],"author":[{"embeddable":true,"href":"https:\/\/www.europesays.com\/fr\/wp-json\/wp\/v2\/users\/2"}],"replies":[{"embeddable":true,"href":"https:\/\/www.europesays.com\/fr\/wp-json\/wp\/v2\/comments?post=659956"}],"version-history":[{"count":0,"href":"https:\/\/www.europesays.com\/fr\/wp-json\/wp\/v2\/posts\/659956\/revisions"}],"wp:featuredmedia":[{"embeddable":true,"href":"https:\/\/www.europesays.com\/fr\/wp-json\/wp\/v2\/media\/659957"}],"wp:attachment":[{"href":"https:\/\/www.europesays.com\/fr\/wp-json\/wp\/v2\/media?parent=659956"}],"wp:term":[{"taxonomy":"category","embeddable":true,"href":"https:\/\/www.europesays.com\/fr\/wp-json\/wp\/v2\/categories?post=659956"},{"taxonomy":"post_tag","embeddable":true,"href":"https:\/\/www.europesays.com\/fr\/wp-json\/wp\/v2\/tags?post=659956"}],"curies":[{"name":"wp","href":"https:\/\/api.w.org\/{rel}","templated":true}]}}