{"id":659958,"date":"2026-01-13T05:32:10","date_gmt":"2026-01-13T05:32:10","guid":{"rendered":"https:\/\/www.europesays.com\/fr\/659958\/"},"modified":"2026-01-13T05:32:10","modified_gmt":"2026-01-13T05:32:10","slug":"le-paris-fc-est-pret-a-surfer-sur-son-incroyable-exploit-historique","status":"publish","type":"post","link":"https:\/\/www.europesays.com\/fr\/659958\/","title":{"rendered":"Le Paris FC est pr\u00eat \u00e0 surfer sur son incroyable exploit historique"},"content":{"rendered":"<p>En s\u2019imposant sur la pelouse du Parc des Princes face au <a href=\"https:\/\/www.footmercato.net\/club\/psg\/\" target=\"_blank\" rel=\"noopener\">PSG<\/a> (0-1), le <a href=\"https:\/\/www.footmercato.net\/club\/paris-fc\/\" target=\"_blank\" rel=\"noopener\">Paris FC<\/a> a sign\u00e9 bien plus qu\u2019une simple qualification pour les huiti\u00e8mes de finale de la <a href=\"https:\/\/www.footmercato.net\/france\/coupe-de-france\/\" target=\"_blank\" rel=\"noopener\">Coupe de France<\/a>. Le club de la capitale a r\u00e9alis\u00e9 un exploit majeur, sans doute l\u2019un des plus retentissants de son histoire r\u00e9cente, en \u00e9liminant le double tenant du titre chez lui. Face \u00e0 une \u00e9quipe parisienne pourtant sup\u00e9rieure sur le papier et aur\u00e9ol\u00e9e d\u2019un Troph\u00e9e des Champions remport\u00e9 quelques jours plus t\u00f4t contre l\u2019OM, les hommes de St\u00e9phane Gilli ont livr\u00e9 une prestation d\u2019une rare maturit\u00e9, m\u00ealant rigueur d\u00e9fensive, solidarit\u00e9 collective et sang-froid dans les moments cl\u00e9s. \u00abJe leur avais dit que j\u2019\u00e9tais fier de ce qu\u2019ils avaient fait, de ce qu\u2019ils avaient montr\u00e9, mais que je pouvais pas \u00eatre content en tant que comp\u00e9titeur, parce qu\u2019il y avait une d\u00e9faite (en Ligue 1, huit jours plus t\u00f4t, ndlr), pour \u00eatre tout \u00e0 fait honn\u00eate, souvent ces matchs-l\u00e0, les joueurs se motivent tout seuls quand on joue le PSG et les grosses \u00e9quipes comme \u00e7a. Mais par contre, on s\u2019est servi du premier match, on a fait beaucoup de vid\u00e9os, on a fait des retours sur des choses qu\u2019on avait analys\u00e9es et qui n\u2019avaient pas tr\u00e8s bien fonctionn\u00e9, par rapport \u00e0 des pertes de balles, par rapport au manque de justesse technique. Donc ce soir, je leur ai dit que j\u2019\u00e9tais fier et content du r\u00e9sultat, de ce qu\u2019ils ont montr\u00e9, de cette \u00e9quipe, de ces valeurs\u00bb, a affirm\u00e9 l\u2019entra\u00eeneur fran\u00e7ais en conf\u00e9rence de presse. Cette victoire r\u00e9f\u00e9rence donne une tout autre dimension \u00e0 la saison du PFC et renforce l\u2019id\u00e9e d\u2019un groupe capable de rivaliser dans les grands rendez-vous.<\/p>\n<p>            La suite apr\u00e8s cette publicit\u00e9<\/p>\n<p>Sur le plan tactique, le Paris FC a parfaitement ex\u00e9cut\u00e9 son plan de jeu. Align\u00e9s dans un 5-4-1 compact, les visiteurs ont accept\u00e9 de subir, mais sans jamais rompre. Les lignes sont rest\u00e9es serr\u00e9es, les couloirs bien ferm\u00e9s et les espaces dans l\u2019axe r\u00e9duits au minimum, for\u00e7ant le PSG \u00e0 multiplier les centres et les frappes lointaines. \u00abEn faisant ces deux matches face au PSG, m\u00eame si on a \u00e9t\u00e9 en difficult\u00e9 parce qu\u2019on sait que dans la ma\u00eetrise collective de temps en temps, c\u2019est difficile, mais que ces matchs vont nous servir pour la confiance pour voir quand tout le monde travaille, quand tout le monde est impliqu\u00e9, on est capable de faire des grandes choses, voil\u00e0. Je pense qu\u2019en d\u00e9but de saison, on a un peu surperform\u00e9 parce qu\u2019il y avait Ilan, par exemple, qui a marqu\u00e9 \u00e9norm\u00e9ment de buts et des beaux buts. L\u2019\u00e9quipe \u00e9tait peut-\u00eatre en surr\u00e9gime. Sur la fin de la premi\u00e8re partie de saison, je trouve que ce n\u2019\u00e9tait pas notre niveau\u00bb, a conclu Gilli. Le travail d\u00e9fensif collectif, des pistons aux centraux, a \u00e9t\u00e9 remarquable, tout comme la discipline affich\u00e9e dans les replis et le pressing ponctuel pour g\u00eaner la relance parisienne. Derri\u00e8re ce bloc, Nkambadio a incarn\u00e9 la s\u00e9r\u00e9nit\u00e9, multipliant les interventions d\u00e9cisives pour maintenir son \u00e9quipe \u00e0 flot et offrir au PFC le droit de croire jusqu\u2019au bout \u00e0 un sc\u00e9nario renversant.<\/p>\n<p>            La suite apr\u00e8s cette publicit\u00e9<\/p>\n<p>        Le groupe veut y croire<\/p>\n<p>Offensivement, le Paris FC n\u2019a pas cherch\u00e9 \u00e0 se d\u00e9couvrir inutilement, mais a su faire preuve d\u2019un r\u00e9alisme gla\u00e7ant lorsque l\u2019opportunit\u00e9 s\u2019est pr\u00e9sent\u00e9e. Sur l\u2019une de ses rares transitions, parfaitement men\u00e9e apr\u00e8s une r\u00e9cup\u00e9ration haute, Kebbal a su fixer et temporiser avant de trouver Ikon\u00e9 dans le dos de la d\u00e9fense parisienne. L\u2019ancien joueur form\u00e9 au PSG n\u2019a alors pas trembl\u00e9 pour conclure et donner l\u2019avantage aux siens, symbolisant \u00e0 merveille la capacit\u00e9 du PFC \u00e0 exploiter la moindre faille. Cette efficacit\u00e9, alli\u00e9e \u00e0 une gestion intelligente des temps faibles, a permis au club parisien de r\u00e9sister \u00e0 la pression finale et de faire tomber un g\u00e9ant : \u00abFranchement, on est tr\u00e8s content, on a su bien d\u00e9fendre, c\u2019est l\u2019une des plus grosses \u00e9quipes en Europe. On est content de repartir avec la victoire, \u00e7a fait du bien et j\u2019esp\u00e8re que \u00e7a va nous lancer pour le championnat aussi. Un derby gagn\u00e9 en \u00e9tant form\u00e9 au PSG ? Je suis super content de mon but, j\u2019ai pu marquer l\u00e0 o\u00f9 j\u2019ai \u00e9t\u00e9 form\u00e9. Que du bonheur, que du plaisir ! J\u2019esp\u00e8re que ce n\u2019est pas le dernier et que je vais continuer \u00e0 aller de l\u2019avant\u00bb, a d\u00e9taill\u00e9 le h\u00e9ros Jonathan Ikon\u00e9. Avec un mercato qui s\u2019annonce mouvement\u00e9, le Paris FC a de quoi rebondir rapidement et encha\u00eener.<\/p>\n<p>Au-del\u00e0 de la qualification, cette victoire pourrait servir de v\u00e9ritable socle pour la suite de la saison du Paris FC. \u00abC\u2019est un exploit ! C\u2019\u00e9tait un match tr\u00e8s difficile, dans des matches comme \u00e7a, on doit tous beaucoup courir. Ils ont eu beaucoup d\u2019occasions, on a eu un grand gardien. On a piqu\u00e9 au moment o\u00f9 il le fallait. On a eu un peu de r\u00e9ussite mais dans des matches contre ces \u00e9quipes-l\u00e0, il en faut un peu. Je suis tr\u00e8s heureux de la qualification. Contre ce genre d\u2019\u00e9quipes, on peut aller les chercher, mais celles qui le font en prennent 3, 4 ou 5. Ils ont des joueurs de classe mondiale. On savait qu\u2019on allait subir mais on savait qu\u2019il y allait avoir des espaces, surtout en deuxi\u00e8me mi-temps. On savait qu\u2019on allait avoir deux ou trois occasions\u00bb, a affirm\u00e9 Ilan Kebbal en zone mixte. En dominant le PSG dans un contexte aussi exigeant, le PFC s\u2019offre une r\u00e9f\u00e9rence collective forte, capable de renforcer la confiance du groupe et de l\u00e9gitimer ses ambitions. Ce succ\u00e8s prouve que l\u2019\u00e9quipe de St\u00e9phane Gilli peut rivaliser avec des adversaires bien plus arm\u00e9s, \u00e0 condition de respecter son cadre tactique et son identit\u00e9 de jeu. D\u00e9sormais, le d\u00e9fi consistera \u00e0 capitaliser sur cet exploit pour en faire un levier de progression durable, aussi bien en Coupe de France qu\u2019en championnat, o\u00f9 cette performance pourrait agir comme un puissant catalyseur.<\/p>\n<p>\n    Pub. le 13\/01\/2026 00:45<br \/>\n            &#8211; MAJ le 13\/01\/2026 06:14\n    <\/p>\n","protected":false},"excerpt":{"rendered":"En s\u2019imposant sur la pelouse du Parc des Princes face au PSG (0-1), le Paris FC a sign\u00e9&hellip;\n","protected":false},"author":2,"featured_media":659959,"comment_status":"","ping_status":"","sticky":false,"template":"","format":"standard","meta":{"footnotes":""},"categories":[1888],"tags":[11,1777,674,1011,27,12,626,25],"class_list":{"0":"post-659958","1":"post","2":"type-post","3":"status-publish","4":"format-standard","5":"has-post-thumbnail","7":"category-paris","8":"tag-actualites","9":"tag-eu","10":"tag-europe","11":"tag-fr","12":"tag-france","13":"tag-news","14":"tag-paris","15":"tag-republique-francaise"},"share_on_mastodon":{"url":"https:\/\/pubeurope.com\/@fr\/115886158165494724","error":""},"_links":{"self":[{"href":"https:\/\/www.europesays.com\/fr\/wp-json\/wp\/v2\/posts\/659958","targetHints":{"allow":["GET"]}}],"collection":[{"href":"https:\/\/www.europesays.com\/fr\/wp-json\/wp\/v2\/posts"}],"about":[{"href":"https:\/\/www.europesays.com\/fr\/wp-json\/wp\/v2\/types\/post"}],"author":[{"embeddable":true,"href":"https:\/\/www.europesays.com\/fr\/wp-json\/wp\/v2\/users\/2"}],"replies":[{"embeddable":true,"href":"https:\/\/www.europesays.com\/fr\/wp-json\/wp\/v2\/comments?post=659958"}],"version-history":[{"count":0,"href":"https:\/\/www.europesays.com\/fr\/wp-json\/wp\/v2\/posts\/659958\/revisions"}],"wp:featuredmedia":[{"embeddable":true,"href":"https:\/\/www.europesays.com\/fr\/wp-json\/wp\/v2\/media\/659959"}],"wp:attachment":[{"href":"https:\/\/www.europesays.com\/fr\/wp-json\/wp\/v2\/media?parent=659958"}],"wp:term":[{"taxonomy":"category","embeddable":true,"href":"https:\/\/www.europesays.com\/fr\/wp-json\/wp\/v2\/categories?post=659958"},{"taxonomy":"post_tag","embeddable":true,"href":"https:\/\/www.europesays.com\/fr\/wp-json\/wp\/v2\/tags?post=659958"}],"curies":[{"name":"wp","href":"https:\/\/api.w.org\/{rel}","templated":true}]}}