{"id":65996,"date":"2025-05-01T03:58:24","date_gmt":"2025-05-01T03:58:24","guid":{"rendered":"https:\/\/www.europesays.com\/fr\/65996\/"},"modified":"2025-05-01T03:58:24","modified_gmt":"2025-05-01T03:58:24","slug":"apres-lattaque-de-nantes-parlons-sante-mentale-plutot-que-detecteurs-de-metaux-liberation","status":"publish","type":"post","link":"https:\/\/www.europesays.com\/fr\/65996\/","title":{"rendered":"apr\u00e8s l\u2019attaque de Nantes, parlons sant\u00e9 mentale plut\u00f4t que d\u00e9tecteurs de m\u00e9taux\u00a0! \u2013 Lib\u00e9ration"},"content":{"rendered":"<p class=\"sc-ksZaOG ehjQrN text-element\">Le terrible drame du jeudi 24 avril survenu <a href=\"https:\/\/www.liberation.fr\/societe\/police-justice\/nantes-une-attaque-au-couteau-fait-un-mort-et-plusieurs-blesses-dans-un-lycee-20250424_GZCPLGQWHVCAJMXLN4OU3T7Z5M\/\" target=\"_blank\" rel=\"nofollow noopener\" title=\"https:\/\/www.liberation.fr\/societe\/police-justice\/nantes-une-attaque-au-couteau-fait-un-mort-et-plusieurs-blesses-dans-un-lycee-20250424_GZCPLGQWHVCAJMXLN4OU3T7Z5M\/\">au lyc\u00e9e Notre-Dame-de-Toutes-Aides \u00e0 Nantes<\/a> s\u2019inscrit dans une s\u00e9rie qui, de la part des politiques, renvoie syst\u00e9matiquement \u00e0 la question de la s\u00e9curisation des \u00e9tablissements scolaires. Plus inqui\u00e9tant encore, la d\u00e9rive s\u00e9mantique du ministre Bruno Retailleau \u2013 dans la lign\u00e9e de G\u00e9rald Darmanin, Laurent Wauquiez, Marine Le Pen, Eric Ciotti\u2026 \u2013 utilisant le terme d\u2019\u00abensauvagement\u00bb traduit une approche quasi-exclusivement s\u00e9curitaire, extr\u00eamement r\u00e9ductrice voire caricaturale et qui \u00e9vacue toute approche pr\u00e9ventive face \u00e0 de tels actes.<\/p>\n<p class=\"sc-ksZaOG ehjQrN text-element\">Car \u00e0 ce jour l\u2019essentiel des mesures mises en place et celles \u00e0 venir sont toutes marqu\u00e9es du sceau de la r\u00e9pression et d\u2019une approche s\u00e9curitaire.<\/p>\n<p class=\"sc-ksZaOG ehjQrN text-element\">Fouilles inopin\u00e9es, reconnaissance faciale, intensifications des contr\u00f4les, d\u00e9tecteurs de m\u00e9taux, alarmes anti-intrusion, amendes forfaitaires d\u00e9lictuelles, sanction p\u00e9nale alternative aux poursuites judiciaires, modification du code de l\u2019\u00e9ducation \u00abafin qu\u2019un \u00e9l\u00e8ve passe syst\u00e9matiquement devant un conseil de discipline\u00bb \u2013 proposition de la ministre de l\u2019Education, Elisabeth Borne <\/p>\n","protected":false},"excerpt":{"rendered":"Le terrible drame du jeudi 24 avril survenu au lyc\u00e9e Notre-Dame-de-Toutes-Aides \u00e0 Nantes s\u2019inscrit dans une s\u00e9rie qui,&hellip;\n","protected":false},"author":2,"featured_media":65997,"comment_status":"","ping_status":"","sticky":false,"template":"","format":"standard","meta":{"footnotes":""},"categories":[2818],"tags":[1111,11,1777,674,1011,27,766,12,2636,25,2072],"class_list":{"0":"post-65996","1":"post","2":"type-post","3":"status-publish","4":"format-standard","5":"has-post-thumbnail","7":"category-nantes","8":"tag-actu","9":"tag-actualites","10":"tag-eu","11":"tag-europe","12":"tag-fr","13":"tag-france","14":"tag-nantes","15":"tag-news","16":"tag-pays-de-la-loire","17":"tag-republique-francaise","18":"tag-sante-mentale"},"share_on_mastodon":{"url":"https:\/\/pubeurope.com\/@fr\/114430575261450749","error":""},"_links":{"self":[{"href":"https:\/\/www.europesays.com\/fr\/wp-json\/wp\/v2\/posts\/65996","targetHints":{"allow":["GET"]}}],"collection":[{"href":"https:\/\/www.europesays.com\/fr\/wp-json\/wp\/v2\/posts"}],"about":[{"href":"https:\/\/www.europesays.com\/fr\/wp-json\/wp\/v2\/types\/post"}],"author":[{"embeddable":true,"href":"https:\/\/www.europesays.com\/fr\/wp-json\/wp\/v2\/users\/2"}],"replies":[{"embeddable":true,"href":"https:\/\/www.europesays.com\/fr\/wp-json\/wp\/v2\/comments?post=65996"}],"version-history":[{"count":0,"href":"https:\/\/www.europesays.com\/fr\/wp-json\/wp\/v2\/posts\/65996\/revisions"}],"wp:featuredmedia":[{"embeddable":true,"href":"https:\/\/www.europesays.com\/fr\/wp-json\/wp\/v2\/media\/65997"}],"wp:attachment":[{"href":"https:\/\/www.europesays.com\/fr\/wp-json\/wp\/v2\/media?parent=65996"}],"wp:term":[{"taxonomy":"category","embeddable":true,"href":"https:\/\/www.europesays.com\/fr\/wp-json\/wp\/v2\/categories?post=65996"},{"taxonomy":"post_tag","embeddable":true,"href":"https:\/\/www.europesays.com\/fr\/wp-json\/wp\/v2\/tags?post=65996"}],"curies":[{"name":"wp","href":"https:\/\/api.w.org\/{rel}","templated":true}]}}