{"id":659966,"date":"2026-01-13T05:36:11","date_gmt":"2026-01-13T05:36:11","guid":{"rendered":"https:\/\/www.europesays.com\/fr\/659966\/"},"modified":"2026-01-13T05:36:11","modified_gmt":"2026-01-13T05:36:11","slug":"au-royaume-uni-une-etude-fait-le-lien-entre-surexposition-aux-ecrans-et-faiblesse-du-vocabulaire-chez-les-tout-petits","status":"publish","type":"post","link":"https:\/\/www.europesays.com\/fr\/659966\/","title":{"rendered":"Au Royaume-Uni, une \u00e9tude fait le lien entre surexposition aux \u00e9crans et faiblesse du vocabulaire chez les tout-petits"},"content":{"rendered":"\n<p>\u201cLes \u00e9crans font d\u00e9sormais partie de la vie familiale\u201d, reconna\u00eet la ministre de l\u2019\u00c9ducation Bridget Phillipson, <a class=\"ithalc\" data-ithal=\"lien_externe\" data-ithalc=\"[nav_article]\" target=\"_blank\" href=\"https:\/\/www.theguardian.com\/society\/2026\/jan\/11\/excessive-screen-time-limits-vocabulary-of-toddlers-experts-warn\" rel=\"noopener\">cit\u00e9e par <strong>The Guardian<\/strong><\/a><strong>. <\/strong>Mais alors que 98\u00a0% des enfants de 2\u00a0ans sont d\u00e9j\u00e0 expos\u00e9s aux \u00e9crans chaque jour \u2013 pour cent vingt-sept\u00a0minutes en moyenne, d\u2019apr\u00e8s les chiffres du gouvernement <a class=\"ithalc\" data-ithal=\"lien_externe\" data-ithalc=\"[nav_article]\" target=\"_blank\" href=\"https:\/\/www.bbc.com\/news\/articles\/c041e9xn3leo\" rel=\"noopener\">relay\u00e9s par la <strong>BBC<\/strong><\/a><strong>,<\/strong> soit bien au-del\u00e0 des recommandations de l\u2019Organisation mondiale de la sant\u00e9, qui pr\u00e9conise de ne pas d\u00e9passer une heure entre 2 et 4\u00a0ans \u2013, \u201cla question que se posent les parents, ce n\u2019est pas de savoir s\u2019il faut utiliser les \u00e9crans, mais comment les utiliser\u201d, estime-t-elle.<\/p>\n<p>Une \u00e9tude command\u00e9e par le gouvernement, men\u00e9e entre 2022 et d\u00e9but 2024 par des chercheurs d\u2019Oxford, de Cambridge et d\u2019University College London dans le cadre du programme Children of the 2020s, a suivi pr\u00e8s de 5\u00a0000 enfants pour \u00e9valuer les effets des \u00e9crans sur leur d\u00e9veloppement \u00e0 9 mois, puis \u00e0 2\u00a0ans. Elle conclut que l\u2019exposition prolong\u00e9e aux \u00e9crans nuit au d\u00e9veloppement du langage. Les enfants les plus expos\u00e9s \u2013 environ cinq heures par jour \u2013 ne reconnaissent en moyenne que 53\u00a0% des 34 mots test\u00e9s, contre 65\u00a0% chez ceux qui se limitent \u00e0 quarante-quatre\u00a0minutes quotidiennes. <a class=\"ithalc\" data-ithal=\"lien_externe\" data-ithalc=\"[nav_article]\" target=\"_blank\" href=\"https:\/\/www.telegraph.co.uk\/news\/2026\/01\/12\/screen-time-damages-toddlers-speech-study-finds\/\" rel=\"noopener\"><strong>The Daily Telegraph,<\/strong><\/a> qui relaie \u00e9galement les r\u00e9sultats, d\u00e9taille\u00a0:<\/p>\n<blockquote><p>\u201cC\u2019est \u00e0 partir de quatre-vingt-six\u00a0minutes par jour que le lien entre longue exposition aux \u00e9crans et faiblesse du vocabulaire devient particuli\u00e8rement marqu\u00e9.\u201d<\/p><\/blockquote>\n<p>\u00c0 cela s\u2019ajoute \u00e9galement une autre inqui\u00e9tude\u00a0: le comportement. <a class=\"ithalc\" data-ithal=\"lien_externe\" data-ithalc=\"[nav_article]\" target=\"_blank\" href=\"https:\/\/www.thetimes.com\/uk\/technology-uk\/article\/toddlers-watch-screen-time-s0w7rsnzf\" rel=\"noopener\"><strong>The Times<\/strong> rapporte<\/a> que 39\u00a0% des enfants qui regardant des \u00e9crans cinq heures par jour pr\u00e9sentaient des signes de troubles \u00e9motionnels ou comportementaux potentiels, contre 17\u00a0% chez les moins expos\u00e9s. L\u2019usage des \u00e9crans \u00e0 cet \u00e2ge est si ancr\u00e9 qu\u2019il comprend aussi les jeux vid\u00e9o\u00a0: 19\u00a0% des enfants de 2\u00a0ans y jouent r\u00e9guli\u00e8rement.<\/p>\n<p>                    \u201cParler, jouer et lire avec les enfants\u201d       <\/p>\n<p>Si l\u2019\u00e9tude ne rel\u00e8ve pas de baisse g\u00e9n\u00e9rale du niveau de langage par rapport aux g\u00e9n\u00e9rations n\u00e9es entre 2017 et\u00a02020, elle met toutefois en \u00e9vidence l\u2019apparition de disparit\u00e9s fortes li\u00e9es aux pratiques num\u00e9riques. C\u2019est ce qui pousse le gouvernement \u00e0 agir.<\/p>\n<p>\u00c0 partir d\u2019avril, un groupe d\u2019experts, pilot\u00e9 par la commissaire \u00e0 l\u2019enfance Rachel de Souza et le conseiller scientifique du minist\u00e8re de l\u2019\u00c9ducation Russell Viner, proposera des recommandations concr\u00e8tes pour int\u00e9grer les \u00e9crans dans des activit\u00e9s partag\u00e9es, \u201cparler, jouer et lire avec les enfants\u201d, et \u201cdes options pour remplacer le temps pass\u00e9 devant les \u00e9crans\u201d. \u201cJe souhaite que les parents participent au processus, pas que les r\u00e9sultats leur soient impos\u00e9s\u201d, insiste Bridget Phillipson, qui pr\u00e9voit d\u2019organiser des consultations avec des parents.<\/p>\n<p>Les acteurs de la petite enfance accueillent favorablement cette initiative, tout en appelant \u00e0 une approche plus globale. \u201cTout guide sur la question doit s\u2019inscrire dans le cadre plus large d\u2019une information sur la culture num\u00e9rique et la s\u00e9curit\u00e9 en ligne\u201d, pr\u00e9vient Neil Leitch, directeur de l\u2019Early Years Alliance, une organisation de la petite enfance, cit\u00e9 par le Guardian. Felicity Gillespie, directrice de l\u2019association caritative Kindred Squared, pour qui il \u00e9tait \u201cplus que temps\u201d de voir cette question encadr\u00e9e.<\/p>\n<p>Pendant ce temps, le d\u00e9bat politique autour du num\u00e9rique chez les mineurs s\u2019intensifie. Selon le Telegraph, la cheffe du Parti conservateur, <a href=\"https:\/\/www.courrierinternational.com\/article\/royaume-uni-avec-kemi-badenoch-les-conservateurs-se-dotent-d-une-heritiere-de-thatcher_224160\" target=\"_blank\" rel=\"noopener\">Kemi Badenoch<\/a>, ainsi que le travailliste Andy Burnham proposent un encadrement plus strict, en interdisant l\u2019acc\u00e8s aux r\u00e9seaux sociaux avant 16\u00a0ans, <a href=\"https:\/\/www.courrierinternational.com\/article\/societe-des-millions-de-jeunes-australiens-chasses-des-reseaux-sociaux-mon-monde-va-retrecir_238305\" target=\"_blank\" rel=\"noopener\">\u00e0 l\u2019image de ce qu\u2019a entrepris l\u2019Australie<\/a>. Une piste que Londres n\u2019a pas encore retenue.<\/p>\n","protected":false},"excerpt":{"rendered":"\u201cLes \u00e9crans font d\u00e9sormais partie de la vie familiale\u201d, reconna\u00eet la ministre de l\u2019\u00c9ducation Bridget Phillipson, cit\u00e9e par&hellip;\n","protected":false},"author":2,"featured_media":659967,"comment_status":"","ping_status":"","sticky":false,"template":"","format":"standard","meta":{"footnotes":""},"categories":[1588],"tags":[11,1719,1777,674,12,473,1853,1857,531,11084,1851,1850,1852],"class_list":{"0":"post-659966","1":"post","2":"type-post","3":"status-publish","4":"format-standard","5":"has-post-thumbnail","7":"category-royaume-uni","8":"tag-actualites","9":"tag-enfants","10":"tag-eu","11":"tag-europe","12":"tag-news","13":"tag-royaume-uni","14":"tag-royaume-uni-de-grande-bretagne-et-dirlande-du-nord","15":"tag-sociu00e9tu00e9","16":"tag-u00e9crans","17":"tag-u00e9ducation","18":"tag-uk","19":"tag-united-kingdom","20":"tag-united-kingdom-of-great-britain-and-northern-ireland"},"share_on_mastodon":{"url":"https:\/\/pubeurope.com\/@fr\/115886173965675679","error":""},"_links":{"self":[{"href":"https:\/\/www.europesays.com\/fr\/wp-json\/wp\/v2\/posts\/659966","targetHints":{"allow":["GET"]}}],"collection":[{"href":"https:\/\/www.europesays.com\/fr\/wp-json\/wp\/v2\/posts"}],"about":[{"href":"https:\/\/www.europesays.com\/fr\/wp-json\/wp\/v2\/types\/post"}],"author":[{"embeddable":true,"href":"https:\/\/www.europesays.com\/fr\/wp-json\/wp\/v2\/users\/2"}],"replies":[{"embeddable":true,"href":"https:\/\/www.europesays.com\/fr\/wp-json\/wp\/v2\/comments?post=659966"}],"version-history":[{"count":0,"href":"https:\/\/www.europesays.com\/fr\/wp-json\/wp\/v2\/posts\/659966\/revisions"}],"wp:featuredmedia":[{"embeddable":true,"href":"https:\/\/www.europesays.com\/fr\/wp-json\/wp\/v2\/media\/659967"}],"wp:attachment":[{"href":"https:\/\/www.europesays.com\/fr\/wp-json\/wp\/v2\/media?parent=659966"}],"wp:term":[{"taxonomy":"category","embeddable":true,"href":"https:\/\/www.europesays.com\/fr\/wp-json\/wp\/v2\/categories?post=659966"},{"taxonomy":"post_tag","embeddable":true,"href":"https:\/\/www.europesays.com\/fr\/wp-json\/wp\/v2\/tags?post=659966"}],"curies":[{"name":"wp","href":"https:\/\/api.w.org\/{rel}","templated":true}]}}