{"id":659968,"date":"2026-01-13T05:37:12","date_gmt":"2026-01-13T05:37:12","guid":{"rendered":"https:\/\/www.europesays.com\/fr\/659968\/"},"modified":"2026-01-13T05:37:12","modified_gmt":"2026-01-13T05:37:12","slug":"pronos-paris-rmc-le-buteur-du-jour-du-13-janvier-bundesliga-allemagne","status":"publish","type":"post","link":"https:\/\/www.europesays.com\/fr\/659968\/","title":{"rendered":"PRONOS PARIS RMC Le buteur du jour du 13 janvier \u2013 Bundesliga \u2013 Allemagne"},"content":{"rendered":"<p><strong>Notre pronostic : Deniz Undav (Stuttgart) marque contre Francfort (2.15)<\/strong><\/p>\n<p>Auteur de neuf buts en \u00e0 peine douze journ\u00e9es de Bundesliga, Deniz Undav est en train de r\u00e9aliser une saison monstrueuse. L\u2019Allemand a pourtant \u00e9t\u00e9 \u00e9loign\u00e9 quelques temps des terrains \u00e0 cause d\u2019une blessure au genou mais a \u00e9t\u00e9 d\u2019une efficacit\u00e9 redoutable \u00e0 son retour. Avec une r\u00e9alisation et deux passes d\u00e9cisives lors de la victoire sur la pelouse du Bayer Leverkusen, l\u2019international allemand est en pleine forme et je pense qu\u2019il pourrait de nouveau s\u2019illustrer contre Francfort pour une cote de 2.15 !<\/p>\n<p><a href=\"https:\/\/www.winamax.fr\/paris-sportifs\/match\/61513902\" target=\"_blank\" class=\"external_link\" rel=\"noopener\">Pariez sur Stuttgart \u2013 Francfort ici !<\/a><\/p>\n<p><strong>Les autres options :<\/strong><\/p>\n<p>Maximilian Beier (Dortmund) marque contre le Werder (2.60)<\/p>\n<p>Nick Woltemade (Newcastle) marque contre Man. City (2.55)<\/p>\n<p>Cote totale des trois buteurs du jour : 14.25<\/p>\n","protected":false},"excerpt":{"rendered":"Notre pronostic : Deniz Undav (Stuttgart) marque contre Francfort (2.15) Auteur de neuf buts en \u00e0 peine douze&hellip;\n","protected":false},"author":2,"featured_media":659969,"comment_status":"","ping_status":"","sticky":false,"template":"","format":"standard","meta":{"footnotes":""},"categories":[1587],"tags":[11,672,1804,1805,1803,1777,674,1801,12,1802],"class_list":{"0":"post-659968","1":"post","2":"type-post","3":"status-publish","4":"format-standard","5":"has-post-thumbnail","7":"category-allemagne","8":"tag-actualites","9":"tag-allemagne","10":"tag-bundesrepublik-deutschland","11":"tag-de","12":"tag-deutschland","13":"tag-eu","14":"tag-europe","15":"tag-germany","16":"tag-news","17":"tag-republique-federale-dallemagne"},"share_on_mastodon":{"url":"https:\/\/pubeurope.com\/@fr\/115886179847018150","error":""},"_links":{"self":[{"href":"https:\/\/www.europesays.com\/fr\/wp-json\/wp\/v2\/posts\/659968","targetHints":{"allow":["GET"]}}],"collection":[{"href":"https:\/\/www.europesays.com\/fr\/wp-json\/wp\/v2\/posts"}],"about":[{"href":"https:\/\/www.europesays.com\/fr\/wp-json\/wp\/v2\/types\/post"}],"author":[{"embeddable":true,"href":"https:\/\/www.europesays.com\/fr\/wp-json\/wp\/v2\/users\/2"}],"replies":[{"embeddable":true,"href":"https:\/\/www.europesays.com\/fr\/wp-json\/wp\/v2\/comments?post=659968"}],"version-history":[{"count":0,"href":"https:\/\/www.europesays.com\/fr\/wp-json\/wp\/v2\/posts\/659968\/revisions"}],"wp:featuredmedia":[{"embeddable":true,"href":"https:\/\/www.europesays.com\/fr\/wp-json\/wp\/v2\/media\/659969"}],"wp:attachment":[{"href":"https:\/\/www.europesays.com\/fr\/wp-json\/wp\/v2\/media?parent=659968"}],"wp:term":[{"taxonomy":"category","embeddable":true,"href":"https:\/\/www.europesays.com\/fr\/wp-json\/wp\/v2\/categories?post=659968"},{"taxonomy":"post_tag","embeddable":true,"href":"https:\/\/www.europesays.com\/fr\/wp-json\/wp\/v2\/tags?post=659968"}],"curies":[{"name":"wp","href":"https:\/\/api.w.org\/{rel}","templated":true}]}}