{"id":659982,"date":"2026-01-13T05:50:27","date_gmt":"2026-01-13T05:50:27","guid":{"rendered":"https:\/\/www.europesays.com\/fr\/659982\/"},"modified":"2026-01-13T05:50:27","modified_gmt":"2026-01-13T05:50:27","slug":"patrick-eddy-sacre-champion-daustralie-sur-route-2026","status":"publish","type":"post","link":"https:\/\/www.europesays.com\/fr\/659982\/","title":{"rendered":"Patrick Eddy sacr\u00e9 champion d\u2019Australie sur route 2026"},"content":{"rendered":"<p>\t\t\t\t\t\tPubli\u00e9 le11 janvier 2026 11:5511 janvier 2026 11:56\n\t\t\t\t\t<\/p>\n<p>Patrick Eddy a remport\u00e9 le championnat d\u2019Australie sur route 2026 ce dimanche \u00e0 Perth. Le coureur du Team Brennan s\u2019est impos\u00e9 devant Lucas Plapp et Oscar Chamberlain, malgr\u00e9 le surnombre de la formation Jayco-AlUla dans le final.<\/p>\n<p>\ud83d\udd0d \u00c0 lire aussi : <a href=\"https:\/\/www.velo-club.net\/resultats\/criterium-championnat-australie-2026-plowright\/\" target=\"_blank\" rel=\"noopener\">R\u00e9sultats du crit\u00e9rium du Championnat d\u2019Australie 2026 \u2013 Plowright<\/a><\/p>\n<p>Patrick Eddy a devanc\u00e9 sur la ligne d\u2019arriv\u00e9e \u00e0 Perth, Lucas Plapp, incapable de le l\u00e2cher dans le dernier faux plat montant. 3\u00e8me, Oscar Chamberlain compl\u00e8te le podium pour Decathlon CMA CGM.<\/p>\n<p class=\"has-text-align-center\"><strong>Classement du championnat d\u2019Australie sur route 2026<\/strong><\/p>\n<p>Results powered by <a href=\"https:\/\/firstcycling.com\/race.php?r=1164&amp;y=2026\" title=\"FirstCycling.com\" target=\"_blank\" rel=\"noopener\">FirstCycling.com<\/a><\/p>\n<p>\ud83d\udd0e \u00c0 d\u00e9couvrir : <a href=\"https:\/\/www.velo-club.net\/resultats\/uae-emirates-xrg-troisieme-victoire-saison-australie-chrono-2026\/\" target=\"_blank\" rel=\"noopener\">UAE Emirates XRG : troisi\u00e8me victoire de la saison en Australie (chrono 2026)<\/a><\/p>\n<p><\/p>\n","protected":false},"excerpt":{"rendered":"Publi\u00e9 le11 janvier 2026 11:5511 janvier 2026 11:56 Patrick Eddy a remport\u00e9 le championnat d\u2019Australie sur route 2026&hellip;\n","protected":false},"author":2,"featured_media":659983,"comment_status":"","ping_status":"","sticky":false,"template":"","format":"standard","meta":{"footnotes":""},"categories":[1411],"tags":[270,1154,207,1011,27,60],"class_list":{"0":"post-659982","1":"post","2":"type-post","3":"status-publish","4":"format-standard","5":"has-post-thumbnail","7":"category-cyclisme","8":"tag-breaking","9":"tag-cycling","10":"tag-cyclisme","11":"tag-fr","12":"tag-france","13":"tag-sports"},"share_on_mastodon":{"url":"https:\/\/pubeurope.com\/@fr\/115886229080705665","error":""},"_links":{"self":[{"href":"https:\/\/www.europesays.com\/fr\/wp-json\/wp\/v2\/posts\/659982","targetHints":{"allow":["GET"]}}],"collection":[{"href":"https:\/\/www.europesays.com\/fr\/wp-json\/wp\/v2\/posts"}],"about":[{"href":"https:\/\/www.europesays.com\/fr\/wp-json\/wp\/v2\/types\/post"}],"author":[{"embeddable":true,"href":"https:\/\/www.europesays.com\/fr\/wp-json\/wp\/v2\/users\/2"}],"replies":[{"embeddable":true,"href":"https:\/\/www.europesays.com\/fr\/wp-json\/wp\/v2\/comments?post=659982"}],"version-history":[{"count":0,"href":"https:\/\/www.europesays.com\/fr\/wp-json\/wp\/v2\/posts\/659982\/revisions"}],"wp:featuredmedia":[{"embeddable":true,"href":"https:\/\/www.europesays.com\/fr\/wp-json\/wp\/v2\/media\/659983"}],"wp:attachment":[{"href":"https:\/\/www.europesays.com\/fr\/wp-json\/wp\/v2\/media?parent=659982"}],"wp:term":[{"taxonomy":"category","embeddable":true,"href":"https:\/\/www.europesays.com\/fr\/wp-json\/wp\/v2\/categories?post=659982"},{"taxonomy":"post_tag","embeddable":true,"href":"https:\/\/www.europesays.com\/fr\/wp-json\/wp\/v2\/tags?post=659982"}],"curies":[{"name":"wp","href":"https:\/\/api.w.org\/{rel}","templated":true}]}}