{"id":659984,"date":"2026-01-13T05:51:11","date_gmt":"2026-01-13T05:51:11","guid":{"rendered":"https:\/\/www.europesays.com\/fr\/659984\/"},"modified":"2026-01-13T05:51:11","modified_gmt":"2026-01-13T05:51:11","slug":"vinicius-junior-les-excuses-officielles","status":"publish","type":"post","link":"https:\/\/www.europesays.com\/fr\/659984\/","title":{"rendered":"Vinicius Junior, les excuses officielles"},"content":{"rendered":"<p><strong>Suite \u00e0 sa provocation face \u00e0<br \/>\nVinicius Junior jeudi dernier lors de la demi-finale de Supercoupe<br \/>\nd&rsquo;Espagne, Diego Simeone s&rsquo;est excus\u00e9 ce lundi.<\/strong><\/p>\n<p>Il y a eu de la tension et de la provocation jeudi dernier lors<br \/>\nde la demi-finale de Supercoupe d\u2019Espagne remport\u00e9e par le Real<br \/>\nMadrid face \u00e0 son voisin de l\u2019Atl\u00e9tico (<a href=\"https:\/\/www.sports.fr\/football\/espagne\/supercoupe-le-real-rejoint-le-barca-en-finale-980362.html\" target=\"_blank\" rel=\"noopener\">1-2<\/a>).<br \/>\nEntra\u00eeneur des Colchoneros, Diego Simeone s\u2019est illustr\u00e9 <a href=\"https:\/\/www.sports.fr\/football\/mercato\/vinicius-junior-vente-acceptee-par-le-real-madrid-980864.html\" target=\"_blank\" rel=\"noopener\"><br \/>\nen allant piquer Vinicius Junior au vif<\/a>. Alors que ce dernier<br \/>\n\u00e9tait remplac\u00e9 (81e), le tacticien a dit au Br\u00e9silien :<br \/>\n\u00ab\u00a0Florentino (Perez) va te virer.\u00a0\u00bb Et<br \/>\nde lui demander d\u2019\u00e9couter les sifflets du public. Quatre jours plus<br \/>\ntard, Diego Simeone a fait amende honorable.<\/p>\n<p>Ce lundi, l\u2019entra\u00eeneur de l\u2019Atl\u00e9tico \u00e9tait en conf\u00e9rence de<br \/>\npresse pour parler du huiti\u00e8me de finale de Coupe du Roi que son<br \/>\n\u00e9quipe disputera mardi sur le terrain de La Corogne (21h). Il n\u2019a<br \/>\npas \u00e9chapp\u00e9 \u00e0 une question sur son comportement face \u00e0 Vinicius.<br \/>\nL\u2019occasion pour lui d\u2019apporter une r\u00e9ponse claire. Et des<br \/>\nexcuses.<\/p>\n<blockquote class=\"twitter-tweet\"><p><a class=\"twitter-link\" rel=\"noindex, nofollow noopener\" href=\"https:\/\/twitter.com\/sports_fr\/status\/2010690439267930157\" target=\"_blank\"><\/p><\/blockquote>\n<p>\u00ab\u00a0Je tiens tout d\u2019abord \u00e0 pr\u00e9senter mes excuses \u00e0<br \/>\nFlorentino et Vinicius pour ce qui s\u2019est pass\u00e9. Je n\u2019aurais pas d\u00fb<br \/>\nme mettre dans une telle situation et je reconnais \u00e9videmment mon<br \/>\nerreur. L\u2019\u00e9quipe qui gagne est celle qui m\u00e9rite de se qualifier,<br \/>\npoint final.\u00a0\u00bb Et de glisser un petit mot sur le<br \/>\nvainqueur de la Supercoupe. \u00ab\u00a0Barcelone est une tr\u00e8s bonne<br \/>\n\u00e9quipe et m\u00e9ritait de gagner.\u00a0\u00bb<\/p>\n<p>Simeone tourne la page Vinicius<\/p>\n<p>Relanc\u00e9 sur les propos de Xabi Alonso qui l\u2019avait accus\u00e9 d\u2019\u00eatre<br \/>\nmauvais perdant, Diego Simeone n\u2019a pas souhait\u00e9 relancer la<br \/>\npol\u00e9mique. \u00ab\u00a0Je n\u2019ai rien \u00e0 ajouter\u00a0\u00bb, a-t-il<br \/>\nsimplement lanc\u00e9 au journaliste qui l\u2019interrogeait.<\/p>\n<p>Le coach argentin est d\u00e9sormais enti\u00e8rement focalis\u00e9 sur La<br \/>\nCorogne, dont il attend une rude opposition. \u00ab\u00a0Ce qui nous<br \/>\nimporte, c\u2019est ce que nous voyons sur le terrain : une \u00e9quipe<br \/>\ncourageuse qui joue bien malgr\u00e9 les r\u00e9sultats des derniers matchs.<br \/>\nIls ont \u00e9limin\u00e9 Majorque, une \u00e9quipe qui ne se laisse jamais<br \/>\nfaire.\u00a0\u00bb Antoine Griezmann et ses co\u00e9quipiers sont<br \/>\npr\u00e9venus.<\/p>\n<p><script async src=\"https:\/\/platform.twitter.com\/widgets.js\" charset=\"utf-8\"><\/script><\/p>\n","protected":false},"excerpt":{"rendered":"Suite \u00e0 sa provocation face \u00e0 Vinicius Junior jeudi dernier lors de la demi-finale de Supercoupe d&rsquo;Espagne, Diego&hellip;\n","protected":false},"author":2,"featured_media":659985,"comment_status":"","ping_status":"","sticky":false,"template":"","format":"standard","meta":{"footnotes":""},"categories":[1410],"tags":[63,1011,27,60],"class_list":{"0":"post-659984","1":"post","2":"type-post","3":"status-publish","4":"format-standard","5":"has-post-thumbnail","7":"category-football","8":"tag-football","9":"tag-fr","10":"tag-france","11":"tag-sports"},"share_on_mastodon":{"url":"https:\/\/pubeurope.com\/@fr\/115886232941420009","error":""},"_links":{"self":[{"href":"https:\/\/www.europesays.com\/fr\/wp-json\/wp\/v2\/posts\/659984","targetHints":{"allow":["GET"]}}],"collection":[{"href":"https:\/\/www.europesays.com\/fr\/wp-json\/wp\/v2\/posts"}],"about":[{"href":"https:\/\/www.europesays.com\/fr\/wp-json\/wp\/v2\/types\/post"}],"author":[{"embeddable":true,"href":"https:\/\/www.europesays.com\/fr\/wp-json\/wp\/v2\/users\/2"}],"replies":[{"embeddable":true,"href":"https:\/\/www.europesays.com\/fr\/wp-json\/wp\/v2\/comments?post=659984"}],"version-history":[{"count":0,"href":"https:\/\/www.europesays.com\/fr\/wp-json\/wp\/v2\/posts\/659984\/revisions"}],"wp:featuredmedia":[{"embeddable":true,"href":"https:\/\/www.europesays.com\/fr\/wp-json\/wp\/v2\/media\/659985"}],"wp:attachment":[{"href":"https:\/\/www.europesays.com\/fr\/wp-json\/wp\/v2\/media?parent=659984"}],"wp:term":[{"taxonomy":"category","embeddable":true,"href":"https:\/\/www.europesays.com\/fr\/wp-json\/wp\/v2\/categories?post=659984"},{"taxonomy":"post_tag","embeddable":true,"href":"https:\/\/www.europesays.com\/fr\/wp-json\/wp\/v2\/tags?post=659984"}],"curies":[{"name":"wp","href":"https:\/\/api.w.org\/{rel}","templated":true}]}}