{"id":659992,"date":"2026-01-13T05:56:24","date_gmt":"2026-01-13T05:56:24","guid":{"rendered":"https:\/\/www.europesays.com\/fr\/659992\/"},"modified":"2026-01-13T05:56:24","modified_gmt":"2026-01-13T05:56:24","slug":"la-culture-allemande-en-chansons-quand-zaho-de-sagazan-reprend-99-luftballons-un-tube-planetaire-engage-de-nena","status":"publish","type":"post","link":"https:\/\/www.europesays.com\/fr\/659992\/","title":{"rendered":"La culture allemande en chansons. Quand Zaho de Sagazan reprend \u00ab\u00a099 Luftballons\u00a0\u00bb, un tube plan\u00e9taire engag\u00e9 de Nena"},"content":{"rendered":"<p>99 Luftballons, c\u2019est LE tube qui n\u2019en finit pas de faire danser depuis les ann\u00e9es 80. Sortie en 1983 en Allemagne de l\u2019Ouest, 99 Luftballons est une chanson du groupe Nena men\u00e9e par la chanteuse au surnom \u00e9ponyme, Gabriele Susanne Kerner.<\/p>\n<p>  Des ballons l\u00e2ch\u00e9s \u00e0 la fin d&rsquo;un concert des Rolling Stones<\/p>\n<p>L\u2019id\u00e9e de 99 Luftballons est venue au guitariste du groupe, qui en a \u00e9crit les paroles, apr\u00e8s avoir assist\u00e9 \u00e0 un concert des Rolling Stones \u00e0 Berlin-Ouest, en juin 1982\u00a0: \u00e0 la fin de la performance, des ballons sont l\u00e2ch\u00e9s au-dessus de la foule et, alors qu\u2019ils s\u2019envolent vers Berlin-Est, le musicien se demande ce qu\u2019il adviendrait si les autorit\u00e9s est-allemandes les prenaient pour des missiles ennemis\u2026On est alors en pleine guerre froide. Critique acerbe des deux blocs, condamnant les peuples \u00e0 la menace constante d\u2019un nouveau conflit destructeur, Nena livre un chant engag\u00e9 pour la paix qui devient bient\u00f4t un tube plan\u00e9taire.<\/p>\n<p>La chanteuse fran\u00e7aise Zaho de Sagazan reprend ce tube en y m\u00ealant du fran\u00e7ais.<\/p>\n<p>\u00ab\u00a0Hast Du etwas Zeit f\u00fcr mich <br \/>Dann singe ich ein Lied f\u00fcr Dich <br \/>Von 99 Luftballons <br \/>Auf ihrem Weg zum Horizont <br \/>Denkst Du vielleicht grad&rsquo; an mich<\/p>\n<p>Dann singe ich ein Lied f\u00fcr Dich <br \/>Von 99 Luftballons <br \/>Und dass sowas von sowas kommt <\/p>\n<p>99 Luftballons <br \/>Auf ihrem Weg zum Horizont <br \/>Hielt man fuer UFOs aus dem All <br \/>Darum schickte ein General <br \/>&lsquo;ne Fliegerstaffel hinterher <br \/>Alarm zu geben, wenn&rsquo;s so waer <br \/>Dabei war&rsquo;n da am Horizont <br \/>Nur 99 Luftballons<\/p>\n<p class=\"insetTitle\">\u00ab La culture allemande en chansons \u00bb<\/p>\n<p>\u00a0\u00ab La culture allemande en chansons \u00bb, c&rsquo;est la s\u00e9rie hebdomadaire du magazine bilingue allemand-fran\u00e7ais Rheinblick pour d\u00e9couvrir un vaste panorama musical de toutes \u00e9poques : des chansons en allemand interpr\u00e9t\u00e9es par des Fran\u00e7ais, des morceaux aux paroles bilingues, les tubes allemands incontournables d\u2019une \u00e9ducation musicale subjective, des m\u00e9lodies chahut\u00e9es en alsacien\u2026<\/p>\n<p class=\"insetSignature\">A.V.<\/p>\n","protected":false},"excerpt":{"rendered":"99 Luftballons, c\u2019est LE tube qui n\u2019en finit pas de faire danser depuis les ann\u00e9es 80. Sortie en&hellip;\n","protected":false},"author":2,"featured_media":659993,"comment_status":"","ping_status":"","sticky":false,"template":"","format":"standard","meta":{"footnotes":""},"categories":[1355],"tags":[672,1687,58,59,107,1011,27,1361,873,1806],"class_list":{"0":"post-659992","1":"post","2":"type-post","3":"status-publish","4":"format-standard","5":"has-post-thumbnail","7":"category-musique","8":"tag-allemagne","9":"tag-culture-loisirs","10":"tag-divertissement","11":"tag-entertainment","12":"tag-fil-info","13":"tag-fr","14":"tag-france","15":"tag-music","16":"tag-musique","17":"tag-rheinblick"},"share_on_mastodon":{"url":"https:\/\/pubeurope.com\/@fr\/115886252524871958","error":""},"_links":{"self":[{"href":"https:\/\/www.europesays.com\/fr\/wp-json\/wp\/v2\/posts\/659992","targetHints":{"allow":["GET"]}}],"collection":[{"href":"https:\/\/www.europesays.com\/fr\/wp-json\/wp\/v2\/posts"}],"about":[{"href":"https:\/\/www.europesays.com\/fr\/wp-json\/wp\/v2\/types\/post"}],"author":[{"embeddable":true,"href":"https:\/\/www.europesays.com\/fr\/wp-json\/wp\/v2\/users\/2"}],"replies":[{"embeddable":true,"href":"https:\/\/www.europesays.com\/fr\/wp-json\/wp\/v2\/comments?post=659992"}],"version-history":[{"count":0,"href":"https:\/\/www.europesays.com\/fr\/wp-json\/wp\/v2\/posts\/659992\/revisions"}],"wp:featuredmedia":[{"embeddable":true,"href":"https:\/\/www.europesays.com\/fr\/wp-json\/wp\/v2\/media\/659993"}],"wp:attachment":[{"href":"https:\/\/www.europesays.com\/fr\/wp-json\/wp\/v2\/media?parent=659992"}],"wp:term":[{"taxonomy":"category","embeddable":true,"href":"https:\/\/www.europesays.com\/fr\/wp-json\/wp\/v2\/categories?post=659992"},{"taxonomy":"post_tag","embeddable":true,"href":"https:\/\/www.europesays.com\/fr\/wp-json\/wp\/v2\/tags?post=659992"}],"curies":[{"name":"wp","href":"https:\/\/api.w.org\/{rel}","templated":true}]}}