{"id":66000,"date":"2025-05-01T04:00:26","date_gmt":"2025-05-01T04:00:26","guid":{"rendered":"https:\/\/www.europesays.com\/fr\/66000\/"},"modified":"2025-05-01T04:00:26","modified_gmt":"2025-05-01T04:00:26","slug":"une-fouille-archeologique-incroyable-en-plein-centre-ville-avec-50-sarcophages-decouverts-2","status":"publish","type":"post","link":"https:\/\/www.europesays.com\/fr\/66000\/","title":{"rendered":"Une \u00ab\u00a0fouille arch\u00e9ologique incroyable\u00a0\u00bb en plein centre-ville avec 50 sarcophages d\u00e9couverts"},"content":{"rendered":"<p>C\u2019est l\u2019installation d\u2019une borne escamotable dans la rue Jacques-d\u2019Welles \u00e0 <a href=\"https:\/\/www.20minutes.fr\/bordeaux\/\" class=\"color-ultramarine c-link\" rel=\"nofollow noopener\" target=\"_blank\">Bordeaux<\/a>, en\u00a02016, qui avait permis <a href=\"https:\/\/www.20minutes.fr\/bordeaux\/1933403-20160929-video-bordeaux-decouverte-exceptionnelle-sarcophages-merovingiens\" class=\"color-ultramarine c-link\" rel=\"nofollow noopener\" target=\"_blank\">la d\u00e9couverte des tout premiers sarcophages<\/a> de l\u2019\u00e9poque m\u00e9rovingienne (VIe-VIIIe si\u00e8cles) dans le quartier. Ce sont aujourd\u2019hui des travaux de <a href=\"https:\/\/www.20minutes.fr\/bordeaux\/2885895-20201015-bordeaux-vegetaliser-va-falloir-passer-beaucoup-temps-defaire-avant-planter-annonce-nouvelle-majorite-municipale\" class=\"color-ultramarine c-link\" rel=\"nofollow noopener\" target=\"_blank\">v\u00e9g\u00e9talisation<\/a> de la place Renaudel et autour de l\u2019\u00e9glise Sainte-Croix, qui viennent confirmer la pr\u00e9sence \u00e0 cet endroit d\u2019une importante n\u00e9cropole de cette p\u00e9riode.<\/p>\n<p class=\"mb-m@xs text-l@xs\">En cliquant sur\u00ab J\u2019accepte \u00bb, vous acceptez le d\u00e9p\u00f4t de cookies par des services externes et aurez ainsi acc\u00e8s aux contenus de nos partenaires.<\/p>\n<p class=\"mb-xl@xs text-s@xs\">Plus d\u2019informations sur la page<a href=\"https:\/\/www.20minutes.fr\/gestion-cookies\" class=\"mx-xxs@xs color-ultramarine\" rel=\"nofollow noopener\" target=\"_blank\">Politique de gestion des cookies<\/a><\/p>\n<p>J\u2019accepte<\/p>\n<p>Depuis le mois de janvier dernier, et le d\u00e9but des <a href=\"https:\/\/www.20minutes.fr\/societe\/4115993-20241016-bassin-arcachon-nouvelles-fouilles-archeologiques-pied-dune-pilat-avant-ravages-erosion\" class=\"color-ultramarine c-link\" rel=\"nofollow noopener\" target=\"_blank\">fouilles arch\u00e9ologiques<\/a> pr\u00e9ventives qui ont d\u00e9marr\u00e9 en amont de ces travaux, \u00ab\u00a0nous avons mis au jour une centaine de tombes, dont une cinquantaine de sarcophages, mais aussi des s\u00e9pultures en coffrage et des traces d\u2019inhumation en pleine terre ou en cercueils\u00a0\u00bb, \u00e9num\u00e8re Camille Vanhove, arch\u00e9ologue responsable des fouilles pour Bordeaux M\u00e9tropole.<\/p>\n<p>\u00ab\u00a0Entre un et cinq individus \u00e0 l\u2019int\u00e9rieur des sarcophages\u00a0\u00bb<\/p>\n<p>Seuls les sarcophages, avec leur forme si particuli\u00e8re en trap\u00e8ze, remonteraient \u00e0 l\u2019\u00e9poque m\u00e9rovingienne, les autres traces d\u2019inhumation remontant au bas <a href=\"https:\/\/www.20minutes.fr\/dossier\/moyen_age\" class=\"color-ultramarine c-link\" rel=\"nofollow noopener\" target=\"_blank\">Moyen-\u00c2ge<\/a> ou \u00e0 l\u2019\u00e9poque moderne. A l\u2019int\u00e9rieur de ces \u00e9difices fun\u00e9raires en pierre, se trouvaient \u00ab\u00a0entre un et cinq individus\u00a0\u00bb, d\u00e9taille Camille Vanhove, \u00ab\u00a0car ces sarcophages restaient apparents au sein de la n\u00e9cropole, pour \u00eatre r\u00e9utilis\u00e9s, au moins jusqu\u2019au XIIIe ou XIVe\u00a0si\u00e8cle\u00a0\u00bb.<\/p>\n<p><img decoding=\"async\" alt=\"Une cinquantaine de sarcophages m\u00e9rovingiens ont \u00e9t\u00e9 d\u00e9couverts face \u00e0 l'\u00e9glise Sainte-Croix.\" class=\"c-img\" loading=\"lazy\" fetchpriority=\"auto\" width=\"718\"  src=\"https:\/\/www.europesays.com\/fr\/wp-content\/uploads\/2025\/05\/718x0.jpeg; charset=utf-8\" \/>Une cinquantaine de sarcophages m\u00e9rovingiens ont \u00e9t\u00e9 d\u00e9couverts face \u00e0 l&rsquo;\u00e9glise Sainte-Croix.\u2002-\u00a0Micka\u00ebl Bosredon\/20 Minutes<\/p>\n<p>Ces d\u00e9couvertes vont ind\u00e9niablement beaucoup apporter dans la connaissance historique de ce site, o\u00f9 l\u2019on sait d\u00e9j\u00e0 que d\u00e8s le d\u00e9but du Moyen-\u00c2ge, s\u2019est \u00e9tablie une communaut\u00e9 monastique, avec un premier \u00e9difice religieux et une n\u00e9cropole, \u00ab\u00a0plus importante que ce que l\u2019on pensait\u00a0\u00bb. Un monast\u00e8re b\u00e9n\u00e9dictin se serait ensuite \u00e9tabli vers la fin du Xe\u00a0si\u00e8cle, et \u00e0 la fin du XIIe, l\u2019abbaye se trouvait \u00e0 la t\u00eate d\u2019un important domaine. Le quartier, rest\u00e9 jusque-l\u00e0 en dehors de la cit\u00e9, a alors \u00e9t\u00e9 englob\u00e9 dans la troisi\u00e8me enceinte de la ville.<\/p>\n<p><img decoding=\"async\" alt=\"Les fouilles sont men\u00e9es sur une surface de 2.700 m2 dans le quartier Sainte-Croix. Bordeaux M\u00e9tropole.\" class=\"c-img\" loading=\"lazy\" fetchpriority=\"auto\" width=\"718\"  src=\"https:\/\/www.europesays.com\/fr\/wp-content\/uploads\/2025\/05\/1746072025_486_718x0.jpeg; charset=utf-8\" \/>Les fouilles sont men\u00e9es sur une surface de 2.700 m2 dans le quartier Sainte-Croix. Bordeaux M\u00e9tropole.\u2002-\u00a0Bordeaux M\u00e9tropoleD\u2019autres d\u00e9couvertes majeures attendues<\/p>\n<p>Sur le c\u00f4t\u00e9 de l\u2019actuelle \u00e9glise Sainte-Croix, au niveau du \u00ab\u00a0triangle Tauziat\u00a0\u00bb, des vestiges de l\u2019ancien clo\u00eetre de l\u2019abbaye commencent aussi \u00e0 \u00eatre mis au jour, ce qui fascine Camille Vanhove. \u00ab\u00a0C\u2019est le fait incroyable de cette fouille, souligne-t-elle, car les murs sont extr\u00eamement bien conserv\u00e9s, sur une belle hauteur, alors qu\u2019ils se situaient juste sous la chauss\u00e9e. On ne pensait pas les trouver dans un si bon \u00e9tat.\u00a0\u00bb<\/p>\n<p>Des sols qui remonteraient au XIVe\u00a0si\u00e8cle, avec des carreaux d\u00e9coratifs \u00e0 base de fleurs de lys, de lions, de poules, ont \u00e9galement \u00e9t\u00e9 d\u00e9couverts. \u00ab\u00a0Certains carreaux sont noircis, montre au passage l\u2019arch\u00e9ologue, ce qui nous fait soup\u00e7onner un incendie.\u00a0\u00bb<\/p>\n<p>Il s\u2019agit d\u2019un \u00ab\u00a0chantier XXL, puisque c\u2019est la premi\u00e8re fois que l\u2019on fouille 2.700 m2 de vestiges arch\u00e9ologiques en plein Bordeaux historique\u00a0\u00bb, se r\u00e9jouit Laurent Guyard, chef du service arch\u00e9ologie de Bordeaux M\u00e9tropole. Et ce n\u2019est pas termin\u00e9. Le chantier de fouilles qui doit se poursuivre jusqu\u2019\u00e0 fin\u00a02026 promet en effet d\u2019autres d\u00e9couvertes majeures. \u00ab\u00a0Nous allons pouvoir fouiller la quasi-int\u00e9gralit\u00e9 du clo\u00eetre de l\u2019abbaye Sainte-Croix, ce qui est exceptionnel car cela va nous permettre de d\u00e9couvrir des vestiges tr\u00e8s importants\u00a0\u00bb de l\u2019abbaye du Moyen-\u00c2ge, poursuit Laurent Guyard. L\u2019objectif est d\u2019en savoir davantage sur les techniques de construction ou le mode de vie de ces moines, et de reconstituer le plan de l\u2019abbaye.<\/p>\n<p>L\u2019hypoth\u00e8se d\u2019une \u00ab\u00a0villa assez cossue\u00a0\u00bb en profondeur<\/p>\n<p>Ce qui est particuli\u00e8rement surprenant dans ce chantier, c\u2019est que l\u2019\u00e9quipe d\u2019une quinzaine d\u2019arch\u00e9ologues ne travaille qu\u2019\u00e0 1,10 m\u00e8tre de profondeur. Ce chantier se d\u00e9roulant dans le cadre de fouilles pr\u00e9ventives, il doit en effet s\u2019en tenir au p\u00e9rim\u00e8tre et \u00e0 la profondeur pr\u00e9vus par les travaux men\u00e9s par Bordeaux M\u00e9tropole. Au grand dam des scientifiques car, \u00ab\u00a0m\u00eame si nous sommes loin de la ville romaine, c\u2019est un lieu o\u00f9 devait \u00e9galement se tenir \u00e0 l\u2019\u00e9poque antique un site important, puisque nous avons d\u00e9couvert des hypocaustes [salles thermales] sous le Th\u00e9\u00e2tre national Bordeaux Aquitaine, ce qui laisse supposer la pr\u00e9sence d\u2019une villa assez cossue\u00a0\u00bb, poursuit Laurent Guyard. Des traces de ce pass\u00e9 antique existent certainement plus en profondeur, et seront peut-\u00eatre mises au jour ult\u00e9rieurement, si d\u2019autres travaux sont men\u00e9s \u00e0 cet endroit.<\/p>\n<\/p>\n<p>Mais les scientifiques ont d\u00e9j\u00e0 de quoi faire, car les vestiges moyen\u00e2geux apparaissent quasiment juste sous la chauss\u00e9e. Ceci s\u2019explique par le fait que \u00ab\u00a0le terrain a \u00e9t\u00e9 aras\u00e9 au XIXe\u00a0si\u00e8cle\u00a0\u00bb, explique Lo\u00efc Daverat, ing\u00e9nieur d\u2019\u00e9tudes au service r\u00e9gional d\u2019arch\u00e9ologie de la Drac. Si cela repr\u00e9sente d\u2019un c\u00f4t\u00e9 une aubaine, cela veut aussi dire qu\u2019au passage, \u00ab\u00a0des traces ont disparu\u00a0\u00bb. \u00ab\u00a0On a sans doute perdu un m\u00e8tre de vestiges arch\u00e9ologiques\u00a0\u00bb, estime l\u2019ing\u00e9nieur.<\/p>\n<p>Des vestiges endommag\u00e9s par l\u2019installation de r\u00e9seaux<\/p>\n<p>D\u2019autres vestiges ont, eux, \u00e9t\u00e9 endommag\u00e9s plus r\u00e9cemment. \u00ab\u00a0Beaucoup de sarcophages ont \u00e9t\u00e9 \u00ab\u00a0perturb\u00e9s\u00a0\u00bb par l\u2019installation il y a dix ou vingt ans de r\u00e9seaux, comme la haute tension, la fibre, le gaz\u00a0\u00bb, pointe Camille Vanhove. Leur pr\u00e9sence n\u2019avait alors pas \u00e9t\u00e9 signal\u00e9e. \u00ab\u00a0Malheureusement, c\u2019\u00e9tait assez commun il y a encore quelques ann\u00e9es, m\u00eame si la destruction de vestiges est sanctionn\u00e9e au niveau p\u00e9nal, rel\u00e8ve Lo\u00efc Daverat. Heureusement, cela se fait moins maintenant.\u00a0\u00bb<\/p>\n<p><img decoding=\"async\" alt=\"Si l'installation de r\u00e9seaux a \u00e9pargn\u00e9 les murs du clo\u00eetre, elle a en revanche endommag\u00e9 des vestiges comme des sarcophages.\" class=\"c-img\" loading=\"lazy\" fetchpriority=\"auto\" width=\"718\"  src=\"https:\/\/www.europesays.com\/fr\/wp-content\/uploads\/2025\/05\/1746072026_676_718x0.jpeg; charset=utf-8\" \/>Si l&rsquo;installation de r\u00e9seaux a \u00e9pargn\u00e9 les murs du clo\u00eetre, elle a en revanche endommag\u00e9 des vestiges comme des sarcophages.\u2002-\u00a0Micka\u00ebl Bosredon\/20 Minutes<a href=\"https:\/\/www.20minutes.fr\/dossier\/archeologie\" class=\"c-link c-btn c-btn--primary\" rel=\"nofollow noopener\" target=\"_blank\">Notre dossier sur l&rsquo;arch\u00e9ologie<\/a><\/p>\n<p>Pour \u00e9viter de nouvelles d\u00e9convenues, les vestiges qui ne seront pas pr\u00e9lev\u00e9s seront prot\u00e9g\u00e9s puis recouverts au fur et \u00e0 mesure de l\u2019avanc\u00e9e des fouilles. Ce qui permettra par ailleurs aux travaux de v\u00e9g\u00e9talisation d\u2019avancer progressivement, sans avoir \u00e0 attendre que les arch\u00e9ologues aient achev\u00e9 leur travail.<\/p>\n","protected":false},"excerpt":{"rendered":"C\u2019est l\u2019installation d\u2019une borne escamotable dans la rue Jacques-d\u2019Welles \u00e0 Bordeaux, en\u00a02016, qui avait permis la d\u00e9couverte des&hellip;\n","protected":false},"author":2,"featured_media":66001,"comment_status":"","ping_status":"","sticky":false,"template":"","format":"standard","meta":{"footnotes":""},"categories":[2817],"tags":[1111,47,11,3177,730,1997,1777,674,1011,27,2905,937,12759,12,2219,25,104,2086,1352],"class_list":{"0":"post-66000","1":"post","2":"type-post","3":"status-publish","4":"format-standard","5":"has-post-thumbnail","7":"category-bordeaux","8":"tag-actu","9":"tag-actualite","10":"tag-actualites","11":"tag-aquitaine","12":"tag-archeologie","13":"tag-bordeaux","14":"tag-eu","15":"tag-europe","16":"tag-fr","17":"tag-france","18":"tag-gironde","19":"tag-histoire","20":"tag-moyen-age","21":"tag-news","22":"tag-nouvelle-aquitaine","23":"tag-republique-francaise","24":"tag-societe","25":"tag-travaux","26":"tag-urbanisme"},"share_on_mastodon":{"url":"https:\/\/pubeurope.com\/@fr\/114430582799962739","error":""},"_links":{"self":[{"href":"https:\/\/www.europesays.com\/fr\/wp-json\/wp\/v2\/posts\/66000","targetHints":{"allow":["GET"]}}],"collection":[{"href":"https:\/\/www.europesays.com\/fr\/wp-json\/wp\/v2\/posts"}],"about":[{"href":"https:\/\/www.europesays.com\/fr\/wp-json\/wp\/v2\/types\/post"}],"author":[{"embeddable":true,"href":"https:\/\/www.europesays.com\/fr\/wp-json\/wp\/v2\/users\/2"}],"replies":[{"embeddable":true,"href":"https:\/\/www.europesays.com\/fr\/wp-json\/wp\/v2\/comments?post=66000"}],"version-history":[{"count":0,"href":"https:\/\/www.europesays.com\/fr\/wp-json\/wp\/v2\/posts\/66000\/revisions"}],"wp:featuredmedia":[{"embeddable":true,"href":"https:\/\/www.europesays.com\/fr\/wp-json\/wp\/v2\/media\/66001"}],"wp:attachment":[{"href":"https:\/\/www.europesays.com\/fr\/wp-json\/wp\/v2\/media?parent=66000"}],"wp:term":[{"taxonomy":"category","embeddable":true,"href":"https:\/\/www.europesays.com\/fr\/wp-json\/wp\/v2\/categories?post=66000"},{"taxonomy":"post_tag","embeddable":true,"href":"https:\/\/www.europesays.com\/fr\/wp-json\/wp\/v2\/tags?post=66000"}],"curies":[{"name":"wp","href":"https:\/\/api.w.org\/{rel}","templated":true}]}}