{"id":660002,"date":"2026-01-13T06:04:20","date_gmt":"2026-01-13T06:04:20","guid":{"rendered":"https:\/\/www.europesays.com\/fr\/660002\/"},"modified":"2026-01-13T06:04:20","modified_gmt":"2026-01-13T06:04:20","slug":"quelle-autonomie-pour-la-compacte-electrique-a-petit-prix","status":"publish","type":"post","link":"https:\/\/www.europesays.com\/fr\/660002\/","title":{"rendered":"quelle autonomie pour la compacte \u00e9lectrique \u00e0 petit prix ?"},"content":{"rendered":"<p><a data-src=\"https:\/\/cdn.automobile-propre.com\/uploads\/2026\/01\/LeapmotorB05.jpg\" data-width=\"1500\" class=\"gallery-image flex flex-col gap-1\"><img alt=\"\" loading=\"lazy\" width=\"1500\" height=\"844\" decoding=\"async\" data-nimg=\"1\" class=\"w-full max-w-full rounded-xl\" style=\"color:transparent\"  src=\"https:\/\/www.europesays.com\/fr\/wp-content\/uploads\/2026\/01\/LeapmotorB05.jpg\"\/><\/a><\/p>\n<p class=\"font-display text-xl font-semibold leading-7 md:text-2xl md:leading-8\" data-content=\"paragraph\" data-block=\"chapo\">A l\u2019occasion du Salon de Bruxelles, Leapmotor a d\u00e9voil\u00e9 les premi\u00e8res caract\u00e9ristiques techniques de sa compacte B05, qui arrivera courant 2026 dans les concessions.<\/p>\n<p class=\"block-paragraph font-body text-foreground-text-primary mb-3 text-base leading-6 md:text-lg md:leading-7\" data-content=\"paragraph\" data-block=\"paragraph\">Ann\u00e9e charg\u00e9e pour <a href=\"https:\/\/www.automobile-propre.com\/marque\/leapmotor\/\" target=\"_blank\" rel=\"noopener\">Leapmotor<\/a> en Europe. Outre le lancement d\u2019une version \u00e0 prolongateur d\u2019autonomie du SUV compact B10, la marque chinoise distribu\u00e9e par Stellantis va mettre en vente deux nouveaux mod\u00e8les \u00e9lectriques : le petit SUV B03X et la compacte B05.<\/p>\n<p class=\"block-paragraph font-body text-foreground-text-primary mb-3 text-base leading-6 md:text-lg md:leading-7\" data-content=\"paragraph\" data-block=\"paragraph\">Cette derni\u00e8re avait fait sa premi\u00e8re apparition au Salon de Munich en septembre 2025, mais Leapmotor n\u2019avait alors montr\u00e9 que l\u2019ext\u00e9rieur et rien dit sur la technique. Cette fois, au Salon de Bruxelles, le constructeur a tout montr\u00e9 et d\u00e9voil\u00e9 une partie de la fiche technique europ\u00e9enne.<\/p>\n<p class=\"block-paragraph font-body text-foreground-text-primary mb-3 text-base leading-6 md:text-lg md:leading-7\" data-content=\"paragraph\" data-block=\"paragraph\">Toutefois, si vous \u00eates un fid\u00e8le lecteur d\u2019Automobile Propre, vous connaissiez d\u00e9j\u00e0 l\u2019int\u00e9rieur de ce mod\u00e8le, notre journaliste Soufyane Benhammouda l\u2019ayant d\u00e9couvert en Chine il y a quelques semaines.<\/p>\n<p><a data-block=\"readMoreBlock\" data-content=\"paragraph\" href=\"https:\/\/www.automobile-propre.com\/articles\/leapmotor-b05-on-a-decouvert-lhabitacle-de-la-compacte-electrique-qui-arrive-bientot-en-france\/\" class=\"group relative flex flex-col rounded-lg md:px-8\" target=\"_blank\" rel=\"noopener\">\u00c0 lire aussi<img alt=\"\" loading=\"lazy\" width=\"156\" height=\"97\" decoding=\"async\" data-nimg=\"1\" class=\"aspect-[16\/10] max-h-[78px] min-h-[78px] w-full min-w-[126px] max-w-[126px] rounded-lg object-cover md:max-h-[97px] md:min-h-[97px] md:min-w-[156px] md:max-w-[156px]\" style=\"color:transparent\"  src=\"https:\/\/www.europesays.com\/fr\/wp-content\/uploads\/2026\/01\/1768284259_974_.webp\"\/>Leapmotor B05 : on a d\u00e9couvert l\u2019habitacle de la compacte \u00e9lectrique qui arrive bient\u00f4t en France<\/a><\/p>\n<p class=\"block-paragraph font-body text-foreground-text-primary mb-3 text-base leading-6 md:text-lg md:leading-7\" data-content=\"paragraph\" data-block=\"paragraph\">La planche de bord fait la part belle \u00e0 un \u00e9cran tactile de 14,6 pouces, associ\u00e9 \u00e0 un autre \u00e9cran pour l\u2019instrumentation. Le conducteur et le passager sont s\u00e9par\u00e9s par un imposant tunnel central, qui int\u00e8gre la recharge sans fil pour smartphone. L\u2019habitacle est baign\u00e9 de lumi\u00e8re par un grand toit en verre.<\/p>\n<p class=\"block-paragraph font-body text-foreground-text-primary mb-3 text-base leading-6 md:text-lg md:leading-7\" data-content=\"paragraph\" data-block=\"paragraph\">La version europ\u00e9enne est annonc\u00e9e avec une batterie de 67,1 kWh. La marque annonce une autonomie de 460 km en cycle mixte WLTP. Si l\u2019autonomie est dans la moyenne de la cat\u00e9gorie, le bon point est que Leapmotor annonce une bonne valeur de puissance de recharge rapide \u00e0 \u00ab\u00a0plus de 170 kW\u00a0\u00bb. C\u00f4t\u00e9 moteur, la puissance n\u2019est pas encore connue, mais Leapmotor promet un 0 \u00e0 100 km\/h en 6,7 secondes.<\/p>\n<p class=\"block-paragraph font-body text-foreground-text-primary mb-3 text-base leading-6 md:text-lg md:leading-7\" data-content=\"paragraph\" data-block=\"paragraph\">La B05 sera mise en vente dans le courant de l\u2019ann\u00e9e. Pour attirer l\u2019attention, elle misera, comme les autres mod\u00e8les de la firme, sur des prix agressifs. Le ticket d\u2019entr\u00e9e pourrait ainsi \u00eatre sous les 30 000 \u20ac.<\/p>\n<p><a data-block=\"readMoreBlock\" data-content=\"paragraph\" href=\"https:\/\/www.automobile-propre.com\/articles\/lancement-du-leapmotor-b10-avec-prolongateur-dautonomie-sur-le-marche-francais\/\" class=\"group relative flex flex-col rounded-lg md:px-8\" target=\"_blank\" rel=\"noopener\">\u00c0 lire aussi<img alt=\"\" loading=\"lazy\" width=\"156\" height=\"97\" decoding=\"async\" data-nimg=\"1\" class=\"aspect-[16\/10] max-h-[78px] min-h-[78px] w-full min-w-[126px] max-w-[126px] rounded-lg object-cover md:max-h-[97px] md:min-h-[97px] md:min-w-[156px] md:max-w-[156px]\" style=\"color:transparent\"  src=\"https:\/\/www.europesays.com\/fr\/wp-content\/uploads\/2026\/01\/1768284260_77_.webp\"\/>Leapmotor B10 New e-Hybrid : un SUV \u00e9lectrique avec un prolongateur d\u2019autonomie au prix canon<\/a><\/p>\n","protected":false},"excerpt":{"rendered":"A l\u2019occasion du Salon de Bruxelles, Leapmotor a d\u00e9voil\u00e9 les premi\u00e8res caract\u00e9ristiques techniques de sa compacte B05, qui&hellip;\n","protected":false},"author":2,"featured_media":660003,"comment_status":"","ping_status":"","sticky":false,"template":"","format":"standard","meta":{"footnotes":""},"categories":[6],"tags":[35,33,34,1011,27],"class_list":{"0":"post-660002","1":"post","2":"type-post","3":"status-publish","4":"format-standard","5":"has-post-thumbnail","7":"category-economie","8":"tag-business","9":"tag-economie","10":"tag-economy","11":"tag-fr","12":"tag-france"},"share_on_mastodon":{"url":"https:\/\/pubeurope.com\/@fr\/115886284200829365","error":""},"_links":{"self":[{"href":"https:\/\/www.europesays.com\/fr\/wp-json\/wp\/v2\/posts\/660002","targetHints":{"allow":["GET"]}}],"collection":[{"href":"https:\/\/www.europesays.com\/fr\/wp-json\/wp\/v2\/posts"}],"about":[{"href":"https:\/\/www.europesays.com\/fr\/wp-json\/wp\/v2\/types\/post"}],"author":[{"embeddable":true,"href":"https:\/\/www.europesays.com\/fr\/wp-json\/wp\/v2\/users\/2"}],"replies":[{"embeddable":true,"href":"https:\/\/www.europesays.com\/fr\/wp-json\/wp\/v2\/comments?post=660002"}],"version-history":[{"count":0,"href":"https:\/\/www.europesays.com\/fr\/wp-json\/wp\/v2\/posts\/660002\/revisions"}],"wp:featuredmedia":[{"embeddable":true,"href":"https:\/\/www.europesays.com\/fr\/wp-json\/wp\/v2\/media\/660003"}],"wp:attachment":[{"href":"https:\/\/www.europesays.com\/fr\/wp-json\/wp\/v2\/media?parent=660002"}],"wp:term":[{"taxonomy":"category","embeddable":true,"href":"https:\/\/www.europesays.com\/fr\/wp-json\/wp\/v2\/categories?post=660002"},{"taxonomy":"post_tag","embeddable":true,"href":"https:\/\/www.europesays.com\/fr\/wp-json\/wp\/v2\/tags?post=660002"}],"curies":[{"name":"wp","href":"https:\/\/api.w.org\/{rel}","templated":true}]}}