{"id":660004,"date":"2026-01-13T06:05:18","date_gmt":"2026-01-13T06:05:18","guid":{"rendered":"https:\/\/www.europesays.com\/fr\/660004\/"},"modified":"2026-01-13T06:05:18","modified_gmt":"2026-01-13T06:05:18","slug":"les-tampons-sur-les-passeports-vont-bientot-disparaitre","status":"publish","type":"post","link":"https:\/\/www.europesays.com\/fr\/660004\/","title":{"rendered":"les tampons sur les passeports vont bient\u00f4t dispara\u00eetre"},"content":{"rendered":"<p>\n    \u00c0 partir du 10 avril, l\u2019Union europ\u00e9enne supprimera les tampons pour les voyageurs extra-europ\u00e9ens. Voici ce \u00e0 quoi il faut s\u2019attendre.<\/p>\n<p class=\"fig-paragraph\">Une page de l\u2019histoire du voyage se referme. Pour de nombreux globe-trotters, le tampon sur le passeport d\u00e9passe la simple formalit\u00e9 administrative\u00a0: il symbolise un s\u00e9jour accompli, un pays d\u00e9couvert et les souvenirs de son p\u00e9riple. \u00c0 partir du 10 avril 2026, les\u00a0<a href=\"http:\/\/www.lefigaro.fr\/voyages\/conseils\/fini-les-tampons-souvenir-sur-les-passeports-ce-qui-change-aux-frontieres-europeennes-cet-automne-20250820\" target=\"_blank\" data-fig-type=\"Article\" rel=\"noopener\" data-gtm-custom-categorie=\"navigation\" data-gtm-custom-action=\"crossclick\" data-gtm-custom-label=\"Contextuel\" data-gtm-event=\"customEventSPE\" data-fig-domain=\"LEFIGARO\">29 \u00c9tats de l\u2019espace Schengen,<\/a>\u00a0y compris\u00a0<a href=\"http:\/\/www.lefigaro.fr\/voyages\/dossier\/islande-le-guide-de-voyage-du-figaro\" target=\"_blank\" data-fig-type=\"Topic\" rel=\"noopener\" data-gtm-custom-categorie=\"navigation\" data-gtm-custom-action=\"crossclick\" data-gtm-custom-label=\"Contextuel\" data-gtm-event=\"customEventSPE\" data-fig-domain=\"LEFIGARO\">l\u2019Islande<\/a>, le Liechtenstein,<a href=\"https:\/\/www.lefigaro.fr\/voyages\/dossier\/norvege\" target=\"_blank\" data-fig-type=\"Topic\" rel=\"sponsored noopener\" data-gtm-custom-categorie=\"navigation\" data-gtm-custom-action=\"crossclick\" data-gtm-custom-label=\"Contextuel\" data-gtm-event=\"customEventSPE\" data-fig-domain=\"LEFIGARO\">\u00a0la Norv\u00e8ge<\/a>\u00a0et la Suisse, ne tamponneront plus les passeports des voyageurs non europ\u00e9ens.<\/p>\n<p class=\"fig-paragraph\">Le contr\u00f4le manuel c\u00e8de la place aux v\u00e9rifications num\u00e9riques et biom\u00e9triques. Le Syst\u00e8me d\u2019Entr\u00e9e\/Sortie (EES), d\u00e9ploy\u00e9 depuis octobre 2025, enregistre automatiquement passeport, empreintes digitales, photo et date de passage. La fin du tampon manuel marque la disparition d\u2019un rituel qui a accompagn\u00e9 des g\u00e9n\u00e9rations de voyageurs.<\/p>\n<p>                                            <a class=\"fig-a11y-skip\" href=\"#fig-a11y-skip-main-inarticle\" data-module=\"a11y-skip\" data-context=\"was @visible\"><br \/>\n    Passer la publicit\u00e9<br \/>\n<\/a>            <\/p>\n<p>                                            \u00abDommage de perdre ce souvenir\u00bb<\/p>\n<p class=\"fig-paragraph\">Pour les voyageurs fran\u00e7ais, pas de panique\u00a0: vos passeports continueront \u00e0 \u00eatre tamponn\u00e9s lors de vos d\u00e9placements \u00e0 l\u2019\u00e9tranger. Le Syst\u00e8me d\u2019Entr\u00e9e\/Sortie (EES) ne concerne que les voyageurs non europ\u00e9ens effectuant un court s\u00e9jour (jusqu\u2019\u00e0 90 jours sur 180 jours) dans l\u2019espace Schengen. Lors de leur premier passage, ils doivent fournir leurs donn\u00e9es personnelles et biom\u00e9triques (photo et empreintes digitales), qui sont ensuite mises \u00e0 jour automatiquement \u00e0 chaque nouveau passage.<\/p>\n<p class=\"fig-paragraph\">Le dispositif a pour objectif de renforcer la s\u00e9curit\u00e9, de lutter contre la fraude \u00e0 l\u2019identit\u00e9 et de contr\u00f4ler la dur\u00e9e maximale des s\u00e9jours autoris\u00e9s. Il modernise le passage aux fronti\u00e8res et acc\u00e9l\u00e8re les flux, comme c\u2019est d\u00e9j\u00e0 le cas dans des pays tels que\u00a0<a href=\"https:\/\/www.lefigaro.fr\/voyages\/dossier\/australie\" target=\"_blank\" data-fig-type=\"Topic\" rel=\"sponsored noopener\" data-gtm-custom-categorie=\"navigation\" data-gtm-custom-action=\"crossclick\" data-gtm-custom-label=\"Contextuel\" data-gtm-event=\"customEventSPE\" data-fig-domain=\"LEFIGARO\">l\u2019Australie<\/a>, le\u00a0<a href=\"https:\/\/www.lefigaro.fr\/voyages\/dossier\/canada\" target=\"_blank\" data-fig-type=\"Topic\" rel=\"sponsored noopener\" data-gtm-custom-categorie=\"navigation\" data-gtm-custom-action=\"crossclick\" data-gtm-custom-label=\"Contextuel\" data-gtm-event=\"customEventSPE\" data-fig-domain=\"LEFIGARO\">Canada<\/a>\u00a0ou le\u00a0<a href=\"https:\/\/www.lefigaro.fr\/voyages\/dossier\/japon\" target=\"_blank\" data-fig-type=\"Topic\" rel=\"sponsored noopener\" data-gtm-custom-categorie=\"navigation\" data-gtm-custom-action=\"crossclick\" data-gtm-custom-label=\"Contextuel\" data-gtm-event=\"customEventSPE\" data-fig-domain=\"LEFIGARO\">Japon<\/a>. \u00abLes tampons de passeport remontent au Moyen \u00c2ge, voire \u00e0 la Renaissance\u00bb, rappelle Patrick Bixby, professeur \u00e0 l\u2019Universit\u00e9 d\u2019\u00c9tat de l\u2019Arizona, \u00e0 nos confr\u00e8res de la BBC.<\/p>\n<p class=\"fig-paragraph\">Sur les r\u00e9seaux sociaux, certains expriment leur d\u00e9ception. \u00abJe trouve \u00e7a triste de perdre ce symbole\u00bb, \u00e9crit l\u2019un d\u2019eux. \u00abDommage de perdre ce souvenir\u00bb, ajoute un autre. \u00abTout se modernise\u00bb, regrette un internaute sur Instagram. Mais si l\u2019exp\u00e9rience du voyage \u00e9volue, les souvenirs se r\u00e9inventent. C\u2019est l\u2019occasion de conserver de nouvelles marques de ses aventures\u00a0: cartes postales, porte-cl\u00e9s\u2026 ou quelques aimants.<\/p>\n","protected":false},"excerpt":{"rendered":"\u00c0 partir du 10 avril, l\u2019Union europ\u00e9enne supprimera les tampons pour les voyageurs extra-europ\u00e9ens. Voici ce \u00e0 quoi&hellip;\n","protected":false},"author":2,"featured_media":660005,"comment_status":"","ping_status":"","sticky":false,"template":"","format":"standard","meta":{"footnotes":""},"categories":[5],"tags":[11,1011,27,14,12,4391,602,28],"class_list":{"0":"post-660004","1":"post","2":"type-post","3":"status-publish","4":"format-standard","5":"has-post-thumbnail","7":"category-international","8":"tag-actualites","9":"tag-fr","10":"tag-france","11":"tag-international","12":"tag-news","13":"tag-passeport","14":"tag-tourisme","15":"tag-world"},"share_on_mastodon":{"url":"https:\/\/pubeurope.com\/@fr\/115886287975207780","error":""},"_links":{"self":[{"href":"https:\/\/www.europesays.com\/fr\/wp-json\/wp\/v2\/posts\/660004","targetHints":{"allow":["GET"]}}],"collection":[{"href":"https:\/\/www.europesays.com\/fr\/wp-json\/wp\/v2\/posts"}],"about":[{"href":"https:\/\/www.europesays.com\/fr\/wp-json\/wp\/v2\/types\/post"}],"author":[{"embeddable":true,"href":"https:\/\/www.europesays.com\/fr\/wp-json\/wp\/v2\/users\/2"}],"replies":[{"embeddable":true,"href":"https:\/\/www.europesays.com\/fr\/wp-json\/wp\/v2\/comments?post=660004"}],"version-history":[{"count":0,"href":"https:\/\/www.europesays.com\/fr\/wp-json\/wp\/v2\/posts\/660004\/revisions"}],"wp:featuredmedia":[{"embeddable":true,"href":"https:\/\/www.europesays.com\/fr\/wp-json\/wp\/v2\/media\/660005"}],"wp:attachment":[{"href":"https:\/\/www.europesays.com\/fr\/wp-json\/wp\/v2\/media?parent=660004"}],"wp:term":[{"taxonomy":"category","embeddable":true,"href":"https:\/\/www.europesays.com\/fr\/wp-json\/wp\/v2\/categories?post=660004"},{"taxonomy":"post_tag","embeddable":true,"href":"https:\/\/www.europesays.com\/fr\/wp-json\/wp\/v2\/tags?post=660004"}],"curies":[{"name":"wp","href":"https:\/\/api.w.org\/{rel}","templated":true}]}}