{"id":660009,"date":"2026-01-13T06:09:10","date_gmt":"2026-01-13T06:09:10","guid":{"rendered":"https:\/\/www.europesays.com\/fr\/660009\/"},"modified":"2026-01-13T06:09:10","modified_gmt":"2026-01-13T06:09:10","slug":"saint-etienne-de-tulmont-un-adjoint-annonce-son-retrait-sur-fond-de-crise-politique","status":"publish","type":"post","link":"https:\/\/www.europesays.com\/fr\/660009\/","title":{"rendered":"Saint-\u00c9tienne-de-Tulmont. Un adjoint annonce son retrait sur fond de crise politique"},"content":{"rendered":"<p>\n                                                                    l&rsquo;essentiel<br \/>\n                                                                Les tensions au sein de la majorit\u00e9 municipale de Saint-\u00c9tienne-de-Tulmont conduisent un maire adjoint \u00e0 renoncer aux prochaines \u00e9lections. Il d\u00e9nonce une instabilit\u00e9 politique pr\u00e9judiciable \u00e0 l\u2019int\u00e9r\u00eat g\u00e9n\u00e9ral et \u00e0 la gestion locale.\n                            <\/p>\n<p>\u00ab\u00a0Les r\u00e9cents remous au sein de la majorit\u00e9 municipale de la commune de Saint-\u00c9tienne-de-Tulmont bouleversent la donne politique locale et r\u00e9v\u00e8lent des postures pr\u00e9judiciables \u00e0 l\u2019int\u00e9r\u00eat g\u00e9n\u00e9ral. En tant que maire adjoint en charge de l\u2019am\u00e9nagement du territoire et de l\u2019urbanisme, conseiller et membre du bureau de la communaut\u00e9 de communes Quercy vert-Aveyron, ces \u00e9v\u00e9nements regrettables m\u2019incitent \u00e0 informer directement les St\u00e9phanoises et St\u00e9phanois que je ne participerai pas aux prochaines \u00e9lections municipales.<\/p>\n<p>Aujourd\u2019hui, la stabilit\u00e9 politique de la commune est remise en cause par la d\u00e9cision du maire de retirer leurs d\u00e9l\u00e9gations \u00e0 deux de ses adjoints, Laurence Miquel et Jean-Louis Lonjou. Cette d\u00e9cision unilat\u00e9rale intervient \u00e0 quelques semaines d\u2019une \u00e9ch\u00e9ance \u00e9lectorale majeure pour notre territoire.<\/p>\n<p>Alors que le contexte g\u00e9n\u00e9ral d\u00e9plorable et exsangue de notre pays inviterait, dans un esprit de haute responsabilit\u00e9, \u00e0 apaiser le climat politique \u00e0 tous les \u00e9chelons, et en particulier \u00e0 l\u2019\u00e9chelon local, qui reste un rep\u00e8re important pour nos concitoyens, la division, les ranc\u0153urs et les jalousies redeviennent la boussole politique de notre commune.<\/p>\n<p>C\u2019est donc avec regret, mais sans aucune amertume, que je renonce \u00e0 tenter de d\u00e9fendre de nouveaux dossiers structurants pour notre commune et notre communaut\u00e9 de communes, comme la n\u00e9cessaire construction d\u2019une nouvelle \u00e9cole communale, l\u2019am\u00e9nagement de l\u2019entr\u00e9e de notre village, la mise en place d\u2019un document d\u2019urbanisme moderne et tant d\u2019autres\u2026\u00a0\u00bb<\/p>\n<p>\u00ab\u00a0Je n\u2019oublie pas d\u2019o\u00f9 je viens\u00a0\u00bb<\/p>\n<p>\u00ab\u00a0Telles sont les raisons qui me conduisent aujourd\u2019hui \u00e0 me tenir \u00e0 l\u2019\u00e9cart de ce scrutin, qui ne va rien r\u00e9soudre et qui ne r\u00e9unira pas les conditions d\u2019une gestion locale sereine, exigeante et partag\u00e9e.<\/p>\n<p>Je veux ici remercier \u00c9ric Massip, maire de notre commune ; Morgan Tellier, pr\u00e9sident de la communaut\u00e9 de communes Quercy vert-Aveyron ; les \u00e9lus sinc\u00e8res et de bonne foi ; les agents communaux et intercommunaux pour leur professionnalisme ; les services de l\u2019\u00c9tat pour leur aide et les porteurs de projets priv\u00e9s structurants pour notre territoire.<\/p>\n<p>Je n\u2019oublie pas, bien entendu, l\u2019ensemble de la population st\u00e9phanoise qui m\u2019a fait confiance pendant ces six derni\u00e8res ann\u00e9es et \u00e0 qui j\u2019ai \u00e9t\u00e9 souvent oblig\u00e9 de dire \u00ab\u00a0non\u00a0\u00bb pour des projets en opposition avec l\u2019int\u00e9r\u00eat g\u00e9n\u00e9ral ou pour de nombreuses demandes de terrains \u00e0 b\u00e2tir !<\/p>\n<p>Soyez assur\u00e9s que je resterai pleinement mobilis\u00e9 pour l\u2019avenir de notre jeunesse et la lutte contre toutes les formes d\u2019injustice et de discrimination, car je n\u2019oublie pas d\u2019o\u00f9 je viens.\u00a0\u00bb<\/p>\n","protected":false},"excerpt":{"rendered":"l&rsquo;essentiel Les tensions au sein de la majorit\u00e9 municipale de Saint-\u00c9tienne-de-Tulmont conduisent un maire adjoint \u00e0 renoncer aux&hellip;\n","protected":false},"author":2,"featured_media":660010,"comment_status":"","ping_status":"","sticky":false,"template":"","format":"standard","meta":{"footnotes":""},"categories":[9653],"tags":[1111,11,2430,1777,674,1011,27,329,12,316,25,4001,70725,36586],"class_list":{"0":"post-660009","1":"post","2":"type-post","3":"status-publish","4":"format-standard","5":"has-post-thumbnail","7":"category-saint-etienne","8":"tag-actu","9":"tag-actualites","10":"tag-auvergne-rhone-alpes","11":"tag-eu","12":"tag-europe","13":"tag-fr","14":"tag-france","15":"tag-france-monde","16":"tag-news","17":"tag-politique","18":"tag-republique-francaise","19":"tag-saint-etienne","20":"tag-saintetiennedetulmont","21":"tag-tarn-et-garonne"},"share_on_mastodon":{"url":"https:\/\/pubeurope.com\/@fr\/115886303929122334","error":""},"_links":{"self":[{"href":"https:\/\/www.europesays.com\/fr\/wp-json\/wp\/v2\/posts\/660009","targetHints":{"allow":["GET"]}}],"collection":[{"href":"https:\/\/www.europesays.com\/fr\/wp-json\/wp\/v2\/posts"}],"about":[{"href":"https:\/\/www.europesays.com\/fr\/wp-json\/wp\/v2\/types\/post"}],"author":[{"embeddable":true,"href":"https:\/\/www.europesays.com\/fr\/wp-json\/wp\/v2\/users\/2"}],"replies":[{"embeddable":true,"href":"https:\/\/www.europesays.com\/fr\/wp-json\/wp\/v2\/comments?post=660009"}],"version-history":[{"count":0,"href":"https:\/\/www.europesays.com\/fr\/wp-json\/wp\/v2\/posts\/660009\/revisions"}],"wp:featuredmedia":[{"embeddable":true,"href":"https:\/\/www.europesays.com\/fr\/wp-json\/wp\/v2\/media\/660010"}],"wp:attachment":[{"href":"https:\/\/www.europesays.com\/fr\/wp-json\/wp\/v2\/media?parent=660009"}],"wp:term":[{"taxonomy":"category","embeddable":true,"href":"https:\/\/www.europesays.com\/fr\/wp-json\/wp\/v2\/categories?post=660009"},{"taxonomy":"post_tag","embeddable":true,"href":"https:\/\/www.europesays.com\/fr\/wp-json\/wp\/v2\/tags?post=660009"}],"curies":[{"name":"wp","href":"https:\/\/api.w.org\/{rel}","templated":true}]}}