{"id":660015,"date":"2026-01-13T06:14:16","date_gmt":"2026-01-13T06:14:16","guid":{"rendered":"https:\/\/www.europesays.com\/fr\/660015\/"},"modified":"2026-01-13T06:14:16","modified_gmt":"2026-01-13T06:14:16","slug":"plus-de-655-000-visiteurs-en-2025-avec-des-records-a-port-louis-et-toulon","status":"publish","type":"post","link":"https:\/\/www.europesays.com\/fr\/660015\/","title":{"rendered":"Plus de 655 000 visiteurs en 2025, avec des records \u00e0 Port-Louis et Toulon"},"content":{"rendered":"<p>En 2025, le <a href=\"https:\/\/www.breizh-info.com\/2025\/11\/08\/253348\/en-2026-le-musee-national-de-la-marine-met-le-cap-sur-lhistoire-et-les-profondeurs-la-bretagne-au-coeur-de-la-nouvelle-saison\/\" target=\"_blank\" rel=\"noopener\">Mus\u00e9e National de la Marine<\/a> a une fois de plus r\u00e9ussi \u00e0 capter l\u2019attention du public avec un total de 655 451 visiteurs accueillis sur ses diff\u00e9rents sites. Si la fr\u00e9quentation a l\u00e9g\u00e8rement baiss\u00e9 par rapport \u00e0 2024, plusieurs de ses sites, notamment ceux du littoral, ont battu des records historiques. Port-Louis et Toulon, avec des hausses de fr\u00e9quentation respectives de 8%, ont attir\u00e9 de nombreux passionn\u00e9s d\u2019histoire maritime. Les jeunes g\u00e9n\u00e9rations, notamment les moins de 26 ans, continuent d\u2019affluer gr\u00e2ce aux actions de m\u00e9diation du mus\u00e9e, confirmant ainsi son r\u00f4le crucial dans la transmission des enjeux maritimes du XXIe si\u00e8cle.<\/p>\n<p>\u00a0<\/p>\n<p><strong>Le Mus\u00e9e National de la Marine : Une ann\u00e9e 2025 de succ\u00e8s malgr\u00e9 une l\u00e9g\u00e8re baisse<\/strong><\/p>\n<p>Le Mus\u00e9e National de la Marine a enregistr\u00e9 en 2025 un total de 655 451 visiteurs, une baisse marginale de 0,7% par rapport \u00e0 l\u2019ann\u00e9e pr\u00e9c\u00e9dente (660 222 visiteurs). Apr\u00e8s un succ\u00e8s retentissant en 2024 avec 380 624 visiteurs, la fr\u00e9quentation a retrouv\u00e9 son rythme en 2025, avec une stabilisation notable \u00e0 Paris, mais un regain d\u2019int\u00e9r\u00eat sur ses sites littoraux.<\/p>\n<p>Le site du Trocad\u00e9ro, avec 355 807 visiteurs, marque une baisse de 7%, mais les mus\u00e9es du littoral connaissent une hausse de 8% pour atteindre 299 644 entr\u00e9es. Parmi eux, Port-Louis (56) et Toulon se distinguent particuli\u00e8rement avec des records de fr\u00e9quentation, atteignant respectivement 95 456 et 84 713 visiteurs. En revanche, Brest, avec son site du Ch\u00e2teau, a accueilli 82 881 personnes, tandis que Rochefort a enregistr\u00e9 36 594 visites.<\/p>\n<p>Le mus\u00e9e poursuit sa mission \u00e9ducative en attirant un public familial et scolaire, avec une augmentation notable de la fr\u00e9quentation des \u00e9l\u00e8ves et enseignants, qui ont \u00e9t\u00e9 59 827 \u00e0 s\u2019y rendre en 2025, contre 40 570 l\u2019ann\u00e9e pr\u00e9c\u00e9dente. Cette croissance s\u2019inscrit dans les efforts constants pour transmettre aux jeunes g\u00e9n\u00e9rations la passion de la mer et les enjeux environnementaux li\u00e9s aux oc\u00e9ans.<\/p>\n<p><strong>Expositions temporaires : Des succ\u00e8s marquants \u00e0 Paris et sur le littoral<\/strong><\/p>\n<p>Les expositions temporaires ont \u00e9galement attir\u00e9 un large public. \u00c0 Paris, \u00ab\u00a0En solitaire autour du monde\u00a0\u00bb, pr\u00e9sent\u00e9e du 16 octobre 2024 au 2 mars 2025, a s\u00e9duit 146 194 visiteurs. En 2025, l\u2019exposition \u00ab\u00a0Magellan, un voyage qui changea le monde\u00a0\u00bb, lanc\u00e9e le 22 octobre, avait attir\u00e9 87 812 visiteurs \u00e0 la fin de l\u2019ann\u00e9e. Sur le littoral, \u00ab\u00a0Germaine Kanova, regard d\u2019une photographe sur la Lib\u00e9ration\u00a0\u00bb \u00e0 Port-Louis et \u00ab\u00a0Pierre Loti, hommage sculpt\u00e9\u00a0\u00bb \u00e0 Rochefort ont captiv\u00e9 des milliers de visiteurs, avec respectivement 73 990 et 18 592 entr\u00e9es.<\/p>\n<p>Le Mus\u00e9e National de la Marine pr\u00e9voit un programme d\u2019expositions ambitieux pour 2026, avec des \u00e9v\u00e9nements tels que \u00ab\u00a0La Marine et les peintres. Quatre si\u00e8cles d\u2019art et de pouvoir\u00a0\u00bb \u00e0 Paris, et \u00ab\u00a0Machines des mers : les inventions d\u2019Henri Dupuy de L\u00f4me\u00a0\u00bb \u00e0 Port-Louis. \u00c0 Toulon, \u00ab\u00a0Plong\u00e9e(s) dans l\u2019inconnu\u00a0\u00bb, une exploration de l\u2019aventure sous-marine en M\u00e9diterran\u00e9e, promet de captiver les amateurs de sciences et d\u2019histoire maritime.<\/p>\n<p>L\u2019ann\u00e9e sera \u00e9galement marqu\u00e9e par la restauration du bathyscaphe FNRS III \u00e0 Toulon, un objet phare des collections du mus\u00e9e, et des \u00e9v\u00e9nements c\u00e9l\u00e9brant les 400 ans de la Marine nationale.<\/p>\n<p>Le Mus\u00e9e National de la Marine continue de remplir sa vocation de conservatoire des cultures maritimes tout en favorisant l\u2019acc\u00e8s \u00e0 un public large et diversifi\u00e9. L\u2019ann\u00e9e 2025 a prouv\u00e9 la r\u00e9silience de cette institution phare du patrimoine fran\u00e7ais, et 2026 s\u2019annonce comme une ann\u00e9e riche en d\u00e9couvertes et en c\u00e9l\u00e9brations de l\u2019histoire maritime. Avec des actions de m\u00e9diation r\u00e9ussies et une programmation captivante, le mus\u00e9e demeure un acteur cl\u00e9 dans l\u2019\u00e9ducation \u00e0 la mer et aux enjeux \u00e9cologiques li\u00e9s \u00e0 l\u2019oc\u00e9an.<\/p>\n<p>[cc] Article r\u00e9dig\u00e9 par la r\u00e9daction de breizh-info.com et relu et corrig\u00e9 (orthographe, syntaxe) par une intelligence artificielle.<\/p>\n<p>Breizh-info.com, 2026, d\u00e9p\u00eaches libres de copie et de diffusion\u00a0<b>sous r\u00e9serve de mention obligatoire et de lien do follow vers la source d\u2019origine.<\/b><\/p>\n","protected":false},"excerpt":{"rendered":"En 2025, le Mus\u00e9e National de la Marine a une fois de plus r\u00e9ussi \u00e0 capter l\u2019attention du&hellip;\n","protected":false},"author":2,"featured_media":660016,"comment_status":"","ping_status":"","sticky":false,"template":"","format":"standard","meta":{"footnotes":""},"categories":[9619],"tags":[17,1111,11,3450,76193,1777,674,1349,11265,1011,27,13461,76194,4075,76195,12,626,24679,882,3241,25,76196,2310,602],"class_list":{"0":"post-660015","1":"post","2":"type-post","3":"status-publish","4":"format-standard","5":"has-post-thumbnail","7":"category-toulon","8":"tag-17","9":"tag-actu","10":"tag-actualites","11":"tag-brest","12":"tag-culture-maritime","13":"tag-eu","14":"tag-europe","15":"tag-expositions","16":"tag-familles","17":"tag-fr","18":"tag-france","19":"tag-frequentation","20":"tag-histoire-maritime","21":"tag-jeunesse","22":"tag-musee-national-de-la-marine","23":"tag-news","24":"tag-paris","25":"tag-port-louis","26":"tag-provence-alpes-cote-dazur","27":"tag-record","28":"tag-republique-francaise","29":"tag-rochefort","30":"tag-toulon","31":"tag-tourisme"},"share_on_mastodon":{"url":"https:\/\/pubeurope.com\/@fr\/115886323313217721","error":""},"_links":{"self":[{"href":"https:\/\/www.europesays.com\/fr\/wp-json\/wp\/v2\/posts\/660015","targetHints":{"allow":["GET"]}}],"collection":[{"href":"https:\/\/www.europesays.com\/fr\/wp-json\/wp\/v2\/posts"}],"about":[{"href":"https:\/\/www.europesays.com\/fr\/wp-json\/wp\/v2\/types\/post"}],"author":[{"embeddable":true,"href":"https:\/\/www.europesays.com\/fr\/wp-json\/wp\/v2\/users\/2"}],"replies":[{"embeddable":true,"href":"https:\/\/www.europesays.com\/fr\/wp-json\/wp\/v2\/comments?post=660015"}],"version-history":[{"count":0,"href":"https:\/\/www.europesays.com\/fr\/wp-json\/wp\/v2\/posts\/660015\/revisions"}],"wp:featuredmedia":[{"embeddable":true,"href":"https:\/\/www.europesays.com\/fr\/wp-json\/wp\/v2\/media\/660016"}],"wp:attachment":[{"href":"https:\/\/www.europesays.com\/fr\/wp-json\/wp\/v2\/media?parent=660015"}],"wp:term":[{"taxonomy":"category","embeddable":true,"href":"https:\/\/www.europesays.com\/fr\/wp-json\/wp\/v2\/categories?post=660015"},{"taxonomy":"post_tag","embeddable":true,"href":"https:\/\/www.europesays.com\/fr\/wp-json\/wp\/v2\/tags?post=660015"}],"curies":[{"name":"wp","href":"https:\/\/api.w.org\/{rel}","templated":true}]}}