{"id":660019,"date":"2026-01-13T06:16:14","date_gmt":"2026-01-13T06:16:14","guid":{"rendered":"https:\/\/www.europesays.com\/fr\/660019\/"},"modified":"2026-01-13T06:16:14","modified_gmt":"2026-01-13T06:16:14","slug":"les-images-de-larbre-deracine-dans-la-cour-de-la-cite-scolaire-clemenceau-a-montpellier","status":"publish","type":"post","link":"https:\/\/www.europesays.com\/fr\/660019\/","title":{"rendered":"Les images de l&rsquo;arbre d\u00e9racin\u00e9 dans la cour de la cit\u00e9 scolaire Clemenceau \u00e0 Montpellier"},"content":{"rendered":"<p>                    Par<br \/>\n        <strong><br \/>\n            <a href=\"https:\/\/actu.fr\/auteur\/metropoop\" title=\"Consulter tous les articles de R\u00e9daction M\u00e9tropolitain\" target=\"_blank\" rel=\"noopener\">R\u00e9daction M\u00e9tropolitain<\/a><br \/>\n                    <\/strong><\/p>\n<p>        Publi\u00e9 le<\/p>\n<p>            13 janv. 2026 \u00e0 5h08        <\/p>\n<p>La<strong> cite\u0301 scolaire Georges Clemenceau de Montpellier<\/strong> rouvre ses portes ce matin, ce mardi 13 janvier 2026, apre\u0300s sa fermeture exceptionnelle et pre\u0301ventive, lundi 12 janvier, annonce l\u2019Acad\u00e9mie de Montpellier.<\/p>\n<p>    <a href=\"https:\/\/www.google.com\/maps\/embed?pb=!1m18!1m12!1m3!1d3594.1797598205853!2d3.8704337274262404!3d43.6026877626419!2m3!1f0!2f0!3f0!3m2!1i1024!2i768!4f13.1!3m3!1m2!1s0x12b6afae5eee8c1d%3A0x9d24d8a1d8fd26a!2sLyc%C3%A9e%20Georges%20Clemenceau!5e0!3m2!1sfr!2sfr!4v1768254528758!5m2!1sfr!2sfr\" title=\"Ouvrie le lien\" target=\"_blank\" rel=\"noopener\">Cliquez ici pour visualiser le contenu<\/a><\/p>\n<p class=\" wall-content\">\u00c0 la suite de la chute d\u2019un arbre, litt\u00e9ralement d\u00e9racin\u00e9 dans la nuit du 9 au 10 janvier 2026 dans la cour de la cite\u0301 scolaire Georges Clemenceau, sans faire de victime, mais occasionnant des de\u0301ga\u0302ts importants sur la toiture et une coursive, l\u2019e\u0301tablissement a fait l\u2019objet d\u2019une fermeture exceptionnelle lundi, afin de proce\u0301der a\u0300 la remise en e\u0301tat du ba\u0302timent et de la cour de re\u0301cre\u0301ation, ainsi qu\u2019aux ve\u0301rifications de se\u0301curite\u0301.<\/p>\n<p class=\" wall-content\">Les orages avec de violentes rafales de vent de ces derni\u00e8res semaines ont certainement eu raison de cet arbre imposant qui tr\u00f4nait sur le site.<\/p>\n<p class=\" wall-content\">\n    <img   decoding=\"async\" loading=\"lazy\" src=\"https:\/\/www.europesays.com\/fr\/wp-content\/uploads\/2026\/01\/0-4-1-960x640.jpeg\" alt=\"Un arbre litt\u00e9ralement d\u00e9racin\u00e9 \" width=\"960\" height=\"640\"\/><br \/>\n    Un arbre litt\u00e9ralement d\u00e9racin\u00e9 : un incident spectaculaire\u00a0(\u00a9M\u00e9tropolitain)<br \/>\n    <img   decoding=\"async\" loading=\"lazy\" src=\"https:\/\/www.europesays.com\/fr\/wp-content\/uploads\/2026\/01\/0-2-1-960x640.jpeg\" alt=\"Un b\u00e2timent et une coursive ont \u00e9t\u00e9 endommag\u00e9s\" width=\"960\" height=\"640\"\/><br \/>\n    Un b\u00e2timent et une coursive ont \u00e9t\u00e9 endommag\u00e9s (\u00a9M\u00e9tropolitain)<br \/>\n    <img   decoding=\"async\" loading=\"lazy\" src=\"https:\/\/www.europesays.com\/fr\/wp-content\/uploads\/2026\/01\/0-5-960x640.jpeg\" alt=\"Lundi, les travaux ont \u00e9t\u00e9 r\u00e9alis\u00e9s et seront termin\u00e9s ce mardi\" width=\"960\" height=\"640\"\/><br \/>\n    Lundi, les travaux ont \u00e9t\u00e9 r\u00e9alis\u00e9s et seront termin\u00e9s ce mardi (\u00a9M\u00e9tropolitain)<\/p>\n<p class=\" wall-content\">Gra\u0302ce a\u0300 la re\u0301activite\u0301 et a\u0300 l\u2019action concerte\u0301e de la Re\u0301gion Occitanie, de la Direction acade\u0301mique des services de l\u2019Education nationale -Dasen-de l\u2019He\u0301rault et des e\u0301quipes de la cite\u0301 scolaire, l\u2019e\u0301tablissement reprend donc son fonctionnement normal.<\/p>\n<p>Vid\u00e9os : en ce moment sur Actu<\/p>\n<p class=\" wall-content\">Les ultimes travaux de remise en e\u0301tat vont \u00eatre r\u00e9alis\u00e9s ce mardi dans un pe\u0301rime\u0300tre restreint et se\u0301curise\u0301, qui n\u2019impactera pas l\u2019activit\u00e9 compl\u00e8te des \u00e9l\u00e8ves, des enseignants et du personnel.\u00a0Les familles ont e\u0301te\u0301 informe\u0301es par le proviseur de la cite\u0301 scolaire.<\/p>\n<p class=\" wall-content\">Personnalisez votre actualit\u00e9 en ajoutant vos villes et m\u00e9dias en favori avec <a href=\"https:\/\/moncompte.actu.fr\" title=\"D\u00e9couvez Mon Actu\" rel=\"nofollow noopener\" data-trk=\"{&quot;cta&quot;:{&quot;action&quot;:&quot;https:\\\/\\\/moncompte.actu.fr&quot;,&quot;category&quot;:&quot;mon compte&quot;,&quot;from&quot;:&quot;article footer&quot;,&quot;name&quot;:&quot;Mon actu&quot;,&quot;type&quot;:&quot;cta&quot;}}\" target=\"_blank\">Mon Actu<\/a>.<\/p>\n","protected":false},"excerpt":{"rendered":"Par R\u00e9daction M\u00e9tropolitain Publi\u00e9 le 13 janv. 2026 \u00e0 5h08 La cite\u0301 scolaire Georges Clemenceau de Montpellier rouvre&hellip;\n","protected":false},"author":2,"featured_media":660020,"comment_status":"","ping_status":"","sticky":false,"template":"","format":"standard","meta":{"footnotes":""},"categories":[9599],"tags":[1111,11,1057,436,1777,674,1011,27,2208,12,2680,4594,25,104],"class_list":{"0":"post-660019","1":"post","2":"type-post","3":"status-publish","4":"format-standard","5":"has-post-thumbnail","7":"category-montpellier","8":"tag-actu","9":"tag-actualites","10":"tag-education","11":"tag-environnement","12":"tag-eu","13":"tag-europe","14":"tag-fr","15":"tag-france","16":"tag-montpellier","17":"tag-news","18":"tag-occitanie","19":"tag-orages","20":"tag-republique-francaise","21":"tag-societe"},"share_on_mastodon":{"url":"https:\/\/pubeurope.com\/@fr\/115886331299064497","error":""},"_links":{"self":[{"href":"https:\/\/www.europesays.com\/fr\/wp-json\/wp\/v2\/posts\/660019","targetHints":{"allow":["GET"]}}],"collection":[{"href":"https:\/\/www.europesays.com\/fr\/wp-json\/wp\/v2\/posts"}],"about":[{"href":"https:\/\/www.europesays.com\/fr\/wp-json\/wp\/v2\/types\/post"}],"author":[{"embeddable":true,"href":"https:\/\/www.europesays.com\/fr\/wp-json\/wp\/v2\/users\/2"}],"replies":[{"embeddable":true,"href":"https:\/\/www.europesays.com\/fr\/wp-json\/wp\/v2\/comments?post=660019"}],"version-history":[{"count":0,"href":"https:\/\/www.europesays.com\/fr\/wp-json\/wp\/v2\/posts\/660019\/revisions"}],"wp:featuredmedia":[{"embeddable":true,"href":"https:\/\/www.europesays.com\/fr\/wp-json\/wp\/v2\/media\/660020"}],"wp:attachment":[{"href":"https:\/\/www.europesays.com\/fr\/wp-json\/wp\/v2\/media?parent=660019"}],"wp:term":[{"taxonomy":"category","embeddable":true,"href":"https:\/\/www.europesays.com\/fr\/wp-json\/wp\/v2\/categories?post=660019"},{"taxonomy":"post_tag","embeddable":true,"href":"https:\/\/www.europesays.com\/fr\/wp-json\/wp\/v2\/tags?post=660019"}],"curies":[{"name":"wp","href":"https:\/\/api.w.org\/{rel}","templated":true}]}}