{"id":660021,"date":"2026-01-13T06:18:42","date_gmt":"2026-01-13T06:18:42","guid":{"rendered":"https:\/\/www.europesays.com\/fr\/660021\/"},"modified":"2026-01-13T06:18:42","modified_gmt":"2026-01-13T06:18:42","slug":"gambardella-le-psg-torpille-rouen-ayari-met-un-triple-en-six-minutes-gambardella","status":"publish","type":"post","link":"https:\/\/www.europesays.com\/fr\/660021\/","title":{"rendered":"Gambardella : Le PSG torpille Rouen, Ayari met un tripl\u00e9 en six minutes ! &#8211; Gambardella"},"content":{"rendered":"<p>En ce week-end de Coupe, les U18 du Paris Saint-Germain \u00e9taient en d\u00e9placement \u00e0 Rouen ce dimanche apr\u00e8s-midi, \u00e0 l\u2019occasion des 32es de finale de la Coupe Gambardella. Le PSG a rapidement ouvert le score gr\u00e2ce \u00e0 Pierre Mounguengue, avant de se faire rejoindre. Mais le capitaine parisien a su remettre son \u00e9quipe \u00e0 l\u2019endroit en inscrivant un doubl\u00e9 avant la pause, permettant aux siens de reprendre l\u2019avantage.<\/p>\n<p>Au retour des vestiaires, Mathis Jangeal a permis au PSG de faire le break. La rencontre a ensuite bascul\u00e9 avec l\u2019entr\u00e9e en jeu d\u2019Adam Ayari, puis surtout deux expulsions en l\u2019espace d\u2019une minute, c\u00f4t\u00e9 rouennais puis parisien. \u00c0 10 contre 9, le jeune milieu offensif parisien s\u2019est montr\u00e9 incandescent, corrigeant son adversaire avec un coup du chapeau inscrit en seulement six minutes. Une performance certes facilit\u00e9e par la sup\u00e9riorit\u00e9 num\u00e9rique, mais qui m\u00e9rite d\u2019\u00eatre soulign\u00e9e.<\/p>\n<p>Le PSG avec ce succ\u00e8s 1-6 valide ainsi son billet pour les 16es de finale, pendant que le rival Olympique de Marseille est \u00e9limin\u00e9 lors d\u2019une s\u00e9ance de tirs au but, marqu\u00e9e par une panenka manqu\u00e9e d\u2019un minot marseillais. Le Paris Saint-Germain conna\u00eetra son prochain adversaire ce mardi midi, \u00e0 l\u2019issue du tirage au sort.<\/p>\n<p>(Avec Titis du PSG.com)<\/p>\n","protected":false},"excerpt":{"rendered":"En ce week-end de Coupe, les U18 du Paris Saint-Germain \u00e9taient en d\u00e9placement \u00e0 Rouen ce dimanche apr\u00e8s-midi,&hellip;\n","protected":false},"author":2,"featured_media":660022,"comment_status":"","ping_status":"","sticky":false,"template":"","format":"standard","meta":{"footnotes":""},"categories":[9587],"tags":[1111,11,76198,615,65908,1777,674,6507,2396,1011,27,55961,12141,24162,12,5161,22346,58983,7720,5486,25,9590,19544,4102,6006,76197,22486,29402],"class_list":{"0":"post-660021","1":"post","2":"type-post","3":"status-publish","4":"format-standard","5":"has-post-thumbnail","7":"category-rouen","8":"tag-actu","9":"tag-actualites","10":"tag-ayari","11":"tag-coupe","12":"tag-efficacite","13":"tag-eu","14":"tag-europe","15":"tag-express","16":"tag-finale","17":"tag-fr","18":"tag-france","19":"tag-gambardella","20":"tag-marque","21":"tag-minutes","22":"tag-news","23":"tag-normandie","24":"tag-offensive","25":"tag-parisienne","26":"tag-qualification","27":"tag-rencontre","28":"tag-republique-francaise","29":"tag-rouen","30":"tag-scelle","31":"tag-sort","32":"tag-succes","33":"tag-torpille","34":"tag-triple","35":"tag-valide"},"share_on_mastodon":{"url":"https:\/\/pubeurope.com\/@fr\/115886339055864190","error":""},"_links":{"self":[{"href":"https:\/\/www.europesays.com\/fr\/wp-json\/wp\/v2\/posts\/660021","targetHints":{"allow":["GET"]}}],"collection":[{"href":"https:\/\/www.europesays.com\/fr\/wp-json\/wp\/v2\/posts"}],"about":[{"href":"https:\/\/www.europesays.com\/fr\/wp-json\/wp\/v2\/types\/post"}],"author":[{"embeddable":true,"href":"https:\/\/www.europesays.com\/fr\/wp-json\/wp\/v2\/users\/2"}],"replies":[{"embeddable":true,"href":"https:\/\/www.europesays.com\/fr\/wp-json\/wp\/v2\/comments?post=660021"}],"version-history":[{"count":0,"href":"https:\/\/www.europesays.com\/fr\/wp-json\/wp\/v2\/posts\/660021\/revisions"}],"wp:featuredmedia":[{"embeddable":true,"href":"https:\/\/www.europesays.com\/fr\/wp-json\/wp\/v2\/media\/660022"}],"wp:attachment":[{"href":"https:\/\/www.europesays.com\/fr\/wp-json\/wp\/v2\/media?parent=660021"}],"wp:term":[{"taxonomy":"category","embeddable":true,"href":"https:\/\/www.europesays.com\/fr\/wp-json\/wp\/v2\/categories?post=660021"},{"taxonomy":"post_tag","embeddable":true,"href":"https:\/\/www.europesays.com\/fr\/wp-json\/wp\/v2\/tags?post=660021"}],"curies":[{"name":"wp","href":"https:\/\/api.w.org\/{rel}","templated":true}]}}