{"id":660029,"date":"2026-01-13T06:25:24","date_gmt":"2026-01-13T06:25:24","guid":{"rendered":"https:\/\/www.europesays.com\/fr\/660029\/"},"modified":"2026-01-13T06:25:24","modified_gmt":"2026-01-13T06:25:24","slug":"convoite-par-le-rc-strasbourg-kinteh-file-a-chelsea","status":"publish","type":"post","link":"https:\/\/www.europesays.com\/fr\/660029\/","title":{"rendered":"Convoit\u00e9 par le RC Strasbourg, Kinteh File \u00e0\u2026 Chelsea !"},"content":{"rendered":"<p>Chelsea presse pour Abubacarr Sedi Kinteh (Tromso), que convoitait Strasbourg.<\/p>\n<p>Rosenior commence \u00e0 faire du tort \u00e0 son ancien club. Sous son impulsion, Chelsea acc\u00e9l\u00e8re pour Abubacarr Sedi Kinteh, roc gambien de 21 ans \u00e9voluant \u00e0 Troms\u00f8, en Norv\u00e8ge. Valoris\u00e9 \u00e0 5 M\u20ac, ce d\u00e9fenseur central physique attire les Blues pour sa Serie B potentielle. R\u00e9sultat, Strasbourg doit trouver une autre id\u00e9e\u2026 Pas corporate, tout \u00e7a !<\/p>\n<p>\u200b<\/p>\n","protected":false},"excerpt":{"rendered":"Chelsea presse pour Abubacarr Sedi Kinteh (Tromso), que convoitait Strasbourg. Rosenior commence \u00e0 faire du tort \u00e0 son&hellip;\n","protected":false},"author":2,"featured_media":660030,"comment_status":"","ping_status":"","sticky":false,"template":"","format":"standard","meta":{"footnotes":""},"categories":[2820],"tags":[1111,11,1777,674,1011,27,775,12,25,640],"class_list":{"0":"post-660029","1":"post","2":"type-post","3":"status-publish","4":"format-standard","5":"has-post-thumbnail","7":"category-strasbourg","8":"tag-actu","9":"tag-actualites","10":"tag-eu","11":"tag-europe","12":"tag-fr","13":"tag-france","14":"tag-grand-est","15":"tag-news","16":"tag-republique-francaise","17":"tag-strasbourg"},"share_on_mastodon":{"url":"https:\/\/pubeurope.com\/@fr\/115886366584598518","error":""},"_links":{"self":[{"href":"https:\/\/www.europesays.com\/fr\/wp-json\/wp\/v2\/posts\/660029","targetHints":{"allow":["GET"]}}],"collection":[{"href":"https:\/\/www.europesays.com\/fr\/wp-json\/wp\/v2\/posts"}],"about":[{"href":"https:\/\/www.europesays.com\/fr\/wp-json\/wp\/v2\/types\/post"}],"author":[{"embeddable":true,"href":"https:\/\/www.europesays.com\/fr\/wp-json\/wp\/v2\/users\/2"}],"replies":[{"embeddable":true,"href":"https:\/\/www.europesays.com\/fr\/wp-json\/wp\/v2\/comments?post=660029"}],"version-history":[{"count":0,"href":"https:\/\/www.europesays.com\/fr\/wp-json\/wp\/v2\/posts\/660029\/revisions"}],"wp:featuredmedia":[{"embeddable":true,"href":"https:\/\/www.europesays.com\/fr\/wp-json\/wp\/v2\/media\/660030"}],"wp:attachment":[{"href":"https:\/\/www.europesays.com\/fr\/wp-json\/wp\/v2\/media?parent=660029"}],"wp:term":[{"taxonomy":"category","embeddable":true,"href":"https:\/\/www.europesays.com\/fr\/wp-json\/wp\/v2\/categories?post=660029"},{"taxonomy":"post_tag","embeddable":true,"href":"https:\/\/www.europesays.com\/fr\/wp-json\/wp\/v2\/tags?post=660029"}],"curies":[{"name":"wp","href":"https:\/\/api.w.org\/{rel}","templated":true}]}}