{"id":660043,"date":"2026-01-13T06:33:13","date_gmt":"2026-01-13T06:33:13","guid":{"rendered":"https:\/\/www.europesays.com\/fr\/660043\/"},"modified":"2026-01-13T06:33:13","modified_gmt":"2026-01-13T06:33:13","slug":"greve-des-medecins-50-accouchements-de-plus-en-trois-jours-des-dizaines-de-patients-dans-les-couloirs-des-urgences-le-chu-de-toulouse-deborde","status":"publish","type":"post","link":"https:\/\/www.europesays.com\/fr\/660043\/","title":{"rendered":"Gr\u00e8ve des m\u00e9decins\u00a0: 50 accouchements de plus en trois jours, des dizaines de patients dans les couloirs des urgences, le CHU de Toulouse d\u00e9borde"},"content":{"rendered":"<p>\n                                                                    l&rsquo;essentiel<br \/>\n                                                                La gr\u00e8ve des m\u00e9decins lib\u00e9raux, entam\u00e9e le 5\u00a0janvier, est entr\u00e9e dans le dur depuis ce week-end. La plupart des blocs op\u00e9ratoires et des salles d\u2019accouchement des cliniques priv\u00e9es cessent leur activit\u00e9 jusqu\u2019\u00e0 jeudi matin. \u00c0 Toulouse, o\u00f9 la gr\u00e8ve concerne plusieurs dizaines de praticiens, l\u2019h\u00f4pital public s\u2019organise mais les urgences et la maternit\u00e9 d\u00e9bordent.\n                            <\/p>\n<p>Dans les couloirs de la maternit\u00e9 Paule-de-Viguier (CHU de Toulouse), ce lundi 12\u00a0janvier, des papas avec des valises croisent des soignants qui tournent d\u2019une chambre \u00e0 l\u2019autre dans un ballet savamment orchestr\u00e9. Derri\u00e8re le calme apparent, tout le service bourdonne comme une ruche. En bas, seize mamans sont en train d\u2019accoucher, toutes les salles sont pleines.<\/p>\n<p>Depuis mercredi, l\u2019h\u00f4pital a vu son activit\u00e9 obst\u00e9trique augmenter, puis d\u00e9cupler ce week-end. La gr\u00e8ve des m\u00e9decins lib\u00e9raux, pr\u00e9vue du 5 au 15\u00a0janvier, est entr\u00e9e dans sa phase la plus critique. Depuis dimanche et jusqu\u2019\u00e0 jeudi matin, les maternit\u00e9s de quatre cliniques priv\u00e9es (Rive Gauche, Croix du Sud, L\u2019Union, Occitanie) sont \u00e0 l\u2019arr\u00eat. Soit l\u2019\u00e9quivalent d\u2019une vingtaine d\u2019accouchements par jour \u00e0 absorber.<\/p>\n<p class=\"std-elt__inline\">\n        <strong>\u00c0 lire aussi :<\/strong><br \/>\n        <a href=\"https:\/\/www.ladepeche.fr\/2026\/01\/09\/greve-des-medecins-grosse-tension-a-toulouse-avec-la-fermeture-de-plusieurs-maternites-privees-13150939.php\" target=\"_blank\" rel=\"noopener\">Gr\u00e8ve des m\u00e9decins\u00a0: grosse tension \u00e0 Toulouse avec la fermeture de plusieurs maternit\u00e9s priv\u00e9es<\/a>\n    <\/p>\n<p><a href=\"https:\/\/www.ladepeche.fr\/2026\/01\/08\/certaines-interventions-pourront-etre-deprogrammees-le-plan-blanc-active-pour-maintenir-les-soins-au-chu-de-toulouse-13150066.php\" target=\"_self\" rel=\"noopener\">Le CHU de Toulouse, qui a activ\u00e9 le plan blanc<\/a>, voit son activit\u00e9 obst\u00e9trique doubler. \u00ab\u00a0Jusqu\u2019ici, nous sommes arriv\u00e9s \u00e0 absorber cet afflux suppl\u00e9mentaire mais maintenant, \u00e7a devient tr\u00e8s compliqu\u00e9 pour les lits de suite de naissance\u00a0\u00bb, explique le Pr Paul Guerby, responsable du service d\u2019obst\u00e9trique au CHU de Toulouse. Ses \u00e9quipes cherchent des solutions de sortie en proposant des transferts vers la maternit\u00e9 de la clinique Ambroise Par\u00e9, qui n\u2019est pas impact\u00e9e par le mouvement, ou vers les maternit\u00e9s gr\u00e9vistes o\u00f9 les futures mamans \u00e9taient initialement suivies. Les transferts vers les maternit\u00e9s publiques des d\u00e9partements voisins ne sont pas possibles car les ambulances sont mobilis\u00e9es pour les autres urgences dans un contexte de gr\u00e8ve dure et suivie par les m\u00e9decins lib\u00e9raux des cliniques priv\u00e9es.<\/p>\n<p class=\"std-elt__inline\">\n        <strong>\u00c0 lire aussi :<\/strong><br \/>\n        <a href=\"https:\/\/www.ladepeche.fr\/2026\/01\/11\/temoignage-la-lassitude-sest-transformee-en-colere-les-chirurgiens-en-greve-ont-manifeste-a-paris-avant-de-sexiler-a-bruxelles-13153297.php\" target=\"_blank\" rel=\"noopener\">T\u00c9MOIGNAGE. \u00ab\u00a0La lassitude s\u2019est transform\u00e9e en col\u00e8re\u00a0\u00bb\u00a0: les chirurgiens en gr\u00e8ve ont manifest\u00e9 \u00e0 Paris avant de \u00ab\u00a0s\u2019exiler\u00a0\u00bb \u00e0 Bruxelles<\/a>\n    <\/p>\n<p>\u00ab\u00a0Nous avons anticip\u00e9 en proposant un plan d\u00e8s mercredi, suivi par la Direction. Quatre salles d\u2019accouchement et une salle de c\u00e9sarienne en plus ainsi que douze lits de suite de naissance ont \u00e9t\u00e9 ouverts. Du personnel a \u00e9t\u00e9 appel\u00e9 en renfort, tous les cadres restent sur place jour et nuit. Nous sommes fiers de toute cette implication des \u00e9quipes pour assurer des soins de qualit\u00e9 aux patientes. M\u00eame les agents d\u2019accueil viennent nous demander comment aider\u00a0\u00bb, compl\u00e8te le gyn\u00e9cologue obst\u00e9tricien. Des sorties dites \u00ab\u00a0pr\u00e9coces\u00a0\u00bb font \u00e9galement partie de la strat\u00e9gie mise en place gr\u00e2ce \u00e0 l\u2019implication des sages-femmes lib\u00e9rales qui peuvent assurer un suivi \u00e0 domicile.<\/p>\n<p>\u00ab\u00a0Les \u00e9quipes sont tr\u00e8s comp\u00e9tentes, on peut les applaudir\u00a0\u00bb<\/p>\n<p>        <img decoding=\"async\" class=\"std-img__img responsive-img\" src=\"https:\/\/www.europesays.com\/fr\/wp-content\/uploads\/2026\/01\/1768285993_176_image.jpg\" alt=\"Ad\u00e8le est n\u00e9e le 11\u00a0janvier \u00e0 la maternit\u00e9 Paule-de-Viguier. Elle est entour\u00e9e de ses parents, Estelle et Sekou Ciss\u00e9, et de Nathalie Laurenceau, cadre sage-femme au CHU de Toulouse.\"\/><\/p>\n<p>                Ad\u00e8le est n\u00e9e le 11\u00a0janvier \u00e0 la maternit\u00e9 Paule-de-Viguier. Elle est entour\u00e9e de ses parents, Estelle et Sekou Ciss\u00e9, et de Nathalie Laurenceau, cadre sage-femme au CHU de Toulouse.<br \/>\n                                    DDM &#8211; LAURENT DARD<\/p>\n<p>\u00ab\u00a0Nous sommes en suractivit\u00e9 avec 50 accouchements de plus dans les trois derniers jours\u00a0mais nous faisons en sorte que les patientes ne ressentent que de la s\u00e9curit\u00e9 en venant ici, nous ne voulons pas leur ajouter de stress\u00a0\u00bb, compl\u00e8te Nathalie Laurenceau, cadre sage-femme qui coordonne le service. C\u2019est ce qu\u2019elle explique ce lundi apr\u00e8s-midi \u00e0 Estelle et Sekou Ciss\u00e9, parents de la petite Ad\u00e8le, n\u00e9e la veille. \u00ab\u00a0On nous a accueillis comme s\u2019il ne se passait rien de sp\u00e9cial autour. Franchement, on peut tous les applaudir\u00a0\u00bb, t\u00e9moigne Estelle. \u00ab\u00a0Je devais accoucher sur le plateau technique de la clinique Rive Gauche mis \u00e0 disposition pour les sages-femmes lib\u00e9rales mais qui est ferm\u00e9 en raison de la gr\u00e8ve. Quand on l\u2019a appris, \u00e7a a g\u00e9n\u00e9r\u00e9 un peu de stress. J\u2019ai eu mes premi\u00e8res contractions dimanche \u00e0 14\u00a0heures, on a appel\u00e9 Purpan \u00e0 15\u00a0heures. \u00c0 16\u00a0heures, nous \u00e9tions l\u00e0, et coup de chance, la salle d\u2019accouchement physiologique \u00e9tait disponible. Ad\u00e8le est n\u00e9e \u00e0 17\u00a0h\u00a047. Tout s\u2019est pass\u00e9 dans les meilleures conditions, comme on l\u2019aurait voulu. Les \u00e9quipes sont tr\u00e8s comp\u00e9tentes\u00a0\u00bb, t\u00e9moigne la maman.<\/p>\n<p>Au pic de l\u2019\u00e9pid\u00e9mie de grippe<\/p>\n<p>Aux Samu et aux urgences adultes, l\u2019impact de la gr\u00e8ve dans les cliniques de l\u2019agglom\u00e9ration est \u00e9galement \u00e9norme, malgr\u00e9 les renforts en ressources humaines. Le centre d\u2019appels du 15 re\u00e7oit entre 2\u00a0000 et 2\u00a0200 appels par jour. Dans les cas les moins urgents, il faut parfois attendre deux heures pour avoir un avis m\u00e9dical ou une proposition de rendez-vous.<\/p>\n<p>Ce lundi, vers 18\u00a0heures, le flux de patients aux urgences ne d\u00e9croissait pas. \u00ab\u00a0\u00c0 Rangueil, nous avons 55 patients couch\u00e9s pour 13 boxes, \u00e0 Purpan, ils sont 75 pour 40 boxes. Les couloirs sont pleins avec des patients qui ne peuvent pas \u00eatre re\u00e7us dans les urgences des cliniques qui n\u2019ont plus d\u2019activit\u00e9 de radiologie ou de chirurgie, et nous sommes, en plus, au pic de l\u2019\u00e9pid\u00e9mie de grippe. Notre probl\u00e8me, c\u2019est d\u2019absorber ce flux\u00a0\u00bb, d\u00e9clare le Pr Sandrine Charpentier, cheffe du p\u00f4le urgences du CHU de Toulouse qui constate un doublement du nombre de passages. Les r\u00e9unions s\u2019encha\u00eenent pour trouver des solutions qui passent parfois par des d\u00e9programmations d\u2019op\u00e9rations afin de lib\u00e9rer les blocs op\u00e9ratoires pour des urgences, notamment en traumatologie.<\/p>\n","protected":false},"excerpt":{"rendered":"l&rsquo;essentiel La gr\u00e8ve des m\u00e9decins lib\u00e9raux, entam\u00e9e le 5\u00a0janvier, est entr\u00e9e dans le dur depuis ce week-end. La&hellip;\n","protected":false},"author":2,"featured_media":660044,"comment_status":"","ping_status":"","sticky":false,"template":"","format":"standard","meta":{"footnotes":""},"categories":[2816],"tags":[1111,11,1777,674,1011,27,2722,12,2680,25,8755,2312],"class_list":{"0":"post-660043","1":"post","2":"type-post","3":"status-publish","4":"format-standard","5":"has-post-thumbnail","7":"category-toulouse","8":"tag-actu","9":"tag-actualites","10":"tag-eu","11":"tag-europe","12":"tag-fr","13":"tag-france","14":"tag-haute-garonne","15":"tag-news","16":"tag-occitanie","17":"tag-republique-francaise","18":"tag-santu00e9","19":"tag-toulouse"},"share_on_mastodon":{"url":"https:\/\/pubeurope.com\/@fr\/115886398156858235","error":""},"_links":{"self":[{"href":"https:\/\/www.europesays.com\/fr\/wp-json\/wp\/v2\/posts\/660043","targetHints":{"allow":["GET"]}}],"collection":[{"href":"https:\/\/www.europesays.com\/fr\/wp-json\/wp\/v2\/posts"}],"about":[{"href":"https:\/\/www.europesays.com\/fr\/wp-json\/wp\/v2\/types\/post"}],"author":[{"embeddable":true,"href":"https:\/\/www.europesays.com\/fr\/wp-json\/wp\/v2\/users\/2"}],"replies":[{"embeddable":true,"href":"https:\/\/www.europesays.com\/fr\/wp-json\/wp\/v2\/comments?post=660043"}],"version-history":[{"count":0,"href":"https:\/\/www.europesays.com\/fr\/wp-json\/wp\/v2\/posts\/660043\/revisions"}],"wp:featuredmedia":[{"embeddable":true,"href":"https:\/\/www.europesays.com\/fr\/wp-json\/wp\/v2\/media\/660044"}],"wp:attachment":[{"href":"https:\/\/www.europesays.com\/fr\/wp-json\/wp\/v2\/media?parent=660043"}],"wp:term":[{"taxonomy":"category","embeddable":true,"href":"https:\/\/www.europesays.com\/fr\/wp-json\/wp\/v2\/categories?post=660043"},{"taxonomy":"post_tag","embeddable":true,"href":"https:\/\/www.europesays.com\/fr\/wp-json\/wp\/v2\/tags?post=660043"}],"curies":[{"name":"wp","href":"https:\/\/api.w.org\/{rel}","templated":true}]}}