{"id":660052,"date":"2026-01-13T06:38:09","date_gmt":"2026-01-13T06:38:09","guid":{"rendered":"https:\/\/www.europesays.com\/fr\/660052\/"},"modified":"2026-01-13T06:38:09","modified_gmt":"2026-01-13T06:38:09","slug":"son-beau-projet-risque-detre-abandonne","status":"publish","type":"post","link":"https:\/\/www.europesays.com\/fr\/660052\/","title":{"rendered":"son beau projet risque d&rsquo;\u00eatre abandonn\u00e9"},"content":{"rendered":"<p>                    Par<br \/>\n        <strong><br \/>\n            <a href=\"https:\/\/actu.fr\/auteur\/theo-zuili\" title=\"Consulter tous les articles de Th\u00e9o Zuili\" target=\"_blank\" rel=\"noopener\">Th\u00e9o Zuili<\/a><br \/>\n                    <\/strong><\/p>\n<p>        Publi\u00e9 le<\/p>\n<p>            13 janv. 2026 \u00e0 6h12        <\/p>\n<p>Jonathan Marin, architecte originaire de <a href=\"https:\/\/actu.fr\/occitanie\/toulouse_31555\" target=\"_blank\" rel=\"noopener\">Toulouse<\/a> passionn\u00e9 de Lego, souhaite rendre un bel hommage \u00e0 la plus c\u00e9l\u00e8bre des figures de <a href=\"https:\/\/actu.fr\/auvergne-rhone-alpes\/lyon_69123\" target=\"_blank\" rel=\"noopener\">Lyon<\/a>. Depuis juin 2024, il mobilise autour de lui et dans la presse pour <strong>r\u00e9unir les 10 000 signatures n\u00e9cessaires<\/strong> afin que son projet d\u00e9di\u00e9 au <a href=\"https:\/\/actu.fr\/ile-de-france\/paris_75056\/rarissime-ce-document-temoin-de-la-genese-du-petit-prince-est-mis-en-vente-a-paris_60360465.html\" target=\"_blank\" rel=\"noopener\">Petit Prince<\/a> et \u00e0 Antoine de Saint-Exup\u00e9ry puisse esp\u00e9rer trouver sa place dans les rayons des magasins. L\u2019\u00e9ch\u00e9ance approche et les signatures manquent.<\/p>\n<p>\u00ab\u00a0Antoine de Saint-Exup\u00e9ry x Le Petit Prince\u00a0\u00bb<\/p>\n<p class=\" wall-content\">Fan de Lego et d\u2019Antoine de Saint-Exup\u00e9ry dans son enfance, le trentenaire a eu l\u2019id\u00e9e d\u2019associer les deux avec <a href=\"https:\/\/beta.ideas.lego.com\/product-ideas\/f564e7f9-894c-40e6-814c-e33434858f4f\" target=\"_blank\" rel=\"noopener\">un projet d\u00e9pos\u00e9 sur Lego\u00ae Ideas (<strong>ici<\/strong>)<\/a>, une plate-forme sur laquelle chacun peut soumettre des ensembles de construction customis\u00e9s \u00e0 la marque.<\/p>\n<p class=\" wall-content\">S\u2019attaquant au plus c\u00e9l\u00e8bre ouvrage de Saint-Exup\u00e9ry, Jonathan Marin compte autant rendre hommage \u00ab\u00a0au pilote qu\u2019\u00e0 l\u2019\u00e9crivain. C\u2019est une figure importante qui a laiss\u00e9 son empreinte dans la r\u00e9gion toulousaine et qui a marqu\u00e9 mon imaginaire d\u2019enfant comme pionnier de l\u2019aviation\u00a0\u00bb, t\u00e9moignait-il <a href=\"https:\/\/actu.fr\/occitanie\/toulouse_31555\/a-l-aube-des-80-ans-de-la-mort-de-saint-exupery-il-cree-un-lego-sur-l-univers-du-petit-prince_61400433.html\" target=\"_blank\" rel=\"noopener\">aupr\u00e8s d\u2019actu Toulouse<\/a>.<\/p>\n<p class=\" wall-content\"><a href=\"https:\/\/www.instagram.com\/p\/DCrro-cOznc\/embed\" title=\"Ouvrir le lien sur Instagram\" target=\"_blank\" rel=\"noopener\">Visualiser le contenu sur Instagram<\/a><\/p>\n<p class=\" wall-content\">Son set de <strong>1 470 pi\u00e8ces<\/strong> environ propose deux grandes figurines du Petit Prince avec sa rose et du renard, surplomb\u00e9es d\u2019un majestueux Sopwith, l\u2019avion rouge mythique associ\u00e9 au petit gar\u00e7on blond. On retrouve l\u2019ast\u00e9ro\u00efde B612, dont le Petit Prince serait originaire, ainsi que deux figurines d\u2019Antoine de Saint-Exup\u00e9ry, repr\u00e9sent\u00e9 en \u00e9crivain \u00e0 son bureau et en pilote en mission.<\/p>\n<p>Le temps presse<\/p>\n<p class=\" wall-content\">Pour \u00eatre s\u00e9rieusement \u00e9tudi\u00e9 par les \u00e9quipes Lego\u00ae et \u00e9ventuellement transmettre l\u2019un des plus beaux contes pour enfants \u00e0 la nouvelle g\u00e9n\u00e9ration, ce petit bijou a besoin de r\u00e9colter 10 000 signatures.<\/p>\n<p class=\" wall-content\">Avec 4 921 soutiens au moment de la r\u00e9daction de cet article, le projet <strong>n\u2019a plus que 26 jours<\/strong> pour atteindre le seuil des 5 000 signatures et profiter d\u2019une rallonge de six mois. Jonathan Marin appelle aux votes pour \u00e9viter que le projet ne soit mis \u00e0 la corbeille.<\/p>\n<p>Votre r\u00e9gion, votre actu !<\/p>\n<p>Recevez chaque jour les infos qui comptent pour vous.<\/p>\n<p>\t<a href=\"https:\/\/actu.fr\/newsletter\" class=\"ac-btn ac-btn--corner ac-btn--medium ac-btn--blue800\" target=\"_blank\" rel=\"noopener\">S&rsquo;incrire<\/a><\/p>\n<p class=\" wall-content\">De quoi saluer, aussi, les quatre \u00e0 cinq mois de travail qui ont permis au concepteur de transformer son id\u00e9e en maquette 3D con\u00e7ue \u00e0 l\u2019aide des pi\u00e8ces de production de la marque.<\/p>\n<p class=\" wall-content\">Personnalisez votre actualit\u00e9 en ajoutant vos villes et m\u00e9dias en favori avec <a href=\"https:\/\/moncompte.actu.fr\" title=\"D\u00e9couvez Mon Actu\" rel=\"nofollow noopener\" data-trk=\"{&quot;cta&quot;:{&quot;action&quot;:&quot;https:\\\/\\\/moncompte.actu.fr&quot;,&quot;category&quot;:&quot;mon compte&quot;,&quot;from&quot;:&quot;article footer&quot;,&quot;name&quot;:&quot;Mon actu&quot;,&quot;type&quot;:&quot;cta&quot;}}\" target=\"_blank\">Mon Actu<\/a>.<\/p>\n<p>                    <script async src=\"\/\/www.instagram.com\/embed.js\"><\/script><\/p>\n","protected":false},"excerpt":{"rendered":"Par Th\u00e9o Zuili Publi\u00e9 le 13 janv. 2026 \u00e0 6h12 Jonathan Marin, architecte originaire de Toulouse passionn\u00e9 de&hellip;\n","protected":false},"author":2,"featured_media":660053,"comment_status":"","ping_status":"","sticky":false,"template":"","format":"standard","meta":{"footnotes":""},"categories":[1889],"tags":[1111,11,2430,1777,674,1011,27,937,1757,1652,2428,12,25],"class_list":{"0":"post-660052","1":"post","2":"type-post","3":"status-publish","4":"format-standard","5":"has-post-thumbnail","7":"category-lyon","8":"tag-actu","9":"tag-actualites","10":"tag-auvergne-rhone-alpes","11":"tag-eu","12":"tag-europe","13":"tag-fr","14":"tag-france","15":"tag-histoire","16":"tag-insolite","17":"tag-loisirs-culture","18":"tag-lyon","19":"tag-news","20":"tag-republique-francaise"},"share_on_mastodon":{"url":"https:\/\/pubeurope.com\/@fr\/115886417702200941","error":""},"_links":{"self":[{"href":"https:\/\/www.europesays.com\/fr\/wp-json\/wp\/v2\/posts\/660052","targetHints":{"allow":["GET"]}}],"collection":[{"href":"https:\/\/www.europesays.com\/fr\/wp-json\/wp\/v2\/posts"}],"about":[{"href":"https:\/\/www.europesays.com\/fr\/wp-json\/wp\/v2\/types\/post"}],"author":[{"embeddable":true,"href":"https:\/\/www.europesays.com\/fr\/wp-json\/wp\/v2\/users\/2"}],"replies":[{"embeddable":true,"href":"https:\/\/www.europesays.com\/fr\/wp-json\/wp\/v2\/comments?post=660052"}],"version-history":[{"count":0,"href":"https:\/\/www.europesays.com\/fr\/wp-json\/wp\/v2\/posts\/660052\/revisions"}],"wp:featuredmedia":[{"embeddable":true,"href":"https:\/\/www.europesays.com\/fr\/wp-json\/wp\/v2\/media\/660053"}],"wp:attachment":[{"href":"https:\/\/www.europesays.com\/fr\/wp-json\/wp\/v2\/media?parent=660052"}],"wp:term":[{"taxonomy":"category","embeddable":true,"href":"https:\/\/www.europesays.com\/fr\/wp-json\/wp\/v2\/categories?post=660052"},{"taxonomy":"post_tag","embeddable":true,"href":"https:\/\/www.europesays.com\/fr\/wp-json\/wp\/v2\/tags?post=660052"}],"curies":[{"name":"wp","href":"https:\/\/api.w.org\/{rel}","templated":true}]}}