{"id":660054,"date":"2026-01-13T06:39:20","date_gmt":"2026-01-13T06:39:20","guid":{"rendered":"https:\/\/www.europesays.com\/fr\/660054\/"},"modified":"2026-01-13T06:39:20","modified_gmt":"2026-01-13T06:39:20","slug":"la-serl-debloque-200-millions-deuros-pour-les-territoires","status":"publish","type":"post","link":"https:\/\/www.europesays.com\/fr\/660054\/","title":{"rendered":"la SERL d\u00e9bloque 200\u00a0millions d\u2019euros pour les territoires"},"content":{"rendered":"<p>Op\u00e9rateur immobilier au service des politiques publiques, le Groupe SERL organisait, le 18\u00a0d\u00e9cembre dernier, son assembl\u00e9e g\u00e9n\u00e9rale extraordinaire. Avec, \u00e0 l\u2019ordre du jour, la recapitalisation de la SEM SERL et l\u2019ouverture du capital de SERL Immo. La soci\u00e9t\u00e9 d\u2019\u00e9conomie mixte (et ses deux soci\u00e9t\u00e9s publiques locales Mlac et Pacte Rh\u00f4ne), dont les actionnaires publics sont la M\u00e9tropole de Lyon (37,5\u00a0%) et le D\u00e9partement du Rh\u00f4ne (12,5\u00a0%), porte, depuis 2011, \u00ab\u00a0des investissements de long terme afin d\u2019appuyer le&#8230;<\/p>\n","protected":false},"excerpt":{"rendered":"Op\u00e9rateur immobilier au service des politiques publiques, le Groupe SERL organisait, le 18\u00a0d\u00e9cembre dernier, son assembl\u00e9e g\u00e9n\u00e9rale extraordinaire.&hellip;\n","protected":false},"author":2,"featured_media":660055,"comment_status":"","ping_status":"","sticky":false,"template":"","format":"standard","meta":{"footnotes":""},"categories":[1889],"tags":[1111,11,2430,33,2757,1777,674,1011,27,1116,693,2428,2756,12,25,2429],"class_list":{"0":"post-660054","1":"post","2":"type-post","3":"status-publish","4":"format-standard","5":"has-post-thumbnail","7":"category-lyon","8":"tag-actu","9":"tag-actualites","10":"tag-auvergne-rhone-alpes","11":"tag-economie","12":"tag-edition-lyon-villeurbanne","13":"tag-eu","14":"tag-europe","15":"tag-fr","16":"tag-france","17":"tag-immobilier","18":"tag-industrie","19":"tag-lyon","20":"tag-lyon-bassin","21":"tag-news","22":"tag-republique-francaise","23":"tag-rhone"},"share_on_mastodon":{"url":"https:\/\/pubeurope.com\/@fr\/115886421590328202","error":""},"_links":{"self":[{"href":"https:\/\/www.europesays.com\/fr\/wp-json\/wp\/v2\/posts\/660054","targetHints":{"allow":["GET"]}}],"collection":[{"href":"https:\/\/www.europesays.com\/fr\/wp-json\/wp\/v2\/posts"}],"about":[{"href":"https:\/\/www.europesays.com\/fr\/wp-json\/wp\/v2\/types\/post"}],"author":[{"embeddable":true,"href":"https:\/\/www.europesays.com\/fr\/wp-json\/wp\/v2\/users\/2"}],"replies":[{"embeddable":true,"href":"https:\/\/www.europesays.com\/fr\/wp-json\/wp\/v2\/comments?post=660054"}],"version-history":[{"count":0,"href":"https:\/\/www.europesays.com\/fr\/wp-json\/wp\/v2\/posts\/660054\/revisions"}],"wp:featuredmedia":[{"embeddable":true,"href":"https:\/\/www.europesays.com\/fr\/wp-json\/wp\/v2\/media\/660055"}],"wp:attachment":[{"href":"https:\/\/www.europesays.com\/fr\/wp-json\/wp\/v2\/media?parent=660054"}],"wp:term":[{"taxonomy":"category","embeddable":true,"href":"https:\/\/www.europesays.com\/fr\/wp-json\/wp\/v2\/categories?post=660054"},{"taxonomy":"post_tag","embeddable":true,"href":"https:\/\/www.europesays.com\/fr\/wp-json\/wp\/v2\/tags?post=660054"}],"curies":[{"name":"wp","href":"https:\/\/api.w.org\/{rel}","templated":true}]}}