{"id":660058,"date":"2026-01-13T06:42:14","date_gmt":"2026-01-13T06:42:14","guid":{"rendered":"https:\/\/www.europesays.com\/fr\/660058\/"},"modified":"2026-01-13T06:42:14","modified_gmt":"2026-01-13T06:42:14","slug":"les-tracteurs-de-retour-a-paris-pour-exprimer-la-colere-agricole-actualites","status":"publish","type":"post","link":"https:\/\/www.europesays.com\/fr\/660058\/","title":{"rendered":"Les tracteurs de retour \u00e0 Paris pour exprimer la col\u00e8re agricole : Actualit\u00e9s"},"content":{"rendered":"<p class=\"lead \">Des dizaines de tracteurs sont de nouveau entr\u00e9s dans Paris \u00e0 l&rsquo;aube mardi, cette fois-ci aux couleurs de la FNSEA et des Jeunes Agriculteurs pour exiger des \u00ab\u00a0actes concrets et imm\u00e9diats\u00a0\u00bb du gouvernement qui peine \u00e0 faire face \u00e0 la col\u00e8re agricole.<\/p>\n<p class=\"lead \">Un premier convoi d&rsquo;une quinzaine de tracteurs de la FNSEA et des Jeunes Agriculteurs sont entr\u00e9s dans Paris mardi peu avant 06H00, a constat\u00e9 une journaliste de l&rsquo;AFP. <\/p>\n<p class=\"lead \">Ils ont vite \u00e9t\u00e9 rejoints par des dizaines d&rsquo;autres v\u00e9hicules. Le mouvement ambitionne de faire d\u00e9barquer plusieurs centaines de tracteurs dans Paris.<\/p>\n<p class=\"lead \">Arborant des drapeaux de la FNSEA et des Jeunes Agriculteurs, les tracteurs, entr\u00e9s par Porte Dauphine et escort\u00e9s par des camions de CRS, remontaient vers 06H15 l&rsquo;avenue Foch en direction de l&rsquo;Arc de Triomphe, en klaxonnant abondamment. <\/p>\n<p class=\"lead \">\u00ab\u00a0Pas de pays sans paysan\u00a0\u00bb, \u00ab\u00a0pas de paysan =&gt; pas d&rsquo;alimentation\u00a0\u00bb, peut-on lire sur un panneau accroch\u00e9 \u00e0 l&rsquo;un des tracteurs.<\/p>\n<p class=\"lead \">Vers 06H45, les tracteurs \u00e9taient sur l&rsquo;avenue des Champs-Elys\u00e9es, a constat\u00e9 une journaliste l&rsquo;AFP.<\/p>\n<p class=\"lead \">Leur parcours, avalis\u00e9 par la pr\u00e9fecture de police de Paris les m\u00e8nera ensuite \u00e0 l&rsquo;avenue George V et au pont de l&rsquo;Alma avant un rassemblement qui doit se tenir quai d&rsquo;Orsay. Certains ont m\u00eame pr\u00e9vu matelas et duvets pour prolonger la journ\u00e9e de mobilisation.<\/p>\n<p class=\"lead \">\u00ab\u00a0Si on veut garder la souverainet\u00e9 alimentaire, qu&rsquo;on nous laisse exercer notre m\u00e9tier\u00a0\u00bb, a d\u00e9clar\u00e9 \u00e0 l&rsquo;AFP Fabrice Moulin, 52 ans, qui cultive des c\u00e9r\u00e9ales dans l&rsquo;Eure, \u00e0 proximit\u00e9 des Yvelines. <\/p>\n<p class=\"lead \"> \u00ab\u00a0On n&rsquo;est pas pour l&rsquo;anarchie mais trop de r\u00e8gles tue les r\u00e8gles. Aujourd&rsquo;hui, on ne vit plus de notre activit\u00e9\u00a0\u00bb, a-t-il soutenu, \u00e9voquant le chapelet de mauvaises nouvelles pour l&rsquo;agriculture : crise sanitaire li\u00e9e \u00e0 la dermatose nodulaire contagieuse (DNC), l&rsquo;accroissement du co\u00fbt des engrais, l&rsquo;accord UE-Mercosur en passe d&rsquo;\u00eatre sign\u00e9. <\/p>\n<p class=\"lead \">Pour Baptiste Zado, qui exploite une ferme en polyculture et \u00e9levage avec son p\u00e8re dans les Yvelines, en r\u00e9gion parisienne, \u00ab\u00a0on a besoin qu&rsquo;on nous s\u00e9curise le march\u00e9 fran\u00e7ais. L&rsquo;\u00e9levage fran\u00e7ais doit passer avant l&rsquo;\u00e9levage br\u00e9silien\u00a0\u00bb. <\/p>\n<p class=\"lead \">\u00ab\u00a0On ne peut plus se serrer la ceinture\u00a0\u00bb, affirme ce membre des Jeunes Agriculteurs.<\/p>\n<p class=\"lead \">L&rsquo;action a lieu \u00e0 l&rsquo;initiative de la FRSEA Grand bassin parisien, une entit\u00e9 englobant l&rsquo;Ile-de-France et des d\u00e9partements de r\u00e9gions voisines, pour exiger des \u00ab\u00a0actes concrets et imm\u00e9diats\u00a0\u00bb pour d\u00e9fendre la souverainet\u00e9 alimentaire. <\/p>\n<p class=\"lead \">Cette \u00e9tape intervient quelques jours \u00e0 peine apr\u00e8s les actions coup de poing de la Coordination rurale et de la Conf\u00e9d\u00e9ration paysanne.<\/p>\n<p class=\"lead \">&#8211; \u00ab\u00a0col\u00e8re l\u00e9gitime\u00a0\u00bb &#8211;<\/p>\n<p class=\"lead \">\u00c0 quelques jours de la signature de l&rsquo;accord UE-Mercosur, samedi au Paraguay, les agriculteurs ont multipli\u00e9 les actions, comme au Havre, premier port fran\u00e7ais de commerce, o\u00f9 des filtrages ont \u00e9t\u00e9 mis en place, sans bloquer l&rsquo;activit\u00e9, toutefois: depuis ce weekend, des agriculteurs \u00ab\u00a0contr\u00f4lent\u00a0\u00bb les camions frigorifiques et v\u00e9rifient la provenance des produits.<\/p>\n<p class=\"lead \">Ils ont d\u00e9couvert \u00ab\u00a0des produits qui n&rsquo;ont pas les m\u00eames normes de production\u00a0\u00bb que les n\u00f4tres, avait pr\u00e9c\u00e9demment d\u00e9plor\u00e9 aupr\u00e8s de l&rsquo;AFP Justin Lema\u00eetre, secr\u00e9taire g\u00e9n\u00e9ral des Jeunes Agriculteurs en Seine-Maritime, r\u00e9clamant \u00ab\u00a0que l&rsquo;importation respecte nos standards de production\u00a0\u00bb.<\/p>\n<p class=\"lead \">Pour les d\u00e9tracteurs du trait\u00e9 commercial avec les pays du Mercosur (Argentine, Br\u00e9sil, Paraguay, Uruguay), cet accord va bousculer l&rsquo;agriculture europ\u00e9enne avec des produits import\u00e9s moins chers et pas forc\u00e9ment respectueux des normes de l&rsquo;UE, faute de contr\u00f4les suffisants.<\/p>\n<p class=\"lead \">Les ports de Bayonne, La Rochelle, ont \u00e9galement \u00e9t\u00e9 le th\u00e9\u00e2tre de blocages de la part de divers syndicats agricoles, lesquels ont mobilis\u00e9 devant les pr\u00e9fectures ou sur les routes \u00e0 Metz, Pau, P\u00e9rigueux, Poitiers, Dax et Limoges.<\/p>\n<p class=\"lead \">Cette nouvelle mobilisation, d\u00e9but\u00e9e en d\u00e9cembre dans le Doubs puis en Ari\u00e8ge en opposition \u00e0 la gestion gouvernementale de la dermatose nodulaire contagieuse (DNC) bovine, s&rsquo;\u00e9tait muscl\u00e9e la semaine derni\u00e8re avec l&rsquo;entr\u00e9e de tracteurs dans Paris.<\/p>\n<p class=\"lead \">\u00ab\u00a0La col\u00e8re des agriculteurs est profonde et leurs revendications sont l\u00e9gitimes, et nous les entendons au plus haut niveau du gouvernement\u00a0\u00bb, a r\u00e9pondu lundi matin sur BFMTV la ministre de l&rsquo;Agriculture Annie Genevard, apr\u00e8s avoir annonc\u00e9 vendredi des mesures en faveur des c\u00e9r\u00e9aliers, des viticulteurs ou encore des \u00e9leveurs, sans calmer la mobilisation.<\/p>\n<p class=\"lead \">Outre la France, des manifestations ont eu lieu en Italie, Pologne ou Irlande. La ratification du trait\u00e9 d\u00e9pend encore d&rsquo;un vote qui s&rsquo;annonce serr\u00e9 au Parlement europ\u00e9en, pas avant f\u00e9vrier. Un grand rassemblement d&rsquo;agriculteurs est pr\u00e9vu devant son si\u00e8ge strasbourgeois le 20 janvier.<\/p>\n<p class=\"small font-weight-bold text-gray3 \"> publi\u00e9 le 13 janvier \u00e0 07h17, AFP<\/p>\n<p>                             Partager<\/p>\n","protected":false},"excerpt":{"rendered":"Des dizaines de tracteurs sont de nouveau entr\u00e9s dans Paris \u00e0 l&rsquo;aube mardi, cette fois-ci aux couleurs de&hellip;\n","protected":false},"author":2,"featured_media":660059,"comment_status":"","ping_status":"","sticky":false,"template":"","format":"standard","meta":{"footnotes":""},"categories":[1888],"tags":[13790,39758,1111,1928,11,1927,327,1867,215,1777,674,1011,27,76199,2088,12,1926,626,1925,316,25,585,3427,1778],"class_list":{"0":"post-660058","1":"post","2":"type-post","3":"status-publish","4":"format-standard","5":"has-post-thumbnail","7":"category-paris","8":"tag-conomie","9":"tag-levage","10":"tag-actu","11":"tag-actu-paris","12":"tag-actualites","13":"tag-actualites-paris","14":"tag-agriculture","15":"tag-animaux","16":"tag-commerce","17":"tag-eu","18":"tag-europe","19":"tag-fr","20":"tag-france","21":"tag-grandes-cultures","22":"tag-manifestation","23":"tag-news","24":"tag-news-paris","25":"tag-paris","26":"tag-paris-news","27":"tag-politique","28":"tag-republique-francaise","29":"tag-sant","30":"tag-syndicats","31":"tag-ue"},"share_on_mastodon":{"url":"https:\/\/pubeurope.com\/@fr\/115886433468207459","error":""},"_links":{"self":[{"href":"https:\/\/www.europesays.com\/fr\/wp-json\/wp\/v2\/posts\/660058","targetHints":{"allow":["GET"]}}],"collection":[{"href":"https:\/\/www.europesays.com\/fr\/wp-json\/wp\/v2\/posts"}],"about":[{"href":"https:\/\/www.europesays.com\/fr\/wp-json\/wp\/v2\/types\/post"}],"author":[{"embeddable":true,"href":"https:\/\/www.europesays.com\/fr\/wp-json\/wp\/v2\/users\/2"}],"replies":[{"embeddable":true,"href":"https:\/\/www.europesays.com\/fr\/wp-json\/wp\/v2\/comments?post=660058"}],"version-history":[{"count":0,"href":"https:\/\/www.europesays.com\/fr\/wp-json\/wp\/v2\/posts\/660058\/revisions"}],"wp:featuredmedia":[{"embeddable":true,"href":"https:\/\/www.europesays.com\/fr\/wp-json\/wp\/v2\/media\/660059"}],"wp:attachment":[{"href":"https:\/\/www.europesays.com\/fr\/wp-json\/wp\/v2\/media?parent=660058"}],"wp:term":[{"taxonomy":"category","embeddable":true,"href":"https:\/\/www.europesays.com\/fr\/wp-json\/wp\/v2\/categories?post=660058"},{"taxonomy":"post_tag","embeddable":true,"href":"https:\/\/www.europesays.com\/fr\/wp-json\/wp\/v2\/tags?post=660058"}],"curies":[{"name":"wp","href":"https:\/\/api.w.org\/{rel}","templated":true}]}}