{"id":660070,"date":"2026-01-13T06:48:12","date_gmt":"2026-01-13T06:48:12","guid":{"rendered":"https:\/\/www.europesays.com\/fr\/660070\/"},"modified":"2026-01-13T06:48:12","modified_gmt":"2026-01-13T06:48:12","slug":"les-usa-coupables-de-crime-de-guerre-cette-technique-utilisee-par-larmee-americaine-pourrait-bien-etre-consideree-comme-tel","status":"publish","type":"post","link":"https:\/\/www.europesays.com\/fr\/660070\/","title":{"rendered":"Les USA coupables de crime de guerre\u00a0? Cette technique utilis\u00e9e par l\u2019arm\u00e9e am\u00e9ricaine pourrait bien \u00eatre consid\u00e9r\u00e9e comme tel\u2026"},"content":{"rendered":"<p>  \tEn septembre dernier, une attaque des USA contre un bateau de trafiquants de drogue pr\u00e9sum\u00e9s avait fait 11 morts. Cette offensive \u00e9tait-elle un crime de guerre\u00a0?<\/p>\n<p>&#13;<br \/>\n&#13;<\/p>\n<p>L\u2019arm\u00e9e am\u00e9ricaine a utilis\u00e9 un avion maquill\u00e9 en appareil civil lors de sa premi\u00e8re attaque contre un bateau de trafiquants de drogue pr\u00e9sum\u00e9s, a r\u00e9v\u00e9l\u00e9 lundi le New York Times. Cette attaque avait fait 11 morts en septembre.<\/p>\n<p>La pratique pourrait constituer un crime de guerre, selon le quotidien new-yorkais. Le droit international humanitaire interdit en effet la \u00ab\u00a0perfidie\u00a0\u00bb, qui consiste notamment \u00e0 tromper l\u2019adversaire en feignant d\u2019avoir le statut de civil.<\/p>\n<p>&#13;<br \/>\n&#13;<\/p>\n<p>&#13;<br \/>\n&#13;<\/p>\n<p>\n  &#13;<br \/>\n  \u00c0 lire aussi&#13;<br \/>\n  &#13;<\/p>\n<p>  <img decoding=\"async\" data-copyright=\"AFP\" class=\"r-img\"  typeof=\"foaf:Image\" src=\"https:\/\/www.europesays.com\/fr\/wp-content\/uploads\/2026\/01\/57461864.jpeg\" alt=\"Illustration\"\/><br \/>\n        <a class=\"r-stories--link\" href=\"https:\/\/www.rtl.be\/actu\/monde\/international\/deploiement-des-etats-unis-en-amerique-latine-huit-morts-dans-des-frappes\/2025-12-16\/article\/773665\" target=\"_blank\" rel=\"noopener\">D\u00e9ploiement des \u00c9tats-Unis en Am\u00e9rique latine\u00a0: huit morts dans des frappes am\u00e9ricaines contre trois navires li\u00e9s au \u00ab\u00a0narcotrafic\u00a0\u00bb<\/a>&#13;<br \/>\n  &#13;<br \/>\n&#13;\n<\/p>\n<p>Les \u00c9tats-Unis m\u00e8nent depuis le mois de septembre une campagne de frappes contre des embarcations, pr\u00e9sent\u00e9es par Washington comme appartenant \u00e0 des trafiquants de drogue, qui ont fait plus de 100 morts dans les Cara\u00efbes et le Pacifique. L\u2019administration de Donald Trump n\u2019a jamais fourni la moindre preuve que les navires vis\u00e9s \u00e9taient effectivement impliqu\u00e9s dans un quelconque trafic.<\/p>\n<p>11 morts <\/p>\n<p>La premi\u00e8re de ces frappes avait \u00e9t\u00e9 annonc\u00e9e le 2 septembre par le pr\u00e9sident am\u00e9ricain et avait fait 11 morts, selon lui. Citant des responsables au fait du dossier, le New York Times rapporte que cette frappe a \u00e9t\u00e9 r\u00e9alis\u00e9e par un avion d\u00e9guis\u00e9 en appareil civil, qui transportait ses munitions \u00e0 l\u2019int\u00e9rieur du fuselage et non de mani\u00e8re visible sous les ailes. Les forces am\u00e9ricaines avaient ensuite lanc\u00e9 une seconde salve contre le navire d\u00e9j\u00e0 touch\u00e9, tuant des survivants.<\/p>\n<p>Cette double frappe avait \u00e9t\u00e9 qualifi\u00e9e par des \u00e9lus de crime de guerre. L\u2019arm\u00e9e a depuis eu recours \u00e0 des appareils militaires reconnaissables, dont des drones, pour ces op\u00e9rations, pr\u00e9cise le quotidien new-yorkais.<\/p>\n<p>&#13;<br \/>\n&#13;<\/p>\n<p>&#13;<br \/>\n&#13;<\/p>\n<p><a class=\"r-btn r-btn--tag\" href=\"https:\/\/www.rtl.be\/333474\/locations\/etats-unis\" title=\"\u00c9tats-Unis\" target=\"_blank\" rel=\"noopener\">\u00c9tats-Unis<\/a><br \/>\n<a class=\"r-btn r-btn--tag\" href=\"https:\/\/www.rtl.be\/378208\/locations\/washington\" title=\"Washington\" target=\"_blank\" rel=\"noopener\">Washington<\/a><br \/>\n<a class=\"r-btn r-btn--tag\" href=\"https:\/\/www.rtl.be\/381775\/locations\/caraibes\" title=\"Cara\u00efbes\" target=\"_blank\" rel=\"noopener\">Cara\u00efbes<\/a><br \/>\n<a class=\"r-btn r-btn--tag\" href=\"https:\/\/www.rtl.be\/333516\/persons\/donald-trump\" title=\"Donald Trump\" target=\"_blank\" rel=\"noopener\">Donald Trump<\/a><\/p>\n","protected":false},"excerpt":{"rendered":"En septembre dernier, une attaque des USA contre un bateau de trafiquants de drogue pr\u00e9sum\u00e9s avait fait 11&hellip;\n","protected":false},"author":2,"featured_media":660071,"comment_status":"","ping_status":"","sticky":false,"template":"","format":"standard","meta":{"footnotes":""},"categories":[1589],"tags":[11,73,1866,12,63397,1864,1865,1863,308],"class_list":{"0":"post-660070","1":"post","2":"type-post","3":"status-publish","4":"format-standard","5":"has-post-thumbnail","7":"category-etats-unis","8":"tag-actualites","9":"tag-etats-unis","10":"tag-etats-unis-damerique","11":"tag-news","12":"tag-rtl-info","13":"tag-united-states","14":"tag-united-states-of-america","15":"tag-us","16":"tag-usa"},"share_on_mastodon":{"url":"https:\/\/pubeurope.com\/@fr\/115886457200807789","error":""},"_links":{"self":[{"href":"https:\/\/www.europesays.com\/fr\/wp-json\/wp\/v2\/posts\/660070","targetHints":{"allow":["GET"]}}],"collection":[{"href":"https:\/\/www.europesays.com\/fr\/wp-json\/wp\/v2\/posts"}],"about":[{"href":"https:\/\/www.europesays.com\/fr\/wp-json\/wp\/v2\/types\/post"}],"author":[{"embeddable":true,"href":"https:\/\/www.europesays.com\/fr\/wp-json\/wp\/v2\/users\/2"}],"replies":[{"embeddable":true,"href":"https:\/\/www.europesays.com\/fr\/wp-json\/wp\/v2\/comments?post=660070"}],"version-history":[{"count":0,"href":"https:\/\/www.europesays.com\/fr\/wp-json\/wp\/v2\/posts\/660070\/revisions"}],"wp:featuredmedia":[{"embeddable":true,"href":"https:\/\/www.europesays.com\/fr\/wp-json\/wp\/v2\/media\/660071"}],"wp:attachment":[{"href":"https:\/\/www.europesays.com\/fr\/wp-json\/wp\/v2\/media?parent=660070"}],"wp:term":[{"taxonomy":"category","embeddable":true,"href":"https:\/\/www.europesays.com\/fr\/wp-json\/wp\/v2\/categories?post=660070"},{"taxonomy":"post_tag","embeddable":true,"href":"https:\/\/www.europesays.com\/fr\/wp-json\/wp\/v2\/tags?post=660070"}],"curies":[{"name":"wp","href":"https:\/\/api.w.org\/{rel}","templated":true}]}}