{"id":660085,"date":"2026-01-13T06:59:18","date_gmt":"2026-01-13T06:59:18","guid":{"rendered":"https:\/\/www.europesays.com\/fr\/660085\/"},"modified":"2026-01-13T06:59:18","modified_gmt":"2026-01-13T06:59:18","slug":"resultat-ugo-humbert-terence-atmane-atp-250-adelaide-premier-tour-lundi-12-janvier-2026-lequipe","status":"publish","type":"post","link":"https:\/\/www.europesays.com\/fr\/660085\/","title":{"rendered":"R\u00e9sultat : Ugo Humbert &#8211; Terence Atmane, ATP 250, Adela\u00efde, Premier tour, Lundi 12 janvier 2026 &#8211; L&#039;\u00c9quipe"},"content":{"rendered":"<ol>\n<li><a href=\"https:\/\/news.google.com\/rss\/articles\/CBMixAFBVV95cUxOOHN2ajhWY3RQUXprd0x0Y0R0eG8zeHZKWmJXd25kMG14TVhoMmk2YnlNQTNhY21XTl9GNFpER1pCQWw3SVFENUp3b01TN3V1cVVwUm4yVER4Tk1WS3lVaXVoanN6VU1yLXN1cWhTRGZBUDczNFRsMF9oWGpPanhjNkI4M29saXI2V3JXRDNFd3N2QWZVNUpkS05OSHNQLXVrN0RxSXd6ZTY4UkpFak9GWVVvekloclctUjZnYUlKeE4yajRY?oc=5\" target=\"_blank\" rel=\"noopener\">R\u00e9sultat : Ugo Humbert &#8211; Terence Atmane, ATP 250, Adela\u00efde, Premier tour, Lundi 12 janvier 2026<\/a>&nbsp;&nbsp;L&rsquo;\u00c9quipe<\/li>\n<li><a href=\"https:\/\/news.google.com\/rss\/articles\/CBMiuAFBVV95cUxPdkRPbVlZT3BkcDBGZDNHdVlwbTFFaFlJanNzbE9uYVl3M2FtRDVwU25nVkY3ZDVfTzdfOWpNSWFBS3NuVTRFNkNIME5QSTNiamJmVUxTZEFzbFlMT29CNHQ1bHRQVTdqVk1aRDZEYURDeGE1UmJzd1VTZlR2YkZwSEFFUkVBZF9zYkwwcmtiOXNWRl8tNWQ5OF9RTmNneGJIbFZrYnRxMWhhZF9ZTDNNZTlhRWo5TEhI?oc=5\" target=\"_blank\" rel=\"noopener\">R\u00e9sultat : Anna Bondar &#8211; Ella Seidel, WTA 250, Hobart, Premier tour, Mardi 13 janvier 2026<\/a>&nbsp;&nbsp;L&rsquo;\u00c9quipe<\/li>\n<li><a href=\"https:\/\/news.google.com\/rss\/articles\/CBMijAFBVV95cUxNUUlSaVdNV1VLdExMWUoxWUticFJVZ3p1cUQ3VnpucUN4QTRQWHVFWTBqNUd0ZUE1N3BoZFoyanJoMS1YNzVIYUswZlp5UklUTTBGWm1tVjhJRDh1T29JdHdhVW5sb1Rqd1BrRi0tX25QVmN0aHRwZGIwODFfd0tIYkU5c1FXR3lEVFMwcw?oc=5\" target=\"_blank\" rel=\"noopener\">Brisbane: Jacquemot d\u00e9bute mal son ann\u00e9e<\/a>&nbsp;&nbsp;Sports.fr<\/li>\n<li><a href=\"https:\/\/news.google.com\/rss\/articles\/CBMingFBVV95cUxPV3lRS2hCQWRiNU4xeDRjQlF5bm1UNHJ3UU40VWd2SDc0Mms1Q3BQb3NVSm9mN1V2OFQ2NS0wMFpKOG5DS2paRl9MMHRucVI1UEduV3VyeENYeFExZVoyNXNZWkxfMzhkaUQzdVI3Y3VfV0FZcm9HRkluazNPSkFNbENxUXhRNEVIcHIwb1E1d1FoZWNIdVAwWU9hUm5fQQ?oc=5\" target=\"_blank\" rel=\"noopener\">Tennis : Jacquemot balay\u00e9e au premier tour de Brisbane<\/a>&nbsp;&nbsp;Le Figaro<\/li>\n<li><a href=\"https:\/\/news.google.com\/rss\/articles\/CBMivAFBVV95cUxQTk5TYVFxMi0yM0hSR1VpWmJ1WXpSbWQ5ZTU3WVZrbTdGSk1ocm1pM2hOOTc2UjY1X24yMjhXa2JRZnVfTG5Vd0RlXzJVeVpuM3lwUXZFRF9lTVd3VmFLckFtSWRVYkhuQlg3Nm9odXFRTjBia2dRWS1CWkVZMU5IVEd5Vk9GcXJ5elBFaGdvYlgwWU5CblgtR2FINjVhcjZENGgtcGxxV0VQSDJHbjVJemJwOGRmWXl4NW1GdNIBvAFBVV95cUxPc2ZsLTVTcllwalpBNHNienl4YVZ6WkN1TWh6U0ZtRE9OYU1IX2V3SS1idkJITXdOUWVxUy1NdklreExQdkpVSnlvMG5XeTkxNlBUZ1VObXlVNTFzMDV6Vi1QcEFhVkoxNHJ6VWZ2TS1BTlVQZVl3V1I2UTdleTBGcWsyS1ZhTExEeFMyZEE2dWF6SXZETXV5WGQyb1FrU1NVOWVQbGhnYmZ3QXBJN2pUeUNQSXk2Vzh3SmFzSA?oc=5\" target=\"_blank\" rel=\"noopener\">WTA &#8211; Brisbane: Elsa Jacquemot et Daria Kastakina au menu : horaires, diffusion TV<\/a>&nbsp;&nbsp;Tennis Actu.<\/li>\n<\/ol>\n","protected":false},"excerpt":{"rendered":"R\u00e9sultat : Ugo Humbert &#8211; Terence Atmane, ATP 250, Adela\u00efde, Premier tour, Lundi 12 janvier 2026&nbsp;&nbsp;L&rsquo;\u00c9quipe R\u00e9sultat :&hellip;\n","protected":false},"author":2,"featured_media":1983,"comment_status":"","ping_status":"","sticky":false,"template":"","format":"standard","meta":{"footnotes":""},"categories":[1415],"tags":[1011,27,60,1467],"class_list":{"0":"post-660085","1":"post","2":"type-post","3":"status-publish","4":"format-standard","5":"has-post-thumbnail","7":"category-tennis","8":"tag-fr","9":"tag-france","10":"tag-sports","11":"tag-tennis"},"share_on_mastodon":{"url":"https:\/\/pubeurope.com\/@fr\/115886500238884898","error":""},"_links":{"self":[{"href":"https:\/\/www.europesays.com\/fr\/wp-json\/wp\/v2\/posts\/660085","targetHints":{"allow":["GET"]}}],"collection":[{"href":"https:\/\/www.europesays.com\/fr\/wp-json\/wp\/v2\/posts"}],"about":[{"href":"https:\/\/www.europesays.com\/fr\/wp-json\/wp\/v2\/types\/post"}],"author":[{"embeddable":true,"href":"https:\/\/www.europesays.com\/fr\/wp-json\/wp\/v2\/users\/2"}],"replies":[{"embeddable":true,"href":"https:\/\/www.europesays.com\/fr\/wp-json\/wp\/v2\/comments?post=660085"}],"version-history":[{"count":0,"href":"https:\/\/www.europesays.com\/fr\/wp-json\/wp\/v2\/posts\/660085\/revisions"}],"wp:featuredmedia":[{"embeddable":true,"href":"https:\/\/www.europesays.com\/fr\/wp-json\/wp\/v2\/media\/1983"}],"wp:attachment":[{"href":"https:\/\/www.europesays.com\/fr\/wp-json\/wp\/v2\/media?parent=660085"}],"wp:term":[{"taxonomy":"category","embeddable":true,"href":"https:\/\/www.europesays.com\/fr\/wp-json\/wp\/v2\/categories?post=660085"},{"taxonomy":"post_tag","embeddable":true,"href":"https:\/\/www.europesays.com\/fr\/wp-json\/wp\/v2\/tags?post=660085"}],"curies":[{"name":"wp","href":"https:\/\/api.w.org\/{rel}","templated":true}]}}