{"id":660090,"date":"2026-01-13T07:05:10","date_gmt":"2026-01-13T07:05:10","guid":{"rendered":"https:\/\/www.europesays.com\/fr\/660090\/"},"modified":"2026-01-13T07:05:10","modified_gmt":"2026-01-13T07:05:10","slug":"pause-tendresse-en-pleine-campagne-avec-natali-et-leur-petit-sylla-2-mois","status":"publish","type":"post","link":"https:\/\/www.europesays.com\/fr\/660090\/","title":{"rendered":"pause tendresse en pleine campagne avec Natali et leur petit Sylla, 2 mois"},"content":{"rendered":"<p>Papa d&rsquo;un petit gar\u00e7on n\u00e9 fin octobre, Louis Sarkozy laisse voir sa nouvelle vie de famille sur ses r\u00e9seaux sociaux. Le candidat aux \u00e9lections municipales de Menton a profit\u00e9 d&rsquo;une r\u00e9cente pause en terrasse avec Natali pour partager une jolie photo \u00e0 deux. <\/p>\n<p>Entre la d\u00e9couverte des joies de la parentalit\u00e9 et la campagne \u00e9lectorale, le d\u00e9but d\u2019ann\u00e9e 2026 est bien rempli pour Louis Sarkozy. Pour autant, le <a href=\"https:\/\/www.parismatch.com\/actu\/politique\/jai-distribue-plus-de-tracts-sarkozy-que-lui-a-menton-louis-sarkozy-sous-le-feu-de-ses-deux-principales-concurrentes-262438\" target=\"_blank\" rel=\"noopener\">candidat aux \u00e9lections municipales de Menton<\/a> prend le temps de pouponner avec Sylla, son petit gar\u00e7on de deux mois, qu\u2019il partage avec son \u00e9pouse Natali. Cette derni\u00e8re vient d\u2019ailleurs de d\u00e9voiler une nouvelle photo de famille sur ses r\u00e9seaux sociaux ce 11\u00a0janvier.<\/p>\n<p>\u00ab\u00a0Il se bat pour l\u2019avenir, parce qu\u2019il le tient d\u00e9j\u00e0 dans ses bras. Je vous aime, et je serai toujours \u00e0 vos c\u00f4t\u00e9s.<br \/>Louis &amp; Sylla\u00a0\u00bb, \u00e9crit Natali Husic Sarkozy en l\u00e9gende de sa derni\u00e8re publication Instagram. Un clich\u00e9 sur lequel son mari appara\u00eet avec leur petit gar\u00e7on dans les bras, lors d\u2019une pause hivernale en terrasse. Si <a href=\"https:\/\/www.parismatch.com\/People\/balade-de-noel-a-menton-louis-sarkozy-et-natali-soffrent-leur-premiere-sortie-romantique-de-jeunes-parents-261920\" target=\"_blank\" rel=\"noopener\">Natali est l\u2019atout charme de la campagne de Louis Sarkozy<\/a>, Sylla est lui l\u2019atout tendresse pour les habitants de Menton.<\/p>\n<p>    La suite apr\u00e8s cette publicit\u00e9<\/p>\n<p>D\u00e9but janvier, c\u2019est \u00e0 trois que la petite famille avait fait une sortie remarqu\u00e9e \u00e0 la salle du Lanternier pour d\u00e9couvrir ses 148 cr\u00e8ches. Quelques jours plus t\u00f4t, les jeunes parents avaient profit\u00e9 des f\u00eates de fin d\u2019ann\u00e9e pour partager quelques jolies photos \u00e0 la maison, au pied du sapin. Depuis sa naissance le 24\u00a0octobre dernier, le petit Sylla fait r\u00e9guli\u00e8rement des apparitions sur les r\u00e9seaux sociaux de ses parents.<\/p>\n<p>    La suite apr\u00e8s cette publicit\u00e9<\/p>\n<p>Nicolas Sarkozy, un p\u00e8re et grand-p\u00e8re pr\u00e9sent<\/p>\n<p>\u00ab\u00a0La vie est un \u00e9ternel recommencement. La paternit\u00e9, \u00e0 la fois intimidante et pleine de myst\u00e8re, nous interroge\u00a0: serai-je &#8211; serons-nous &#8211; \u00e0 la hauteur\u00a0? Saura t-on, ma femme et moi, \u00eatre dignes de ceux qui nous ont pr\u00e9c\u00e9d\u00e9s\u00a0?\u00a0\u00bb, a notamment \u00e9crit l\u2019auteur de \u00ab\u00a0Napol\u00e9on Bonaparte, l\u2019empire des livres\u00a0\u00bb,<a href=\"https:\/\/www.parismatch.com\/People\/louis-sarkozy-jeune-papa-muscle-pour-une-premiere-photo-avec-le-petit-sylla-259178\" target=\"_blank\" rel=\"noopener\"> deux jours apr\u00e8s la naissance de son fils<\/a>. \u00ab\u00a0La solitude est une illusion. Nous ne sommes jamais seuls. Nous sommes accompagn\u00e9s par nos p\u00e8res &#8211; par leur voix, leurs gestes, leurs exemples. C\u2019est cela, la tradition\u00a0: l\u2019h\u00e9ritage, l\u2019histoire, la continuit\u00e9, la transmission\u00a0\u00bb, avait ajout\u00e9 l\u2019essayiste de 28\u00a0ans, qui a choisi de rendre hommage \u00e0 son p\u00e8re en appelant son fils \u00ab\u00a0Sylla Nicolas Sarkozy\u00a0\u00bb.<\/p>\n<p>Bonheur et tristesse ont accompagn\u00e9 la naissance de Sylla, puisque quelques jours avant sa venue au monde, ses parents <a href=\"https:\/\/www.parismatch.com\/actu\/politique\/en-images-soutenu-par-sa-famille-nicolas-sarkozy-debute-ce-mardi-sa-peine-de-prison-a-la-sante-258919\" target=\"_blank\" rel=\"noopener\">accompagnaient Nicolas Sarkozy \u00e0 la Prison de la Sant\u00e9<\/a>. Depuis sa lib\u00e9ration, <a href=\"https:\/\/www.parismatch.com\/actu\/politique\/pere-et-fils-reunis-nicolas-sarkozy-en-dedicace-a-menton-aux-cotes-de-louis-candidat-a-la-mairie-261542\" target=\"_blank\" rel=\"noopener\">Louis Sarkozy peut pleinement compter sur son soutien<\/a> dans sa campagne \u00e9lectorale.<\/p>\n","protected":false},"excerpt":{"rendered":"Papa d&rsquo;un petit gar\u00e7on n\u00e9 fin octobre, Louis Sarkozy laisse voir sa nouvelle vie de famille sur ses&hellip;\n","protected":false},"author":2,"featured_media":660091,"comment_status":"","ping_status":"","sticky":false,"template":"","format":"standard","meta":{"footnotes":""},"categories":[1359],"tags":[58,59,1011,27,973],"class_list":{"0":"post-660090","1":"post","2":"type-post","3":"status-publish","4":"format-standard","5":"has-post-thumbnail","7":"category-people","8":"tag-divertissement","9":"tag-entertainment","10":"tag-fr","11":"tag-france","12":"tag-people"},"share_on_mastodon":{"url":"https:\/\/pubeurope.com\/@fr\/115886523952776843","error":""},"_links":{"self":[{"href":"https:\/\/www.europesays.com\/fr\/wp-json\/wp\/v2\/posts\/660090","targetHints":{"allow":["GET"]}}],"collection":[{"href":"https:\/\/www.europesays.com\/fr\/wp-json\/wp\/v2\/posts"}],"about":[{"href":"https:\/\/www.europesays.com\/fr\/wp-json\/wp\/v2\/types\/post"}],"author":[{"embeddable":true,"href":"https:\/\/www.europesays.com\/fr\/wp-json\/wp\/v2\/users\/2"}],"replies":[{"embeddable":true,"href":"https:\/\/www.europesays.com\/fr\/wp-json\/wp\/v2\/comments?post=660090"}],"version-history":[{"count":0,"href":"https:\/\/www.europesays.com\/fr\/wp-json\/wp\/v2\/posts\/660090\/revisions"}],"wp:featuredmedia":[{"embeddable":true,"href":"https:\/\/www.europesays.com\/fr\/wp-json\/wp\/v2\/media\/660091"}],"wp:attachment":[{"href":"https:\/\/www.europesays.com\/fr\/wp-json\/wp\/v2\/media?parent=660090"}],"wp:term":[{"taxonomy":"category","embeddable":true,"href":"https:\/\/www.europesays.com\/fr\/wp-json\/wp\/v2\/categories?post=660090"},{"taxonomy":"post_tag","embeddable":true,"href":"https:\/\/www.europesays.com\/fr\/wp-json\/wp\/v2\/tags?post=660090"}],"curies":[{"name":"wp","href":"https:\/\/api.w.org\/{rel}","templated":true}]}}