{"id":660094,"date":"2026-01-13T07:08:32","date_gmt":"2026-01-13T07:08:32","guid":{"rendered":"https:\/\/www.europesays.com\/fr\/660094\/"},"modified":"2026-01-13T07:08:32","modified_gmt":"2026-01-13T07:08:32","slug":"je-suis-alle-trop-loin-vivian-sexcuse-aupres-de-giovanni-apres-en-etre-arrive-aux-mains-dans-la-bataille-la-malediction-de-lile","status":"publish","type":"post","link":"https:\/\/www.europesays.com\/fr\/660094\/","title":{"rendered":"\u00ab\u00a0Je suis all\u00e9 trop loin\u00a0\u00bb : Vivian s&rsquo;excuse aupr\u00e8s de Giovanni apr\u00e8s en \u00eatre arriv\u00e9 aux mains dans La Bataille, la mal\u00e9diction de l&rsquo;\u00eele"},"content":{"rendered":"<p class=\"articleContent-meta\">\n        Hier \u00e0 10:42 &#8211; par             Stacie Arena<\/p>\n<p>                    Tweeter<\/p>\n<p>                    Partager sur Facebook<\/p>\n<p>                                        <img decoding=\"async\" src=\"https:\/\/www.europesays.com\/fr\/wp-content\/uploads\/2026\/01\/je-suis-alle-trop-loin-vivian-s-excuse-aupres-de-giovanni-apres-en-etre-arrive-aux-mains-dans-la-bat.jpeg\"   alt=\"&quot;Je suis all\u00e9 trop loin&quot; : Vivian s'excuse aupr\u00e8s de Giovanni apr\u00e8s en \u00eatre arriv\u00e9 aux mains dans La Bataille, la mal\u00e9diction de l'\u00eele\" class=\"  apply-ratio\"\/><\/p>\n<p class=\"articleContent-imageCredit\">\n                \u00a9 La Bataille &#8211; TFX\n            <\/p>\n<p>Apr\u00e8s la violente altercation ayant entra\u00een\u00e9 l&rsquo;exclusion de Giovanni dans l&rsquo;\u00e9mission La Bataille, la Mal\u00e9diction de l&rsquo;\u00eele sur TFX, Vivian a pris la parole sur les r\u00e9seaux sociaux ce dimanche 11 janvier. Le candidat embl\u00e9matique en a profit\u00e9 pour pr\u00e9senter ses excuses apr\u00e8s en \u00eatre venu aux mains.<\/p>\n<p>Des explications quelque peu d\u00e9cevantes. La semaine derni\u00e8re, dans l&rsquo;\u00e9pisode 40 diffus\u00e9 le 8 janvier dernier, <a href=\"https:\/\/www.programme.tv\/news\/tele-realite\/266510-la-bataille-la-malediction-de-l-ile-giovanni-exclu-apres-un-comportement-inapproprie-envers-vivian-le-jeudi-8-janvier\/\" target=\"_blank\" rel=\"noopener\">Vivian et Giovanni ont \u00e9t\u00e9 exclus<\/a> de<b> <\/b><b>La Bataille, la mal\u00e9diction de l&rsquo;\u00eele.<\/b> Le nouveau programme de TFX suit les aventures de candidats de t\u00e9l\u00e9-r\u00e9alit\u00e9, \u00e9chou\u00e9s sur une \u00eele proche de la Tha\u00eflande. \u00c0 ce stade de la diffusion, il ne reste plus que six participants en lice pour la finale : <b>Ma\u00efssane, M\u00e9lanie ORL, Fred, Gary, Constance et C\u00e9lia<\/b>. Et pour cause, quatre candidats ont \u00e9t\u00e9 \u00e9limin\u00e9s lors d&rsquo;un conseil explosif. Apr\u00e8s un retour \u00e9clair, <a href=\"https:\/\/www.programme.tv\/news\/tele-realite\/266507-la-bataille-la-malediction-de-l-ile-vivian-et-melanie-da-cruz-de-retour-de-nouveaux-nommes-ce-jeudi-7-janvier\/\" target=\"_blank\" rel=\"noopener\">M\u00e9lanie Da Cruz et Vivian ont \u00e9t\u00e9 finalement \u00e9limin\u00e9s par leurs camarades<\/a>, suivis de Giovanni et Cynthia, vir\u00e9s pour mauvais comportement. En coulisse, Giovanni et Vivian en seraient venus aux mains apr\u00e8s une parole d\u00e9plac\u00e9e de l&rsquo;un d&rsquo;eux. Ce dimanche 11 janvier, Vivian a donn\u00e9 quelques explications.<\/p>\n<p>                                Pourquoi Vivian et Giovanni se sont battus sur le tournage de La Bataille, la mal\u00e9diction de l&rsquo;\u00eele ?<\/p>\n<p>\u00ab\u00a0Je vais \u00eatre sinc\u00e8re. (&#8230;) Oui, pendant l\u2019aventure, il y a eu des propos d\u00e9plac\u00e9s, des tensions. Mais on est des \u00eatres humains, pas des personnages. Et j\u2019assume : <b>je suis all\u00e9 trop loin, notamment en parlant de la m\u00e8re de Giovanni. Je n\u2019aurais jamais d\u00fb. Peu importe le contexte<\/b>\u00ab\u00a0, explique Vivian, en l\u00e9gende d&rsquo;une vid\u00e9o g\u00e9n\u00e9r\u00e9e par l&rsquo;IA, dans laquelle Giovanni lui saute au cou pour finalement l&#8217;embrasser tendrement. Il ajoute : \u00ab\u00a0Il ne faut jamais oublier une chose : c\u2019est une aventure faite pour divertir les gens. Pas pour d\u00e9truire des vies, pas pour alimenter la haine, pas pour pousser \u00e0 l\u2019acharnement. La haine n\u2019a aucune place ici.\u00a0\u00bb En effet, \u00e0 quelques jours de la grande finale, certains candidats ont \u00e9t\u00e9 victimes de cyber harc\u00e8lement.<\/p>\n<p>                La Bataille : Un candidat victime de menaces de mort pendant la diffusion<\/p>\n<p>Choqu\u00e9, Vivian explique : \u00ab\u00a0Ce qui se passe apr\u00e8s est encore plus grave. Romain a re\u00e7u des messages de mort. Son adresse a \u00e9t\u00e9 balanc\u00e9e. \u00c7a va beaucoup trop loin&#8230;\u00a0\u00bb, \u00e9crit-il, au sujet du meilleur ami d&rsquo;Am\u00e9lie Neten. \u00ab\u00a0Le cyber harc\u00e8lement, les menaces, l\u2019exposition de la vie priv\u00e9e, ce n\u2019est pas du divertissement. C\u2019est r\u00e9pr\u00e9hensible par la loi. Et derri\u00e8re les \u00e9crans, il y a des personnes, des familles, des cons\u00e9quences r\u00e9elles. Il conclut : \u00ab\u00a0Si vous voulez comprendre ce qui s\u2019est r\u00e9ellement pass\u00e9 entre Giovanni et moi, attendez&#8230; Tr\u00e8s bient\u00f4t, dans les moments off avec Ma\u00efssane, on dira tout. Sans filtre. Sans buzz.\u00a0\u00bb<\/p>\n<blockquote class=\"instagram-media\" data-instgrm-captioned=\"\" data-instgrm-permalink=\"https:\/\/www.instagram.com\/reel\/DTVn3LmjTdp\/?utm_source=ig_embed&amp;utm_campaign=loading\" data-instgrm-version=\"14\" style=\" background:#FFF; border:0; border-radius:3px; box-shadow:0 0 1px 0 rgba(0,0,0,0.5),0 1px 10px 0 rgba(0,0,0,0.15); margin: 1px; max-width:658px; min-width:326px; padding:0; width:99.375%; width:-webkit-calc(100% - 2px); width:calc(100% - 2px);\"\/>\n<p>Rejoignez-nous sur Google !<\/p>\n<p class=\"articleContent-pushTagline\">Abonnez-vous \u00e0 <a href=\"https:\/\/profile.google.com\/cp\/CgsvZy8xMjExMWxuMQ\" target=\"_blank\" rel=\"noopener\">T\u00e9l\u00e9 2 semaines sur Google<\/a> pour ne manquer aucune info !<\/p>\n<p><script async src=\"\/\/www.instagram.com\/embed.js\"><\/script><\/p>\n","protected":false},"excerpt":{"rendered":"Hier \u00e0 10:42 &#8211; par Stacie Arena Tweeter Partager sur Facebook \u00a9 La Bataille &#8211; TFX Apr\u00e8s la&hellip;\n","protected":false},"author":2,"featured_media":660095,"comment_status":"","ping_status":"","sticky":false,"template":"","format":"standard","meta":{"footnotes":""},"categories":[1356],"tags":[58,59,1011,27,252,3604,1364,37586],"class_list":{"0":"post-660094","1":"post","2":"type-post","3":"status-publish","4":"format-standard","5":"has-post-thumbnail","7":"category-television","8":"tag-divertissement","9":"tag-entertainment","10":"tag-fr","11":"tag-france","12":"tag-television","13":"tag-tu00e9lu00e9-ru00e9alitu00e9","14":"tag-tv","15":"tag-vivian"},"share_on_mastodon":{"url":"https:\/\/pubeurope.com\/@fr\/115886535721142613","error":""},"_links":{"self":[{"href":"https:\/\/www.europesays.com\/fr\/wp-json\/wp\/v2\/posts\/660094","targetHints":{"allow":["GET"]}}],"collection":[{"href":"https:\/\/www.europesays.com\/fr\/wp-json\/wp\/v2\/posts"}],"about":[{"href":"https:\/\/www.europesays.com\/fr\/wp-json\/wp\/v2\/types\/post"}],"author":[{"embeddable":true,"href":"https:\/\/www.europesays.com\/fr\/wp-json\/wp\/v2\/users\/2"}],"replies":[{"embeddable":true,"href":"https:\/\/www.europesays.com\/fr\/wp-json\/wp\/v2\/comments?post=660094"}],"version-history":[{"count":0,"href":"https:\/\/www.europesays.com\/fr\/wp-json\/wp\/v2\/posts\/660094\/revisions"}],"wp:featuredmedia":[{"embeddable":true,"href":"https:\/\/www.europesays.com\/fr\/wp-json\/wp\/v2\/media\/660095"}],"wp:attachment":[{"href":"https:\/\/www.europesays.com\/fr\/wp-json\/wp\/v2\/media?parent=660094"}],"wp:term":[{"taxonomy":"category","embeddable":true,"href":"https:\/\/www.europesays.com\/fr\/wp-json\/wp\/v2\/categories?post=660094"},{"taxonomy":"post_tag","embeddable":true,"href":"https:\/\/www.europesays.com\/fr\/wp-json\/wp\/v2\/tags?post=660094"}],"curies":[{"name":"wp","href":"https:\/\/api.w.org\/{rel}","templated":true}]}}