{"id":660096,"date":"2026-01-13T07:09:21","date_gmt":"2026-01-13T07:09:21","guid":{"rendered":"https:\/\/www.europesays.com\/fr\/660096\/"},"modified":"2026-01-13T07:09:21","modified_gmt":"2026-01-13T07:09:21","slug":"djul-lartiste-du-kkc-orchestra-lance-son-premier-ep-solo","status":"publish","type":"post","link":"https:\/\/www.europesays.com\/fr\/660096\/","title":{"rendered":"Djul, l\u2019artiste du KKC Orchestra, lance son premier EP solo"},"content":{"rendered":"<p>\n                                                                    l&rsquo;essentiel<br \/>\n                                                                Il y parle des codes masculins depuis trente ans, \u00e9voque des th\u00e8mes personnels\u00a0: le musicien Djul signe un premier enregistrement solo\u00a0: \u00ab\u00a0Parenth\u00e8se\u00a0\u00bb. Entretien.\n                            <\/p>\n<p>Apr\u00e8s avoir chant\u00e9 plus de vingt ans au sein du groupe KKC Orchestra produit par Ulysse Maison d\u2019Artistes, Julien Champreux, alias Djul, s\u2019offre un petit d\u00e9tour, avec un premier EP solo, \u00ab\u00a0Parenth\u00e8se\u00a0\u00bb. Rencontre avec le chanteur lotois.<\/p>\n<p class=\"txt-question\">Ce premier EP solo, est-ce un r\u00eave qui se r\u00e9alise ou l\u2019\u00e9tape normale d\u2019un artiste\u00a0?<\/p>\n<p>Je dirais que c\u2019est une \u00e9tape normale, dans la mesure o\u00f9 j\u2019ai travaill\u00e9 seul tous les textes de cet album, et j\u2019en suis tr\u00e8s fier. Il y a longtemps que je voulais me plonger dans les codes masculins des ann\u00e9es 90 jusqu\u2019\u00e0 aujourd\u2019hui. Ce sont les ann\u00e9es que j\u2019ai connues, et c\u2019est donc un album tr\u00e8s li\u00e9 \u00e0 l\u2019intime, o\u00f9 je parle de masculinit\u00e9, d\u2019amour-propre, de jouissance f\u00e9minine, de PMA et de calvitie. Ce sont des th\u00e8mes tr\u00e8s personnels mais qui parlent beaucoup aux gens de ma g\u00e9n\u00e9ration. Les musiques sont l\u2019\u0153uvre de deux copains, et mes potes du KKC trouvent le r\u00e9sultat final tr\u00e8s bien et sont contents pour moi.<\/p>\n<p class=\"txt-question\">Vous vous \u00eates \u00e9galement lanc\u00e9s dans une nouvelle formule de concerts priv\u00e9s \u00e0 domicile\u2026<\/p>\n<p>Je ne suis pas le seul \u00e0 faire \u00e7a, mais avec ce projet, j\u2019ai voulu cr\u00e9er une bulle intime plus facile \u00e0 d\u00e9placer. J\u2019arrive chez les gens avec ma bande-son, et je chante durant une heure et demie devant un public parfois tr\u00e8s restreint. Je suis all\u00e9 d\u00e9j\u00e0 chez certains particuliers et leurs invit\u00e9s, mais aussi dans les locaux d\u2019Ulysse Maison d\u2019Artistes, sous la halle de Figeac, chez un forgeron,\u00a0etc. On est face \u00e0 face, au plus pr\u00e8s du public, et j\u2019aime cette proximit\u00e9.<\/p>\n<p class=\"txt-question\">\u00catre intermittent du spectacle en 2026 rel\u00e8ve-t-il du d\u00e9fi\u00a0?<\/p>\n<p>C\u2019est de plus en plus dur au fil des ann\u00e9es, car le pouvoir d\u2019achat diminue, et la musique, comme tout ce qui est artistique, n\u2019est pas forc\u00e9ment de premi\u00e8re n\u00e9cessit\u00e9. Pour cela j\u2019ai choisi de revenir \u00e0 une formule que je trouve plus juste, plus \u00e9quitable. Mon EP est en \u00e9coute sur Bandcamp, \u00e0 Parenth\u00e8se \u2013 Djul, t\u00e9l\u00e9chargeable \u00e0 prix libre et accompagn\u00e9 d\u2019un merchandising fait main. Cela va bousculer un peu les habitudes, mais je compte sur le bouche-\u00e0-oreille.<\/p>\n<p class=\"txt-question\">Et l\u2019aventure avec le KKC Orchestra\u00a0?<\/p>\n<p>Elle continue toujours, on refait de la musique ensemble. Nous sommes des artisans\u00a0qui aimons\u00a0prendre le temps. L\u2019aventure avec le Collectif Passatges en Coserans a dur\u00e9 trois ans, aujourd\u2019hui, on travaille dans l\u2019ombre, et l\u2019on n\u2019annonce rien encore.<\/p>\n<p>Pour un concert \u00e0 domicile\u00a0: retrouver Djul sur Instagram et Facebook ou par mail \u00e0 julien.champreux@gmail.com.<\/p>\n","protected":false},"excerpt":{"rendered":"l&rsquo;essentiel Il y parle des codes masculins depuis trente ans, \u00e9voque des th\u00e8mes personnels\u00a0: le musicien Djul signe&hellip;\n","protected":false},"author":2,"featured_media":660097,"comment_status":"","ping_status":"","sticky":false,"template":"","format":"standard","meta":{"footnotes":""},"categories":[1355],"tags":[4156,872,58,59,68974,1011,27,20064,1361,873,853],"class_list":{"0":"post-660096","1":"post","2":"type-post","3":"status-publish","4":"format-standard","5":"has-post-thumbnail","7":"category-musique","8":"tag-concerts","9":"tag-culture-et-loisirs","10":"tag-divertissement","11":"tag-entertainment","12":"tag-figeac","13":"tag-fr","14":"tag-france","15":"tag-lot","16":"tag-music","17":"tag-musique","18":"tag-spectacles"},"share_on_mastodon":{"url":"https:\/\/pubeurope.com\/@fr\/115886539583833817","error":""},"_links":{"self":[{"href":"https:\/\/www.europesays.com\/fr\/wp-json\/wp\/v2\/posts\/660096","targetHints":{"allow":["GET"]}}],"collection":[{"href":"https:\/\/www.europesays.com\/fr\/wp-json\/wp\/v2\/posts"}],"about":[{"href":"https:\/\/www.europesays.com\/fr\/wp-json\/wp\/v2\/types\/post"}],"author":[{"embeddable":true,"href":"https:\/\/www.europesays.com\/fr\/wp-json\/wp\/v2\/users\/2"}],"replies":[{"embeddable":true,"href":"https:\/\/www.europesays.com\/fr\/wp-json\/wp\/v2\/comments?post=660096"}],"version-history":[{"count":0,"href":"https:\/\/www.europesays.com\/fr\/wp-json\/wp\/v2\/posts\/660096\/revisions"}],"wp:featuredmedia":[{"embeddable":true,"href":"https:\/\/www.europesays.com\/fr\/wp-json\/wp\/v2\/media\/660097"}],"wp:attachment":[{"href":"https:\/\/www.europesays.com\/fr\/wp-json\/wp\/v2\/media?parent=660096"}],"wp:term":[{"taxonomy":"category","embeddable":true,"href":"https:\/\/www.europesays.com\/fr\/wp-json\/wp\/v2\/categories?post=660096"},{"taxonomy":"post_tag","embeddable":true,"href":"https:\/\/www.europesays.com\/fr\/wp-json\/wp\/v2\/tags?post=660096"}],"curies":[{"name":"wp","href":"https:\/\/api.w.org\/{rel}","templated":true}]}}