{"id":660098,"date":"2026-01-13T07:10:35","date_gmt":"2026-01-13T07:10:35","guid":{"rendered":"https:\/\/www.europesays.com\/fr\/660098\/"},"modified":"2026-01-13T07:10:35","modified_gmt":"2026-01-13T07:10:35","slug":"lcp-assemblee-nationale-la-chaine-parlementaire","status":"publish","type":"post","link":"https:\/\/www.europesays.com\/fr\/660098\/","title":{"rendered":"LCP, Assembl\u00e9e Nationale (La Cha\u00eene Parlementaire)"},"content":{"rendered":"<p class=\"kPgwkc gYsEFt\">Condamn\u00e9 \u00e0 six ans de prison, Malik El Djebena ne sait ni lire, ni \u00e9crire. A son arriv\u00e9e en Centrale, seul au monde, il para\u00eet plus jeune, plus fragile que les autres d\u00e9tenus. Il a 19 ans.<\/p>\n<p>D&#8217;embl\u00e9e, il tombe sous la coupe d&rsquo;un groupe de prisonniers corses qui fait r\u00e9gner sa loi dans la prison. Le jeune homme apprend vite. Au fil des \u00a0\u00bb missions \u00ab\u00a0, il s&rsquo;endurcit et gagne la confiance des Corses.<\/p>\n<p>Mais, tr\u00e8s vite, Malik utilise toute son intelligence pour d\u00e9velopper discr\u00e8tement son propre r\u00e9seau&#8230;<\/p>\n<p>C\u00e9sar 2010 :<br \/>Meilleur film fran\u00e7ais de l&rsquo;ann\u00e9e Jacques Audiard\u00a0&#8211;\u00a0Pascal Caucheteux\u00a0&#8211;\u00a0Gr\u00e9goire Sorlat\u00a0&#8211;\u00a0Marco Cherqui<br \/>Meilleur acteur Tahar Rahim<br \/>Meilleur acteur dans un second r\u00f4le Niels Arestrup<\/p>\n<p class=\"kPgwkc gYsEFt\">&#8230;<\/p>\n","protected":false},"excerpt":{"rendered":"Condamn\u00e9 \u00e0 six ans de prison, Malik El Djebena ne sait ni lire, ni \u00e9crire. A son arriv\u00e9e&hellip;\n","protected":false},"author":2,"featured_media":660099,"comment_status":"","ping_status":"","sticky":false,"template":"","format":"standard","meta":{"footnotes":""},"categories":[1354],"tags":[58,59,1346,1011,27,1360],"class_list":{"0":"post-660098","1":"post","2":"type-post","3":"status-publish","4":"format-standard","5":"has-post-thumbnail","7":"category-films","8":"tag-divertissement","9":"tag-entertainment","10":"tag-films","11":"tag-fr","12":"tag-france","13":"tag-movies"},"share_on_mastodon":{"url":"https:\/\/pubeurope.com\/@fr\/115886543530834448","error":""},"_links":{"self":[{"href":"https:\/\/www.europesays.com\/fr\/wp-json\/wp\/v2\/posts\/660098","targetHints":{"allow":["GET"]}}],"collection":[{"href":"https:\/\/www.europesays.com\/fr\/wp-json\/wp\/v2\/posts"}],"about":[{"href":"https:\/\/www.europesays.com\/fr\/wp-json\/wp\/v2\/types\/post"}],"author":[{"embeddable":true,"href":"https:\/\/www.europesays.com\/fr\/wp-json\/wp\/v2\/users\/2"}],"replies":[{"embeddable":true,"href":"https:\/\/www.europesays.com\/fr\/wp-json\/wp\/v2\/comments?post=660098"}],"version-history":[{"count":0,"href":"https:\/\/www.europesays.com\/fr\/wp-json\/wp\/v2\/posts\/660098\/revisions"}],"wp:featuredmedia":[{"embeddable":true,"href":"https:\/\/www.europesays.com\/fr\/wp-json\/wp\/v2\/media\/660099"}],"wp:attachment":[{"href":"https:\/\/www.europesays.com\/fr\/wp-json\/wp\/v2\/media?parent=660098"}],"wp:term":[{"taxonomy":"category","embeddable":true,"href":"https:\/\/www.europesays.com\/fr\/wp-json\/wp\/v2\/categories?post=660098"},{"taxonomy":"post_tag","embeddable":true,"href":"https:\/\/www.europesays.com\/fr\/wp-json\/wp\/v2\/tags?post=660098"}],"curies":[{"name":"wp","href":"https:\/\/api.w.org\/{rel}","templated":true}]}}