{"id":66010,"date":"2025-05-01T04:06:11","date_gmt":"2025-05-01T04:06:11","guid":{"rendered":"https:\/\/www.europesays.com\/fr\/66010\/"},"modified":"2025-05-01T04:06:11","modified_gmt":"2025-05-01T04:06:11","slug":"prison-avec-sursis-contre-un-ex-consul-de-libye-a-marseille-pour-corruption-passive","status":"publish","type":"post","link":"https:\/\/www.europesays.com\/fr\/66010\/","title":{"rendered":"Prison avec sursis contre un ex-consul de Libye \u00e0 Marseille pour corruption passive"},"content":{"rendered":"<p>Un ancien consul de Libye \u00e0 Marseille a \u00e9t\u00e9 condamn\u00e9 en son absence mercredi \u00e0 trois ans de prison avec sursis et 80.000 euros d&rsquo;amende pour \u00ab\u00a0corruption passive d&rsquo;un agent public \u00e9tranger\u00a0\u00bb, ayant r\u00e9clam\u00e9 des r\u00e9trocommissions \u00e0 l&rsquo;occasion d&rsquo;un march\u00e9 de travaux de r\u00e9novation dans le consulat.<\/p>\n<p>En revanche, le tribunal correctionnel de Marseille a relax\u00e9 le chef d&rsquo;entreprise, un ma\u00e7on r\u00e9fugi\u00e9 politique syrien en France depuis 2018, ne suivant pas <a href=\"https:\/\/maritima.fr\/actualites\/justice\/marseille\/6696\/un-ancien-consul-de-libye-a-marseille-juge-pour-corruption-passive\" target=\"_blank\" rel=\"noopener\">les r\u00e9quisitions du parquet<\/a> qui avait aussi r\u00e9clam\u00e9 la condamnation de celui-ci au motif de l&rsquo;existence d&rsquo;un \u00ab\u00a0pacte de corruption pr\u00e9alable\u00a0\u00bb entre les deux hommes.<\/p>\n<p>La plainte d\u00e9pos\u00e9e par l&rsquo;entrepreneur en novembre 2021 alors que les travaux avaient d\u00e9marr\u00e9, des enregistrements \u00e9tablissant les demandes de pots du vin du consul par int\u00e9rim\u00a0et les menaces prof\u00e9r\u00e9es en cas de non-paiement des r\u00e9trocommissions ont convaincu le tribunal\u00a0de la bonne foi du chef d\u2019entreprise. Il avait \u00e9voqu\u00e9 deux demandes d\u2019un total de 50.000 euros.<\/p>\n<p>Apr\u00e8s une audition libre r\u00e9alis\u00e9e par les enqu\u00eateurs au consulat, l&rsquo;ex-consul, Samir Altawill, 48 ans, n&rsquo;a plus donn\u00e9 suite aux convocations judiciaires et a donc \u00e9t\u00e9 jug\u00e9 par d\u00e9faut.<\/p>\n<p>A l&rsquo;audience, l&rsquo;entrepreneur avait expliqu\u00e9 que le consul et le comptable du consulat lui avaient dit que s&rsquo;il ne versait pas les sommes r\u00e9clam\u00e9es, ils \u00ab\u00a0pouvaient (lui) faire comme on a fait au journaliste saoudien\u00a0\u00bb, en r\u00e9f\u00e9rence \u00e0 Jamal Khashoggi, tu\u00e9 au consulat d&rsquo;Arabie Saoudite \u00e0 Istanbul en 2018.<\/p>\n<p>Une autre fois, le diplomate lui aurait dit qu\u2019il allait \u00ab\u00a0payer quelqu&rsquo;un un million d&rsquo;euros pour le tuer\u00a0\u00bb.<\/p>\n<p>D\u00e9sign\u00e9 comme le corrupteur actif par le parquet de Marseille et m\u00eame soup\u00e7onn\u00e9 d&rsquo;avoir cr\u00e9\u00e9 sa soci\u00e9t\u00e9 aux seules fins de conclure ce pacte de corruption, le parquet avait requis contre lui\u00a0un\u00a0an de prison avec sursis, 5.000 euros d&rsquo;amende dont la moiti\u00e9 avec sursis et une interdiction professionnelle de cinq ans. Au-del\u00e0 de sa relaxe, le tribunal l&rsquo;a accueilli comme partie civile reconnaissant son statut de victime.<\/p>\n<p>Un seul t\u00e9moin avait confort\u00e9 l&rsquo;id\u00e9e qu&rsquo;un pacte pr\u00e9alable avait \u00e9t\u00e9 conclu entre les deux hommes mais ses d\u00e9clarations sont apparues \u00ab\u00a0peu cr\u00e9dibles\u00a0\u00bb aux yeux du tribunal.<\/p>\n<p>Les juges ont \u00e9cart\u00e9 l&rsquo;immunit\u00e9 diplomatique, estimant que la corruption \u00ab\u00a0est un acte d\u00e9tachable de ses fonctions\u00a0\u00bb.\u00a0\u00ab\u00a0Les faits sont particuli\u00e8rement graves\u00a0\u00bb, a indiqu\u00e9 la pr\u00e9sidente Lola Vandermaesen.<\/p>\n<p>Le tribunal a \u00e9galement condamn\u00e9 l&rsquo;ex-consul \u00e0 une interdiction pendant dix ans du territoire fran\u00e7ais et \u00e0 la peine obligatoire d&rsquo;in\u00e9ligibilit\u00e9 pendant trois ans.<\/p>\n<p>\u00a0<\/p>\n<p>\u00a9 Agence France-Presse<\/p>\n","protected":false},"excerpt":{"rendered":"Un ancien consul de Libye \u00e0 Marseille a \u00e9t\u00e9 condamn\u00e9 en son absence mercredi \u00e0 trois ans de&hellip;\n","protected":false},"author":2,"featured_media":66011,"comment_status":"","ping_status":"","sticky":false,"template":"","format":"standard","meta":{"footnotes":""},"categories":[2814],"tags":[1111,11,16639,1777,674,1011,27,4367,884,12,882,25],"class_list":{"0":"post-66010","1":"post","2":"type-post","3":"status-publish","4":"format-standard","5":"has-post-thumbnail","7":"category-marseille","8":"tag-actu","9":"tag-actualites","10":"tag-consulat","11":"tag-eu","12":"tag-europe","13":"tag-fr","14":"tag-france","15":"tag-libye","16":"tag-marseille","17":"tag-news","18":"tag-provence-alpes-cote-dazur","19":"tag-republique-francaise"},"share_on_mastodon":{"url":"https:\/\/pubeurope.com\/@fr\/114430606389812651","error":""},"_links":{"self":[{"href":"https:\/\/www.europesays.com\/fr\/wp-json\/wp\/v2\/posts\/66010","targetHints":{"allow":["GET"]}}],"collection":[{"href":"https:\/\/www.europesays.com\/fr\/wp-json\/wp\/v2\/posts"}],"about":[{"href":"https:\/\/www.europesays.com\/fr\/wp-json\/wp\/v2\/types\/post"}],"author":[{"embeddable":true,"href":"https:\/\/www.europesays.com\/fr\/wp-json\/wp\/v2\/users\/2"}],"replies":[{"embeddable":true,"href":"https:\/\/www.europesays.com\/fr\/wp-json\/wp\/v2\/comments?post=66010"}],"version-history":[{"count":0,"href":"https:\/\/www.europesays.com\/fr\/wp-json\/wp\/v2\/posts\/66010\/revisions"}],"wp:featuredmedia":[{"embeddable":true,"href":"https:\/\/www.europesays.com\/fr\/wp-json\/wp\/v2\/media\/66011"}],"wp:attachment":[{"href":"https:\/\/www.europesays.com\/fr\/wp-json\/wp\/v2\/media?parent=66010"}],"wp:term":[{"taxonomy":"category","embeddable":true,"href":"https:\/\/www.europesays.com\/fr\/wp-json\/wp\/v2\/categories?post=66010"},{"taxonomy":"post_tag","embeddable":true,"href":"https:\/\/www.europesays.com\/fr\/wp-json\/wp\/v2\/tags?post=66010"}],"curies":[{"name":"wp","href":"https:\/\/api.w.org\/{rel}","templated":true}]}}