{"id":660121,"date":"2026-01-13T07:24:30","date_gmt":"2026-01-13T07:24:30","guid":{"rendered":"https:\/\/www.europesays.com\/fr\/660121\/"},"modified":"2026-01-13T07:24:30","modified_gmt":"2026-01-13T07:24:30","slug":"a680-toulouse-fermee-dans-les-2-sens-3","status":"publish","type":"post","link":"https:\/\/www.europesays.com\/fr\/660121\/","title":{"rendered":"A680 Toulouse ferm\u00e9e dans les 2 sens"},"content":{"rendered":"<ol class=\"breadcrumb\" itemscope=\"\" itemtype=\"https:\/\/schema.org\/BreadcrumbList\">\n<li itemprop=\"itemListElement\" itemscope=\"\" itemtype=\"https:\/\/schema.org\/ListItem\">\n                    <a itemprop=\"item\" href=\"https:\/\/radio.vinci-autoroutes.com\/\" target=\"_blank\" rel=\"noopener\"><br \/>\n                        Accueil<br \/>\n                    <\/a><\/p>\n<\/li>\n<li itemprop=\"itemListElement\" itemscope=\"\" itemtype=\"https:\/\/schema.org\/ListItem\">\n                        <a itemprop=\"item\" href=\"https:\/\/radio.vinci-autoroutes.com\/rubrique\/infotrafic\" target=\"_blank\" rel=\"noopener\"><br \/>\n                            Actu trafic<br \/>\n                        <\/a><\/p>\n<\/li>\n<li itemprop=\"itemListElement\" itemscope=\"\" itemtype=\"https:\/\/schema.org\/ListItem\">\n                        <a itemprop=\"item\" href=\"https:\/\/radio.vinci-autoroutes.com\/rubrique\/travaux\" target=\"_blank\" rel=\"noopener\"><br \/>\n                            Travaux<br \/>\n                        <\/a><\/p>\n<\/li>\n<\/ol>\n<p class=\"article-chapeau\" itemprop=\"description\">\u00ad\u00c0 l&rsquo;est de Toulouse, les nuits du lundi 12 au jeudi 15 janvier, \u00e0 partir de 20h et au plus tard jusqu\u2019\u00e0 07h du matin, l&rsquo;autoroute A680, est enti\u00e8rement ferm\u00e9e, dans les deux sens de circulation, pour effectuer des travaux d&rsquo;\u00e9largissement.<\/p>\n<p class=\"article-author\">Auteur : S\u00e9bastien Greilh<\/p>\n<p class=\"article-modification\">Derni\u00e8re modification : 12\/01\/2026 15:32<\/p>\n<p>                <img decoding=\"async\" src=\"https:\/\/www.europesays.com\/fr\/wp-content\/uploads\/2025\/05\/VDN-Travaux-2023-A680-Copyright-VA.jpg\" alt=\"A680 Toulouse ferm\u00e9e dans les 2 sens\"\/><\/p>\n<p>                                                    0:27\n                                            <\/p>\n<p class=\"legende\">Travaux sur l&rsquo;autoroute A680<\/p>\n<p>                            \u00a9 VINCI Autoroutes                        <\/p>\n<p>        Depuis l\u2019A68, vous pouvez sortir \u00e0 Montastruc N\u00b03, puis emprunter le r\u00e9seau secondaire pour rejoindre Verfeil.<\/p>\n<p>Depuis Verfeil, empruntez le r\u00e9seau secondaire pour rejoindre l\u2019A68 \u00e0 L\u2019Union N\u00b01.    <\/p>\n<p>        Partager cet article<\/p>\n","protected":false},"excerpt":{"rendered":"Accueil Actu trafic Travaux \u00ad\u00c0 l&rsquo;est de Toulouse, les nuits du lundi 12 au jeudi 15 janvier, \u00e0&hellip;\n","protected":false},"author":2,"featured_media":109702,"comment_status":"","ping_status":"","sticky":false,"template":"","format":"standard","meta":{"footnotes":""},"categories":[9619],"tags":[46864,1111,11,1777,674,4069,1011,27,25104,9272,9865,12,35025,5537,378,882,25,4071,2310,2312],"class_list":{"0":"post-660121","1":"post","2":"type-post","3":"status-publish","4":"format-standard","5":"has-post-thumbnail","7":"category-toulon","8":"tag-a680","9":"tag-actu","10":"tag-actualites","11":"tag-eu","12":"tag-europe","13":"tag-fermee","14":"tag-fr","15":"tag-france","16":"tag-janvier","17":"tag-jeudi","18":"tag-lundi","19":"tag-news","20":"tag-nuits","21":"tag-partir","22":"tag-plus","23":"tag-provence-alpes-cote-dazur","24":"tag-republique-francaise","25":"tag-sens","26":"tag-toulon","27":"tag-toulouse"},"share_on_mastodon":{"url":"https:\/\/pubeurope.com\/@fr\/115886598585865788","error":""},"_links":{"self":[{"href":"https:\/\/www.europesays.com\/fr\/wp-json\/wp\/v2\/posts\/660121","targetHints":{"allow":["GET"]}}],"collection":[{"href":"https:\/\/www.europesays.com\/fr\/wp-json\/wp\/v2\/posts"}],"about":[{"href":"https:\/\/www.europesays.com\/fr\/wp-json\/wp\/v2\/types\/post"}],"author":[{"embeddable":true,"href":"https:\/\/www.europesays.com\/fr\/wp-json\/wp\/v2\/users\/2"}],"replies":[{"embeddable":true,"href":"https:\/\/www.europesays.com\/fr\/wp-json\/wp\/v2\/comments?post=660121"}],"version-history":[{"count":0,"href":"https:\/\/www.europesays.com\/fr\/wp-json\/wp\/v2\/posts\/660121\/revisions"}],"wp:featuredmedia":[{"embeddable":true,"href":"https:\/\/www.europesays.com\/fr\/wp-json\/wp\/v2\/media\/109702"}],"wp:attachment":[{"href":"https:\/\/www.europesays.com\/fr\/wp-json\/wp\/v2\/media?parent=660121"}],"wp:term":[{"taxonomy":"category","embeddable":true,"href":"https:\/\/www.europesays.com\/fr\/wp-json\/wp\/v2\/categories?post=660121"},{"taxonomy":"post_tag","embeddable":true,"href":"https:\/\/www.europesays.com\/fr\/wp-json\/wp\/v2\/tags?post=660121"}],"curies":[{"name":"wp","href":"https:\/\/api.w.org\/{rel}","templated":true}]}}