{"id":660122,"date":"2026-01-13T07:25:11","date_gmt":"2026-01-13T07:25:11","guid":{"rendered":"https:\/\/www.europesays.com\/fr\/660122\/"},"modified":"2026-01-13T07:25:11","modified_gmt":"2026-01-13T07:25:11","slug":"les-voeux-des-pupilles-de-ladpep-34","status":"publish","type":"post","link":"https:\/\/www.europesays.com\/fr\/660122\/","title":{"rendered":"Les v\u0153ux des Pupilles de l\u2019ADPEP 34"},"content":{"rendered":"<p>\n                                                                Ils ont \u00e9t\u00e9 formul\u00e9s au chai de La Bulle Bleue.\n                            <\/p>\n<p>Tout r\u00e9cemment le Chai de La Bulle Bleue accueillait la traditionnelle c\u00e9r\u00e9monie des v\u0153ux de l\u2019association ADPEP 34 (Association d\u00e9partementale des pupilles de l\u2019enseignement public). Tour \u00e0 tour, Delphine Maurel, nouvelle directrice g\u00e9n\u00e9rale de l\u2019association, et Elvire Grimal, la pr\u00e9sidente, ont fait le point sur le fonctionnement de l\u2019association. Et en ont tir\u00e9 le bilan de 2025, tout en tra\u00e7ant les perspectives d\u2019avenir.<\/p>\n<p>\u00c0 cette occasion, hommage a \u00e9t\u00e9 rendu \u00e0 Laurence Augier, r\u00e9cemment disparue. Elle \u00e9tait cheffe de service \u00e0 l\u2019Esat Ateliers Kennedy, depuis 2006.<\/p>\n<p><b>\u00ab\u00a0Dynamique de projets\u00a0\u00bb<\/b><\/p>\n<p>Pour rappel, ADPEP est un r\u00e9seau et un mouvement de transformation sociale. Lequel intervient dans les domaines de la petite enfance, de l\u2019\u00e9ducation, des loisirs, du social, du m\u00e9dico-social et de la sant\u00e9, sur l\u2019ensemble du territoire national et des territoires ultramarins.<\/p>\n<p>Dans son discours, Elvire Grimal a rappel\u00e9 que \u00ab\u00a0le projet associatif s\u2019oriente constamment vers l\u2019avenir et vise tous les publics. En d\u00e9pit de la situation \u00e9conomique actuelle, il est important de soutenir une dynamique de projets en ad\u00e9quation avec notre \u00e9poque\u00a0\u00bb.<\/p>\n<p>Le quartier des Bouisses confirme sa position de point d\u2019ancrage social, ce qui sera certainement un atout dans la perspective du futur agriparc.<\/p>\n<p>Correspondant Midi Libre : 06 82 30 36 26<\/p>\n","protected":false},"excerpt":{"rendered":"Ils ont \u00e9t\u00e9 formul\u00e9s au chai de La Bulle Bleue. Tout r\u00e9cemment le Chai de La Bulle Bleue&hellip;\n","protected":false},"author":2,"featured_media":660123,"comment_status":"","ping_status":"","sticky":false,"template":"","format":"standard","meta":{"footnotes":""},"categories":[9599],"tags":[1111,11,1777,674,1011,27,7089,2208,12,2680,25,801,1857],"class_list":{"0":"post-660122","1":"post","2":"type-post","3":"status-publish","4":"format-standard","5":"has-post-thumbnail","7":"category-montpellier","8":"tag-actu","9":"tag-actualites","10":"tag-eu","11":"tag-europe","12":"tag-fr","13":"tag-france","14":"tag-herault","15":"tag-montpellier","16":"tag-news","17":"tag-occitanie","18":"tag-republique-francaise","19":"tag-social","20":"tag-sociu00e9tu00e9"},"share_on_mastodon":{"url":"https:\/\/pubeurope.com\/@fr\/115886602601733653","error":""},"_links":{"self":[{"href":"https:\/\/www.europesays.com\/fr\/wp-json\/wp\/v2\/posts\/660122","targetHints":{"allow":["GET"]}}],"collection":[{"href":"https:\/\/www.europesays.com\/fr\/wp-json\/wp\/v2\/posts"}],"about":[{"href":"https:\/\/www.europesays.com\/fr\/wp-json\/wp\/v2\/types\/post"}],"author":[{"embeddable":true,"href":"https:\/\/www.europesays.com\/fr\/wp-json\/wp\/v2\/users\/2"}],"replies":[{"embeddable":true,"href":"https:\/\/www.europesays.com\/fr\/wp-json\/wp\/v2\/comments?post=660122"}],"version-history":[{"count":0,"href":"https:\/\/www.europesays.com\/fr\/wp-json\/wp\/v2\/posts\/660122\/revisions"}],"wp:featuredmedia":[{"embeddable":true,"href":"https:\/\/www.europesays.com\/fr\/wp-json\/wp\/v2\/media\/660123"}],"wp:attachment":[{"href":"https:\/\/www.europesays.com\/fr\/wp-json\/wp\/v2\/media?parent=660122"}],"wp:term":[{"taxonomy":"category","embeddable":true,"href":"https:\/\/www.europesays.com\/fr\/wp-json\/wp\/v2\/categories?post=660122"},{"taxonomy":"post_tag","embeddable":true,"href":"https:\/\/www.europesays.com\/fr\/wp-json\/wp\/v2\/tags?post=660122"}],"curies":[{"name":"wp","href":"https:\/\/api.w.org\/{rel}","templated":true}]}}