{"id":660126,"date":"2026-01-13T07:27:12","date_gmt":"2026-01-13T07:27:12","guid":{"rendered":"https:\/\/www.europesays.com\/fr\/660126\/"},"modified":"2026-01-13T07:27:12","modified_gmt":"2026-01-13T07:27:12","slug":"cest-rare-mais-les-policiers-vont-manifester-prochainement-a-rouen-voici-pourquoi","status":"publish","type":"post","link":"https:\/\/www.europesays.com\/fr\/660126\/","title":{"rendered":"C&rsquo;est rare, mais les policiers vont manifester prochainement \u00e0 Rouen : voici pourquoi"},"content":{"rendered":"<p>                    Par<br \/>\n        <strong><br \/>\n            <a href=\"https:\/\/actu.fr\/auteur\/eaube\" title=\"Consulter tous les articles de Elo\u00efse Aub\u00e9\" target=\"_blank\" rel=\"noopener\">Elo\u00efse Aub\u00e9<\/a><br \/>\n                    <\/strong><\/p>\n<p>        Publi\u00e9 le<\/p>\n<p>            13 janv. 2026 \u00e0 6h49        <\/p>\n<p>Des agents de police c\u00f4t\u00e9 manifestants, ce n\u2019est pas tous les jours. Samedi 31 janvier 2026, \u00e0 l\u2019appel du syndicat de police Alliance, des <strong>policiers se rassembleront partout en France<\/strong> pour d\u00e9noncer le manque de moyens et l\u2019ins\u00e9curit\u00e9.<\/p>\n<p class=\" wall-content\">En Seine-Maritime, ce rassemblera aura lieu samedi 31\u00a0janvier 2026 \u00e0 11\u00a0heures devant la mairie de <a href=\"https:\/\/actu.fr\/normandie\/rouen_76540\" target=\"_blank\" rel=\"noopener\">Rouen<\/a>.<\/p>\n<p>Des d\u00e9cisions de justice point\u00e9es du doigt<\/p>\n<p class=\" wall-content\">Depuis plusieurs mois, les agressions envers les forces de l\u2019ordre se multiplient. Comme \u00e0 la fin de l\u2019\u00e9t\u00e9 dans le quartier de <strong>Caucriauville au\u00a0Havre<\/strong> o\u00f9 des agents ont \u00e9t\u00e9<a href=\"https:\/\/actu.fr\/normandie\/le-havre_76351\/jets-de-projectiles-gaz-lacrymogene-que-s-est-il-passe-dans-le-quartier-de-caucriauville-au-havre_63077489.html\" target=\"_blank\" rel=\"noopener\"> pris \u00e0 partie<\/a> par une trentaine de personnes. Ou encore \u00e0 Montivilliers, en octobre\u00a02025, o\u00f9 <a href=\"https:\/\/actu.fr\/normandie\/montivilliers_76447\/l-interpellation-degenere-a-montivilliers-un-policer-projete-contre-une-voiture_63263907.html\" target=\"_blank\" rel=\"noopener\">un policier a \u00e9t\u00e9 violemment projet\u00e9 contre une voiture.<\/a><\/p>\n<p class=\" wall-content\">Le tout, dans un contexte o\u00f9 l<strong>e manque d\u2019effectifs se fait sentir et o\u00f9 le syst\u00e8me judiciaire \u00ab\u2009est lui aussi en souffrance\u2009\u00bb<\/strong>, indique Pierre Nachbar, d\u00e9l\u00e9gu\u00e9 syndical Alliance pour l\u2019agglom\u00e9ration du Havre. \u00ab\u2009D\u00e9connect\u00e9 du terrain, englu\u00e9 dans des logiques id\u00e9ologiques, il peine \u00e0 r\u00e9pondre \u00e0 la r\u00e9alit\u00e9 v\u00e9cue par les policiers et par les victimes.\u2009\u00bb<\/p>\n<blockquote class=\"ac-article-quote wall-content\">\n<p>En Normandie, comme ailleurs, les policiers victimes ont le sentiment d\u2019\u00eatre consid\u00e9r\u00e9s comme des victimes de seconde zone. Leurs blessures, physiques ou psychologiques, sont relativis\u00e9es. Cette situation est injuste et humiliante. <\/p>\n<p>    <strong>Pierre Nachbar<\/strong><br \/>\n        d\u00e9l\u00e9gu\u00e9 syndical Alliance Le Havre    <\/p><\/blockquote>\n<p class=\" wall-content\">Raison pour laquelle, cette <strong>mobilisation citoyenne<\/strong> a \u00e9t\u00e9 lanc\u00e9e, pour \u00ab\u2009exprimer un ras-le-bol partag\u00e9, demander des moyens concrets, une r\u00e9ponse judiciaire plus adapt\u00e9e et une v\u00e9ritable consid\u00e9ration pour les victimes\u2009\u00bb.<\/p>\n<p>Vid\u00e9os : en ce moment sur Actu<\/p>\n<p class=\" wall-content\">En 2024, 6213 policiers ont \u00e9t\u00e9 agress\u00e9s physiquement, soit en moyenne 17 chaque jour selon les chiffres du minist\u00e8re de l\u2019Int\u00e9rieur. Un chiffre en augmentation de 13\u2009% par rapport \u00e0 2023.<\/p>\n<p>Suivez l\u2019actualit\u00e9 de Rouen sur notre <a href=\"https:\/\/www.whatsapp.com\/channel\/0029VaKfnf99hXF2ddApFB1D\" target=\"_blank\" rel=\"noopener\">cha\u00eene WhatsApp<\/a> et sur notre <a href=\"https:\/\/www.tiktok.com\/@76actu.fr?lang=fr\" target=\"_blank\" rel=\"noopener\">compte TikTok<\/a><\/p>\n<p class=\" wall-content\">Personnalisez votre actualit\u00e9 en ajoutant vos villes et m\u00e9dias en favori avec <a href=\"https:\/\/moncompte.actu.fr\" title=\"D\u00e9couvez Mon Actu\" rel=\"nofollow noopener\" data-trk=\"{&quot;cta&quot;:{&quot;action&quot;:&quot;https:\\\/\\\/moncompte.actu.fr&quot;,&quot;category&quot;:&quot;mon compte&quot;,&quot;from&quot;:&quot;article footer&quot;,&quot;name&quot;:&quot;Mon actu&quot;,&quot;type&quot;:&quot;cta&quot;}}\" target=\"_blank\">Mon Actu<\/a>.<\/p>\n<p>                    <script async src=\"\/\/www.tiktok.com\/embed.js\"><\/script><\/p>\n","protected":false},"excerpt":{"rendered":"Par Elo\u00efse Aub\u00e9 Publi\u00e9 le 13 janv. 2026 \u00e0 6h49 Des agents de police c\u00f4t\u00e9 manifestants, ce n\u2019est&hellip;\n","protected":false},"author":2,"featured_media":660127,"comment_status":"","ping_status":"","sticky":false,"template":"","format":"standard","meta":{"footnotes":""},"categories":[9587],"tags":[1111,11,1777,674,1011,27,6151,12,5161,1072,25,9590,104],"class_list":{"0":"post-660126","1":"post","2":"type-post","3":"status-publish","4":"format-standard","5":"has-post-thumbnail","7":"category-rouen","8":"tag-actu","9":"tag-actualites","10":"tag-eu","11":"tag-europe","12":"tag-fr","13":"tag-france","14":"tag-greve","15":"tag-news","16":"tag-normandie","17":"tag-police","18":"tag-republique-francaise","19":"tag-rouen","20":"tag-societe"},"share_on_mastodon":{"url":"https:\/\/pubeurope.com\/@fr\/115886610340323330","error":""},"_links":{"self":[{"href":"https:\/\/www.europesays.com\/fr\/wp-json\/wp\/v2\/posts\/660126","targetHints":{"allow":["GET"]}}],"collection":[{"href":"https:\/\/www.europesays.com\/fr\/wp-json\/wp\/v2\/posts"}],"about":[{"href":"https:\/\/www.europesays.com\/fr\/wp-json\/wp\/v2\/types\/post"}],"author":[{"embeddable":true,"href":"https:\/\/www.europesays.com\/fr\/wp-json\/wp\/v2\/users\/2"}],"replies":[{"embeddable":true,"href":"https:\/\/www.europesays.com\/fr\/wp-json\/wp\/v2\/comments?post=660126"}],"version-history":[{"count":0,"href":"https:\/\/www.europesays.com\/fr\/wp-json\/wp\/v2\/posts\/660126\/revisions"}],"wp:featuredmedia":[{"embeddable":true,"href":"https:\/\/www.europesays.com\/fr\/wp-json\/wp\/v2\/media\/660127"}],"wp:attachment":[{"href":"https:\/\/www.europesays.com\/fr\/wp-json\/wp\/v2\/media?parent=660126"}],"wp:term":[{"taxonomy":"category","embeddable":true,"href":"https:\/\/www.europesays.com\/fr\/wp-json\/wp\/v2\/categories?post=660126"},{"taxonomy":"post_tag","embeddable":true,"href":"https:\/\/www.europesays.com\/fr\/wp-json\/wp\/v2\/tags?post=660126"}],"curies":[{"name":"wp","href":"https:\/\/api.w.org\/{rel}","templated":true}]}}