{"id":660130,"date":"2026-01-13T07:32:39","date_gmt":"2026-01-13T07:32:39","guid":{"rendered":"https:\/\/www.europesays.com\/fr\/660130\/"},"modified":"2026-01-13T07:32:39","modified_gmt":"2026-01-13T07:32:39","slug":"en-ille-et-vilaine-les-habitants-invites-a-compter-les-oiseaux-de-jardins-avec-bretagne-vivante","status":"publish","type":"post","link":"https:\/\/www.europesays.com\/fr\/660130\/","title":{"rendered":"En Ille-et-Vilaine, les habitants invit\u00e9s \u00e0 compter les oiseaux de jardins avec Bretagne Vivante"},"content":{"rendered":"<p>Afin de sensibiliser le public et collecter des donn\u00e9es essentielles pour suivre l\u2019\u00e9volution des populations d\u2019oiseaux communs, l\u2019association Bretagne Vivante invite la population \u00e0 participer \u00e0 l\u2019op\u00e9ration de comptage des oiseaux, les 24 et 25\u00a0janvier 2026. Aucune comp\u00e9tence n\u2019est n\u00e9cessaire pour participer.<\/p>\n<p>Afin de recenser les esp\u00e8ces d\u2019oiseaux, l\u2019op\u00e9ration nationale de comptage des <a target=\"_self\" href=\"https:\/\/redon.maville.com\/actu\/actudet_-les-gazouillis-que-l-on-entend-plus-les-oiseaux-du-bati-des-especes-en-danger-_7-6908060_actu.Htm\" rel=\"noopener\">oiseaux des jardins<\/a> est de retour samedi\u00a024 et dimanche 25\u00a0janvier 2026 dans tout le pays.<\/p>\n<p>Accessible \u00e0 tous<\/p>\n<p>\u00a0Il permet \u00e0 la fois de sensibiliser le public \u00e0 la biodiversit\u00e9 du quotidien et de fournir des donn\u00e9es essentielles pour suivre l\u2019\u00e9volution des populations d\u2019oiseaux communs, dont certains sont en forte diminution ces derni\u00e8res ann\u00e9es\u00a0, explique <a target=\"_self\" href=\"https:\/\/saint-malo.maville.com\/actu\/actudet_-bretagne-vivante-une-reference-en-termes-de-protection-de-la-biodiversite-_7-6274992_actu.Htm\" rel=\"noopener\">l\u2019association Bretagne Vivante.<\/a><\/p>\n<p>L\u2019op\u00e9ration est accessible \u00e0 tous, aucune comp\u00e9tence\u00a0ornithologique n\u2019est n\u00e9cessaire. Il suffit de choisir un lieu d\u2019observation (jardin, balcon ou parc) et une heure d\u2019observation le 24 ou le 25\u00a0janvier. Sur ce cr\u00e9neau, \u00a0observez tous les oiseaux pr\u00e9sents pendant une heure et notez vos observations selon le protocole\u00a0, pr\u00e9cise Bretagne Vivante. Il suffit ensuite de transmettre les r\u00e9sultats en ligne ou par voie postale.<\/p>\n<p>Contact : toutes les informations, ainsi que des descriptifs des oiseaux, sont disponibles sur le site <a rel=\"noopener\" target=\"_blank\" href=\"https:\/\/www.bretagne-vivante.org\/decouverte-de-la-nature\/comptage-oiseaux-des-jardins\/?utm_source=chatgpt.com\">www.bretagne-vivante.org<\/a><\/p>\n<p>\u00a0<\/p>\n","protected":false},"excerpt":{"rendered":"Afin de sensibiliser le public et collecter des donn\u00e9es essentielles pour suivre l\u2019\u00e9volution des populations d\u2019oiseaux communs, l\u2019association&hellip;\n","protected":false},"author":2,"featured_media":660131,"comment_status":"","ping_status":"","sticky":false,"template":"","format":"standard","meta":{"footnotes":""},"categories":[2821],"tags":[1111,11,829,33563,1777,674,1011,27,4021,848,12363,18621,12,4964,584,25,3728,76200],"class_list":{"0":"post-660130","1":"post","2":"type-post","3":"status-publish","4":"format-standard","5":"has-post-thumbnail","7":"category-rennes","8":"tag-actu","9":"tag-actualites","10":"tag-bretagne","11":"tag-compter","12":"tag-eu","13":"tag-europe","14":"tag-fr","15":"tag-france","16":"tag-habitants","17":"tag-ille-et-vilaine","18":"tag-invites","19":"tag-jardins","20":"tag-news","21":"tag-oiseaux","22":"tag-rennes","23":"tag-republique-francaise","24":"tag-saint-malo","25":"tag-vivante"},"share_on_mastodon":{"url":"https:\/\/pubeurope.com\/@fr\/115886630064963901","error":""},"_links":{"self":[{"href":"https:\/\/www.europesays.com\/fr\/wp-json\/wp\/v2\/posts\/660130","targetHints":{"allow":["GET"]}}],"collection":[{"href":"https:\/\/www.europesays.com\/fr\/wp-json\/wp\/v2\/posts"}],"about":[{"href":"https:\/\/www.europesays.com\/fr\/wp-json\/wp\/v2\/types\/post"}],"author":[{"embeddable":true,"href":"https:\/\/www.europesays.com\/fr\/wp-json\/wp\/v2\/users\/2"}],"replies":[{"embeddable":true,"href":"https:\/\/www.europesays.com\/fr\/wp-json\/wp\/v2\/comments?post=660130"}],"version-history":[{"count":0,"href":"https:\/\/www.europesays.com\/fr\/wp-json\/wp\/v2\/posts\/660130\/revisions"}],"wp:featuredmedia":[{"embeddable":true,"href":"https:\/\/www.europesays.com\/fr\/wp-json\/wp\/v2\/media\/660131"}],"wp:attachment":[{"href":"https:\/\/www.europesays.com\/fr\/wp-json\/wp\/v2\/media?parent=660130"}],"wp:term":[{"taxonomy":"category","embeddable":true,"href":"https:\/\/www.europesays.com\/fr\/wp-json\/wp\/v2\/categories?post=660130"},{"taxonomy":"post_tag","embeddable":true,"href":"https:\/\/www.europesays.com\/fr\/wp-json\/wp\/v2\/tags?post=660130"}],"curies":[{"name":"wp","href":"https:\/\/api.w.org\/{rel}","templated":true}]}}