{"id":660132,"date":"2026-01-13T07:33:17","date_gmt":"2026-01-13T07:33:17","guid":{"rendered":"https:\/\/www.europesays.com\/fr\/660132\/"},"modified":"2026-01-13T07:33:17","modified_gmt":"2026-01-13T07:33:17","slug":"rennes-urban-trail-ouverture-des-inscriptions-ce-mardi-a-7h30","status":"publish","type":"post","link":"https:\/\/www.europesays.com\/fr\/660132\/","title":{"rendered":"Rennes Urban Trail : ouverture des inscriptions ce mardi \u00e0 7h30"},"content":{"rendered":"<p class=\"block date\" id=\"dateEtAuteur\">Publi\u00e9 : 6h45 &#8211; Modifi\u00e9 : 7h09 No\u00eblline  GARON <\/p>\n<p><img decoding=\"async\" class=\"\" style=\"width:100%\" src=\"https:\/\/www.europesays.com\/fr\/wp-content\/uploads\/2026\/01\/Rennes_Urban_Trail_2025_bis_cr_dit_lethcreation1768282130683.jpg\" alt=\"Des coureurs dans les rues de Rennes en 2025\"\/>Les inscriptions pour la prochaine \u00e9dition de l&rsquo;Urban Trail de Rennes ouvrent ce mardi 13 janvier. Elles s&rsquo;\u00e9talent sur trois jours. L&rsquo;an dernier, 13 000 personnes avaient particip\u00e9 aux courses dans la capitale bretonne.  <\/p>\n<p>Il va falloir \u00eatre vif, car il n\u2019y en aura pas pour tout le monde. <strong>Les inscriptions pour la prochaine \u00e9dition de l\u2019Urban trail de Rennes ouvrent ce mardi \u00e0 7h30, avec d&rsquo;abord le 14 kilom\u00e8tres et le challenge entreprise<\/strong>. Ce mercredi, il sera possible de prendre un dossard pour le 7 kms et jeudi pour le 24 kms.<\/p>\n<p>\u00a0<\/p>\n<blockquote><p>\nPlus de places cette ann\u00e9e\n<\/p><\/blockquote>\n<p>\u00a0<\/p>\n<p>Face \u00e0 l&rsquo;engouement pour cet \u00e9v\u00e9nement, les organisateurs ont ouvert plus de places : \u00ab\u00a0On aimerait nous accueillir le maximum de personnes. C&rsquo;est pourquoi on augmente au fur et \u00e0 mesure des ann\u00e9es la jauge. Avec 1 000 personnes en plus cette ann\u00e9e, <strong>on passe de 13 000 \u00e0 14 000 en 2026<\/strong>. On essaye de proposer un \u00e9v\u00e9nement fluide pour la s\u00e9curit\u00e9 des coureurs, et on le fait donc progressivement\u00a0\u00bb, explique Charlotte Besnard en charge de la communication du Rennes Urban Trail.<\/p>\n<p>Charlotte BesnardCharlotte Besnard<\/p>\n<p>Cr\u00e9dit : No\u00eblline Garon<\/p>\n<blockquote><p>\nEn 2025, les courses \u00e9taient compl\u00e8tes en 30 minutes\n<\/p><\/blockquote>\n<p>\u00a0<\/p>\n<p>Pour s&rsquo;inscrire, il faut se rendre sur <a href=\"https:\/\/www.klikego.com\/inscription\/rennes-urban-trail-2026\/running-course-a-pied\/1477428861475-10\" rel=\"noopener\" target=\"_blank\">klikego <\/a>ou sur le site de <a href=\"https:\/\/www.rennesurbantrail.bzh\/\" target=\"_blank\" rel=\"noopener\">l&rsquo;\u00e9v\u00e9nement<\/a>. L&rsquo;an dernier, il avait fallu 30 minutes pour que les courses affichent complets.<\/p>\n<p>Avec 14 000 places le 19 avril, est-ce qu&rsquo;on a atteint la jauge maximale ? \u00ab\u00a0On commence \u00e0 l&rsquo;atteindre \u00e9tant donn\u00e9 que Rennes est une ville qui n&rsquo;est pas non plus Paris avec des routes tr\u00e8s larges. Et puis comme on a la chance d&rsquo;avoir de nombreux monuments\u00a0 il y a parfois des passsages \u00e9troits, des escaliers. Donc, on est oblig\u00e9 quand m\u00eame de limiter pour que les coureurs passent un bon moment, pour la s\u00e9curit\u00e9 de tous et pour \u00e9viter qu&rsquo;il y ait trop de bouchons. Mais chaque ann\u00e9e, on essaie d&rsquo;ajuster pour ajouter un peu plus de dossards<\/p>\n<p>D&rsquo;ailleurs, nouveaut\u00e9 sur le 24 kms cette ann\u00e9e, il y aura deux d\u00e9parts pour fluidifier ce qui nous a permis aussi d&rsquo;augmenter la jauge un peu plus sur cette course\u00a0\u00bb poursuit Charlotte Besnard.<\/p>\n<p>Charlotte BesnardCharlotte Besnard<img decoding=\"async\" class=\"\" style=\"width:100%\" src=\"https:\/\/www.europesays.com\/fr\/wp-content\/uploads\/2026\/01\/Rennes_Urban_Trail_2025_cr_dit_lethcreation1768282978012.jpg\" alt=\"Des participantes de l'\u00e9dition 2025\"\/> <\/p>\n<p>Pour ceux qui n\u2019auront pas r\u00e9ussi \u00e0 d\u00e9crocher leur place, une bourse d\u2019\u00e9change sera mise en place d\u00e9but f\u00e9vrier.<\/p>\n<p>Les trac\u00e9s seront \u00e9galement d\u00e9voil\u00e9s courant f\u00e9vrier-mars.\u00a0<\/p>\n<p>\u00a0<\/p>\n<p style=\"text-align: center;\">\n","protected":false},"excerpt":{"rendered":"Publi\u00e9 : 6h45 &#8211; Modifi\u00e9 : 7h09 No\u00eblline GARON Les inscriptions pour la prochaine \u00e9dition de l&rsquo;Urban Trail&hellip;\n","protected":false},"author":2,"featured_media":660133,"comment_status":"","ping_status":"","sticky":false,"template":"","format":"standard","meta":{"footnotes":""},"categories":[2821],"tags":[1111,11,829,76203,76204,7712,76207,76206,1777,674,1011,27,848,76202,55259,12,76205,584,76201,25],"class_list":{"0":"post-660132","1":"post","2":"type-post","3":"status-publish","4":"format-standard","5":"has-post-thumbnail","7":"category-rennes","8":"tag-actu","9":"tag-actualites","10":"tag-bretagne","11":"tag-charlotte-besnard","12":"tag-comment-sinscrire-rennes-urban-trail","13":"tag-course-a-pied","14":"tag-course-a-pied-bretagne","15":"tag-edition-2026-rennes-urban-trail","16":"tag-eu","17":"tag-europe","18":"tag-fr","19":"tag-france","20":"tag-ille-et-vilaine","21":"tag-inscriptions-rennes-urban-trail","22":"tag-klikego","23":"tag-news","24":"tag-places-rennes-urban-trail","25":"tag-rennes","26":"tag-rennes-urban-trail","27":"tag-republique-francaise"},"share_on_mastodon":{"url":"https:\/\/pubeurope.com\/@fr\/115886634118113515","error":""},"_links":{"self":[{"href":"https:\/\/www.europesays.com\/fr\/wp-json\/wp\/v2\/posts\/660132","targetHints":{"allow":["GET"]}}],"collection":[{"href":"https:\/\/www.europesays.com\/fr\/wp-json\/wp\/v2\/posts"}],"about":[{"href":"https:\/\/www.europesays.com\/fr\/wp-json\/wp\/v2\/types\/post"}],"author":[{"embeddable":true,"href":"https:\/\/www.europesays.com\/fr\/wp-json\/wp\/v2\/users\/2"}],"replies":[{"embeddable":true,"href":"https:\/\/www.europesays.com\/fr\/wp-json\/wp\/v2\/comments?post=660132"}],"version-history":[{"count":0,"href":"https:\/\/www.europesays.com\/fr\/wp-json\/wp\/v2\/posts\/660132\/revisions"}],"wp:featuredmedia":[{"embeddable":true,"href":"https:\/\/www.europesays.com\/fr\/wp-json\/wp\/v2\/media\/660133"}],"wp:attachment":[{"href":"https:\/\/www.europesays.com\/fr\/wp-json\/wp\/v2\/media?parent=660132"}],"wp:term":[{"taxonomy":"category","embeddable":true,"href":"https:\/\/www.europesays.com\/fr\/wp-json\/wp\/v2\/categories?post=660132"},{"taxonomy":"post_tag","embeddable":true,"href":"https:\/\/www.europesays.com\/fr\/wp-json\/wp\/v2\/tags?post=660132"}],"curies":[{"name":"wp","href":"https:\/\/api.w.org\/{rel}","templated":true}]}}