{"id":660136,"date":"2026-01-13T07:35:10","date_gmt":"2026-01-13T07:35:10","guid":{"rendered":"https:\/\/www.europesays.com\/fr\/660136\/"},"modified":"2026-01-13T07:35:10","modified_gmt":"2026-01-13T07:35:10","slug":"une-station-essence-totalenergies-fermee-pendant-un-an-a-cause-de-travaux","status":"publish","type":"post","link":"https:\/\/www.europesays.com\/fr\/660136\/","title":{"rendered":"une station essence TotalEnergies ferm\u00e9e pendant un an \u00e0 cause de travaux"},"content":{"rendered":"<p>                    Par<br \/>\n        <strong><br \/>\n            <a href=\"https:\/\/actu.fr\/auteur\/ivan-capecchi\" title=\"Consulter tous les articles de Ivan CAPECCHI\" target=\"_blank\" rel=\"noopener\">Ivan CAPECCHI<\/a><br \/>\n                    <\/strong><\/p>\n<p>        Publi\u00e9 le<\/p>\n<p>            13 janv. 2026 \u00e0 7h02        <\/p>\n<p>Des <a href=\"https:\/\/actu.fr\/tag\/travaux\" target=\"_blank\" rel=\"noopener\">travaux<\/a> d\u00e9butent ce lundi 12\u00a0janvier 2026 sur la <strong>M35<\/strong>, dans le sens <strong>Colmar<\/strong> vers <strong>Strasbourg<\/strong>, \u00e0 hauteur d\u2019<a href=\"https:\/\/actu.fr\/grand-est\/ostwald_67365\" target=\"_blank\" rel=\"noopener\">Ostwald<\/a>.<\/p>\n<p>Une station TotalEnergies ferm\u00e9e le temps des travaux<\/p>\n<p class=\" wall-content\">Selon Info trafic Bas-Rhin, les travaux commencent \u00e0 partir de 20h ce lundi et doivent se poursuivre <strong>jusqu\u2019\u00e0 la fin de l\u2019ann\u00e9e 2026<\/strong>.<\/p>\n<p class=\" wall-content\">La <strong>station-service TotalEnergies<\/strong> situ\u00e9e dans le secteur sera <strong>ferm\u00e9e pendant toute la dur\u00e9e du chantier<\/strong>.<\/p>\n<p>    <a href=\"https:\/\/www.facebook.com\/plugins\/post.php?href=https%3A%2F%2Fwww.facebook.com%2FITBR67%2Fposts%2Fpfbid02NNFSK7CuxaXSv5tPRifLRy5gZpD62hnhWA2TMdLAibH7EJdZkuKc12RcU6qRgKXZl&amp;show_text=true&amp;width=350\" title=\"Ouvrie le lien\" target=\"_blank\" rel=\"noopener\">Cliquez ici pour visualiser le contenu<\/a><\/p>\n<p>Neutralisation de voies cette nuit<\/p>\n<p class=\" wall-content\">Toujours d\u2019apr\u00e8s Info trafic Bas-Rhin, dans la nuit de lundi \u00e0 mardi, entre 20h et 6h, il y aura la \u00ab<strong>\u2009neutralisation de la voie de droite et du milieu<\/strong> par des fl\u00e8ches lumineuses de rabattement pour permettre la pose de blocs de b\u00e9tons temporaires pour <strong>neutraliser la bretelle de sortie<\/strong>\u2009\u00bb.<\/p>\n<p class=\" wall-content\">\u00ab\u2009La <a href=\"https:\/\/actu.fr\/tag\/circulation\" target=\"_blank\" rel=\"noopener\">circulation<\/a> se fera donc uniquement sur la <strong>voie de gauche cette nuit<\/strong>, des <strong>perturbations<\/strong> sont \u00e0 pr\u00e9voir\u2009!\u2009\u00bb, ajoute la page d\u2019info trafic.<\/p>\n<p class=\" wall-content\">Personnalisez votre actualit\u00e9 en ajoutant vos villes et m\u00e9dias en favori avec <a href=\"https:\/\/moncompte.actu.fr\" title=\"D\u00e9couvez Mon Actu\" rel=\"nofollow noopener\" data-trk=\"{&quot;cta&quot;:{&quot;action&quot;:&quot;https:\\\/\\\/moncompte.actu.fr&quot;,&quot;category&quot;:&quot;mon compte&quot;,&quot;from&quot;:&quot;article footer&quot;,&quot;name&quot;:&quot;Mon actu&quot;,&quot;type&quot;:&quot;cta&quot;}}\" target=\"_blank\">Mon Actu<\/a>.<\/p>\n","protected":false},"excerpt":{"rendered":"Par Ivan CAPECCHI Publi\u00e9 le 13 janv. 2026 \u00e0 7h02 Des travaux d\u00e9butent ce lundi 12\u00a0janvier 2026 sur&hellip;\n","protected":false},"author":2,"featured_media":660137,"comment_status":"","ping_status":"","sticky":false,"template":"","format":"standard","meta":{"footnotes":""},"categories":[2820],"tags":[1111,11,4996,3542,1777,674,1011,27,775,12,25,104,640,2086],"class_list":{"0":"post-660136","1":"post","2":"type-post","3":"status-publish","4":"format-standard","5":"has-post-thumbnail","7":"category-strasbourg","8":"tag-actu","9":"tag-actualites","10":"tag-carburants","11":"tag-circulation","12":"tag-eu","13":"tag-europe","14":"tag-fr","15":"tag-france","16":"tag-grand-est","17":"tag-news","18":"tag-republique-francaise","19":"tag-societe","20":"tag-strasbourg","21":"tag-travaux"},"share_on_mastodon":{"url":"https:\/\/pubeurope.com\/@fr\/115886641851722495","error":""},"_links":{"self":[{"href":"https:\/\/www.europesays.com\/fr\/wp-json\/wp\/v2\/posts\/660136","targetHints":{"allow":["GET"]}}],"collection":[{"href":"https:\/\/www.europesays.com\/fr\/wp-json\/wp\/v2\/posts"}],"about":[{"href":"https:\/\/www.europesays.com\/fr\/wp-json\/wp\/v2\/types\/post"}],"author":[{"embeddable":true,"href":"https:\/\/www.europesays.com\/fr\/wp-json\/wp\/v2\/users\/2"}],"replies":[{"embeddable":true,"href":"https:\/\/www.europesays.com\/fr\/wp-json\/wp\/v2\/comments?post=660136"}],"version-history":[{"count":0,"href":"https:\/\/www.europesays.com\/fr\/wp-json\/wp\/v2\/posts\/660136\/revisions"}],"wp:featuredmedia":[{"embeddable":true,"href":"https:\/\/www.europesays.com\/fr\/wp-json\/wp\/v2\/media\/660137"}],"wp:attachment":[{"href":"https:\/\/www.europesays.com\/fr\/wp-json\/wp\/v2\/media?parent=660136"}],"wp:term":[{"taxonomy":"category","embeddable":true,"href":"https:\/\/www.europesays.com\/fr\/wp-json\/wp\/v2\/categories?post=660136"},{"taxonomy":"post_tag","embeddable":true,"href":"https:\/\/www.europesays.com\/fr\/wp-json\/wp\/v2\/tags?post=660136"}],"curies":[{"name":"wp","href":"https:\/\/api.w.org\/{rel}","templated":true}]}}