{"id":660144,"date":"2026-01-13T07:39:38","date_gmt":"2026-01-13T07:39:38","guid":{"rendered":"https:\/\/www.europesays.com\/fr\/660144\/"},"modified":"2026-01-13T07:39:38","modified_gmt":"2026-01-13T07:39:38","slug":"les-soignants-denoncent-laccumulation-des-mesures-securitaires","status":"publish","type":"post","link":"https:\/\/www.europesays.com\/fr\/660144\/","title":{"rendered":"les soignants d\u00e9noncent \u00abl\u2019accumulation des mesures s\u00e9curitaires\u00bb"},"content":{"rendered":"<p>\n    Psychiatres et infirmiers ont d\u00e9nonc\u00e9, lundi matin, devant la maison d\u2019arr\u00eat de l\u2019agglom\u00e9ration, le climat de \u00absuspicion de corruption\u00bb qui r\u00e8gne dans l\u2019\u00e9tablissement. Une source d\u2019inqui\u00e9tude suppl\u00e9mentaire alors que leurs conditions de travail sont d\u00e9j\u00e0 d\u00e9grad\u00e9es par la surpopulation carc\u00e9rale.<\/p>\n<p class=\"fig-paragraph\">De m\u00e9moire de soignant, il s\u2019agissait de la premi\u00e8re mobilisation\u00a0<a href=\"http:\/\/www.lefigaro.fr\/social\/les-soignants-peuvent-utiliser-l-ia-mais-avec-precaution-juge-la-haute-autorite-de-sante-20251030\" target=\"_blank\" data-fig-type=\"NewsFlash\" rel=\"noopener\" data-gtm-custom-categorie=\"navigation\" data-gtm-custom-action=\"crossclick\" data-gtm-custom-label=\"Contextuel\" data-gtm-event=\"customEventSPE\" data-fig-domain=\"LEFIGARO\">de blouses blanches<\/a>\u00a0aux portes de la maison d\u2019arr\u00eat\u00a0<a href=\"https:\/\/www.lefigaro.fr\/nantes\" target=\"_blank\" data-fig-type=\"Section\" rel=\"sponsored noopener\" data-gtm-custom-categorie=\"navigation\" data-gtm-custom-action=\"crossclick\" data-gtm-custom-label=\"Contextuel\" data-gtm-event=\"customEventSPE\" data-fig-domain=\"LEFIGARO\">de Nantes<\/a>. Lundi 12 janvier, quelque vingt-cinq psychiatres et infirmiers se sont rassembl\u00e9s pour faire entendre leur m\u00e9contentement face ce qu\u2019ils per\u00e7oivent comme une d\u00e9rive des contraintes s\u00e9curitaires au sein de la prison. Un mouvement \u00abde r\u00e9sistance\u00bb jug\u00e9 n\u00e9cessaire par ces soignants \u00e0 bout.<\/p>\n<p class=\"fig-paragraph\">Tous affili\u00e9s au sein du service m\u00e9dico-psychologique r\u00e9gional (SMPR), l\u2019unit\u00e9 du\u00a0<a href=\"http:\/\/www.lefigaro.fr\/nantes\/nantes-le-nouveau-chu-attendu-pour-2027-s-est-deja-trouve-un-nom-20251120\" target=\"_blank\" data-fig-type=\"NewsFlash\" rel=\"noopener\" data-gtm-custom-categorie=\"navigation\" data-gtm-custom-action=\"crossclick\" data-gtm-custom-label=\"Contextuel\" data-gtm-event=\"customEventSPE\" data-fig-domain=\"LEFIGARO\">CHU de Nantes<\/a>\u00a0d\u00e9di\u00e9 aux soins aux personnes d\u00e9tenues, les soignants mobilis\u00e9s se sont en particulier \u00e9mus d\u2019une nouvelle obligation qui leur impose d\u2019utiliser un sac transparent dans l\u2019\u00e9tablissement. Instaur\u00e9e en d\u00e9but d\u2019ann\u00e9e, la mesure a \u00e9t\u00e9 mal accueillie par les professionnels de sant\u00e9.<\/p>\n<p>                                            <a class=\"fig-a11y-skip\" href=\"#fig-a11y-skip-main-inarticle\" data-module=\"a11y-skip\" data-context=\"was @visible\"><br \/>\n    Passer la publicit\u00e9<br \/>\n<\/a>            <\/p>\n<p>                                            Surpopulation carc\u00e9rale \u00e9touffante<\/p>\n<p class=\"fig-paragraph\">\u00abL\u2019accumulation des mesures s\u00e9curitaires sur fond de suspicions de corruption alimente un climat qui ab\u00eeme notre capacit\u00e9 \u00e0 proposer des soins dignes et \u00e9thiques\u00bb, explique David Sechter, psychiatre au SMPR du CHU de Nantes. Le soignant \u00e9voque un manque de concertation banalis\u00e9 au sein de l\u2019\u00e9tablissement p\u00e9nitentiaire qui se traduirait, notamment, par des r\u00e9quisitions de cellules de l\u2019h\u00f4pital de jour. Soit des places r\u00e9cup\u00e9r\u00e9es au nez et \u00e0 la barbe du SMPR, sans la moindre consultation pr\u00e9alable. \u00abNous craignons aussi de ne pouvoir travailler autrement que sous surveillance. Nos relations avec les patients doivent rester confidentielles, ce qui est difficile \u00e0 mettre en \u0153uvre dans des cellules o\u00f9 cohabitent trois d\u00e9tenus\u00bb, ajoute David Sechter.<\/p>\n<p class=\"fig-body-link\">\n            \u00c0 lire aussi<br \/>\n        <a class=\"fig-body-link__link\" href=\"http:\/\/www.lefigaro.fr\/nantes\/nantes-un-lyceen-retrouve-mort-dans-sa-chambre-d-internat-20260112\" target=\"_blank\" data-fig-type=\"NewsFlash\" rel=\"noopener\" data-gtm-custom-categorie=\"navigation\" data-gtm-custom-action=\"crossclick\" data-gtm-custom-label=\"Contextuel\" data-gtm-event=\"customEventSPE\" data-fig-domain=\"LEFIGARO\"><\/p>\n<p>        Nantes\u00a0: un lyc\u00e9en retrouv\u00e9 mort dans sa chambre d\u2019internat<br \/>\n    <\/a>\n<\/p>\n<p class=\"fig-paragraph\">Le personnel soignant d\u00e9nonce \u00e9galement la lente d\u00e9gradation des conditions de travail au sein du centre p\u00e9nitentiaire. Le SMPR se trouve ainsi d\u00e9pass\u00e9 par \u00abla surpopulation carc\u00e9rale \u00e9touffante\u00bb. Le nombre de d\u00e9tenus \u00e0 la maison d\u2019arr\u00eat de Nantes \u00e9tait d\u2019environ 880 en d\u00e9cembre, pour 420 places. Selon leurs calculs, les soignants en sont rendus \u00e0 1,5 psychiatre et 8,5 infirmiers pour 1000 d\u00e9tenus. Avec seulement vingt places, l\u2019h\u00f4pital de jour de la maison d\u2019arr\u00eat est d\u00e9bord\u00e9 de mani\u00e8re permanente, mettant \u00e0 bout de forces les \u00e9quipes de soins.<\/p>\n<p class=\"fig-paragraph\">La direction de l\u2019\u00e9tablissement a re\u00e7u les soignants mobilis\u00e9s, lundi matin. \u00abPr\u00e9vu par le plan Vigipirate, le dispositif des sacs transparents est n\u00e9cessaire pour mieux contr\u00f4ler nos structures. Pr\u00e9par\u00e9e depuis sept mois, cette mesure est appliqu\u00e9e \u00e0 l\u2019ensemble du personnel, dont la direction. \u00c0 ce titre, plus de 700 sacs ont \u00e9t\u00e9 acquis par l\u2019\u00e9tablissement\u00bb, indique au Figaro Dieudonn\u00e9 Mbeleg, directeur du centre p\u00e9nitentiaire de Nantes. Jugeant la contestation de ces sacs \u00abcompl\u00e8tement anecdotique\u00bb, le chef d\u2019\u00e9tablissement a indiqu\u00e9 n\u00e9anmoins comprendre les pr\u00e9occupations plus g\u00e9n\u00e9rales sur le travail des soignants \u00e0 l\u2019aune de surpopulation carc\u00e9rale.<\/p>\n","protected":false},"excerpt":{"rendered":"Psychiatres et infirmiers ont d\u00e9nonc\u00e9, lundi matin, devant la maison d\u2019arr\u00eat de l\u2019agglom\u00e9ration, le climat de \u00absuspicion de&hellip;\n","protected":false},"author":2,"featured_media":660145,"comment_status":"","ping_status":"","sticky":false,"template":"","format":"standard","meta":{"footnotes":""},"categories":[2818],"tags":[1111,11,1777,674,1011,27,766,12,2636,806,25,71],"class_list":{"0":"post-660144","1":"post","2":"type-post","3":"status-publish","4":"format-standard","5":"has-post-thumbnail","7":"category-nantes","8":"tag-actu","9":"tag-actualites","10":"tag-eu","11":"tag-europe","12":"tag-fr","13":"tag-france","14":"tag-nantes","15":"tag-news","16":"tag-pays-de-la-loire","17":"tag-prison","18":"tag-republique-francaise","19":"tag-sante"},"share_on_mastodon":{"url":"https:\/\/pubeurope.com\/@fr\/115886657636042679","error":""},"_links":{"self":[{"href":"https:\/\/www.europesays.com\/fr\/wp-json\/wp\/v2\/posts\/660144","targetHints":{"allow":["GET"]}}],"collection":[{"href":"https:\/\/www.europesays.com\/fr\/wp-json\/wp\/v2\/posts"}],"about":[{"href":"https:\/\/www.europesays.com\/fr\/wp-json\/wp\/v2\/types\/post"}],"author":[{"embeddable":true,"href":"https:\/\/www.europesays.com\/fr\/wp-json\/wp\/v2\/users\/2"}],"replies":[{"embeddable":true,"href":"https:\/\/www.europesays.com\/fr\/wp-json\/wp\/v2\/comments?post=660144"}],"version-history":[{"count":0,"href":"https:\/\/www.europesays.com\/fr\/wp-json\/wp\/v2\/posts\/660144\/revisions"}],"wp:featuredmedia":[{"embeddable":true,"href":"https:\/\/www.europesays.com\/fr\/wp-json\/wp\/v2\/media\/660145"}],"wp:attachment":[{"href":"https:\/\/www.europesays.com\/fr\/wp-json\/wp\/v2\/media?parent=660144"}],"wp:term":[{"taxonomy":"category","embeddable":true,"href":"https:\/\/www.europesays.com\/fr\/wp-json\/wp\/v2\/categories?post=660144"},{"taxonomy":"post_tag","embeddable":true,"href":"https:\/\/www.europesays.com\/fr\/wp-json\/wp\/v2\/tags?post=660144"}],"curies":[{"name":"wp","href":"https:\/\/api.w.org\/{rel}","templated":true}]}}