{"id":660154,"date":"2026-01-13T07:44:23","date_gmt":"2026-01-13T07:44:23","guid":{"rendered":"https:\/\/www.europesays.com\/fr\/660154\/"},"modified":"2026-01-13T07:44:23","modified_gmt":"2026-01-13T07:44:23","slug":"la-nuit-des-conservatoires-2026","status":"publish","type":"post","link":"https:\/\/www.europesays.com\/fr\/660154\/","title":{"rendered":"La Nuit des Conservatoires 2026"},"content":{"rendered":"<p class=\"introduction\">Vendredi 30 janvier 2026, le Conservatoire de Roubaix ouvre grand ses portes au public \u00e0 l\u2019occasion de la Nuit des Conservatoires, une manifestation nationale qui met \u00e0 l\u2019honneur la richesse et la diversit\u00e9 de l\u2019enseignement artistique en France.<\/p>\n<p data-start=\"600\" data-end=\"922\">Organis\u00e9e partout en France, la Nuit des Conservatoires c\u00e9l\u00e8bre le r\u00f4le essentiel de ces \u00e9tablissements : <strong data-start=\"706\" data-end=\"731\">sensibiliser aux arts<\/strong>, <strong data-start=\"733\" data-end=\"788\">former les amateurs comme les futurs professionnels<\/strong>, <strong data-start=\"790\" data-end=\"822\">diffuser le spectacle vivant<\/strong> et <strong data-start=\"826\" data-end=\"871\">soutenir toutes les pratiques artistiques<\/strong>, de la musique \u00e0 la danse en passant par le chant.<\/p>\n<p data-start=\"924\" data-end=\"1350\">\u00c0 Roubaix, cette \u00e9dition 2026 prend la forme d\u2019une <strong data-start=\"975\" data-end=\"1000\">d\u00e9ambulation nocturne<\/strong> \u00e0 travers l\u2019ensemble du b\u00e2timent. Tout au long de la soir\u00e9e, les visiteurs pourront d\u00e9couvrir les talents des <strong data-start=\"1111\" data-end=\"1137\">\u00e9l\u00e8ves instrumentistes<\/strong>, r\u00e9unis en <strong data-start=\"1149\" data-end=\"1163\">orchestres<\/strong> ou en <strong data-start=\"1170\" data-end=\"1206\">formations de musique de chambre<\/strong>, mais aussi des <strong data-start=\"1223\" data-end=\"1252\">chanteurs et des danseurs<\/strong> du Conservatoire. Chaque espace devient une sc\u00e8ne, chaque couloir une invitation \u00e0 la d\u00e9couverte.<\/p>\n<p data-start=\"1352\" data-end=\"1736\">Au-del\u00e0 des performances artistiques, cette soir\u00e9e offre une occasion unique de <strong data-start=\"1432\" data-end=\"1485\">red\u00e9couvrir le Conservatoire sous un autre regard<\/strong>, dans une ambiance conviviale et chaleureuse, loin des cadres habituels de repr\u00e9sentation. Une mani\u00e8re originale de plonger au c\u0153ur de la cr\u00e9ation, de rencontrer les artistes de demain et de partager un moment culturel fort en plein c\u0153ur de la ville.<\/p>\n<p class=\"title\">Infos pratiques<\/p>\n<p>Vendredi 30 janvier 2026<br \/>Lieu : Conservatoire de Roubaix, 80 rue de Lille<br \/>Horaires : De 18h30 \u00e0 23h,80 rue de Lille.<br \/>Entr\u00e9e gratuite et ouverte \u00e0 tous<\/p>\n","protected":false},"excerpt":{"rendered":"Vendredi 30 janvier 2026, le Conservatoire de Roubaix ouvre grand ses portes au public \u00e0 l\u2019occasion de la&hellip;\n","protected":false},"author":2,"featured_media":660155,"comment_status":"","ping_status":"","sticky":false,"template":"","format":"standard","meta":{"footnotes":""},"categories":[2815],"tags":[1111,11,27905,251,1777,674,1011,27,811,1307,12,25],"class_list":{"0":"post-660154","1":"post","2":"type-post","3":"status-publish","4":"format-standard","5":"has-post-thumbnail","7":"category-lille","8":"tag-actu","9":"tag-actualites","10":"tag-conservatoire","11":"tag-culture","12":"tag-eu","13":"tag-europe","14":"tag-fr","15":"tag-france","16":"tag-hauts-de-france","17":"tag-lille","18":"tag-news","19":"tag-republique-francaise"},"share_on_mastodon":{"url":"https:\/\/pubeurope.com\/@fr\/115886677242280694","error":""},"_links":{"self":[{"href":"https:\/\/www.europesays.com\/fr\/wp-json\/wp\/v2\/posts\/660154","targetHints":{"allow":["GET"]}}],"collection":[{"href":"https:\/\/www.europesays.com\/fr\/wp-json\/wp\/v2\/posts"}],"about":[{"href":"https:\/\/www.europesays.com\/fr\/wp-json\/wp\/v2\/types\/post"}],"author":[{"embeddable":true,"href":"https:\/\/www.europesays.com\/fr\/wp-json\/wp\/v2\/users\/2"}],"replies":[{"embeddable":true,"href":"https:\/\/www.europesays.com\/fr\/wp-json\/wp\/v2\/comments?post=660154"}],"version-history":[{"count":0,"href":"https:\/\/www.europesays.com\/fr\/wp-json\/wp\/v2\/posts\/660154\/revisions"}],"wp:featuredmedia":[{"embeddable":true,"href":"https:\/\/www.europesays.com\/fr\/wp-json\/wp\/v2\/media\/660155"}],"wp:attachment":[{"href":"https:\/\/www.europesays.com\/fr\/wp-json\/wp\/v2\/media?parent=660154"}],"wp:term":[{"taxonomy":"category","embeddable":true,"href":"https:\/\/www.europesays.com\/fr\/wp-json\/wp\/v2\/categories?post=660154"},{"taxonomy":"post_tag","embeddable":true,"href":"https:\/\/www.europesays.com\/fr\/wp-json\/wp\/v2\/tags?post=660154"}],"curies":[{"name":"wp","href":"https:\/\/api.w.org\/{rel}","templated":true}]}}