{"id":660156,"date":"2026-01-13T07:45:10","date_gmt":"2026-01-13T07:45:10","guid":{"rendered":"https:\/\/www.europesays.com\/fr\/660156\/"},"modified":"2026-01-13T07:45:10","modified_gmt":"2026-01-13T07:45:10","slug":"la-grand-place-de-lille-est-devenue-pietonne","status":"publish","type":"post","link":"https:\/\/www.europesays.com\/fr\/660156\/","title":{"rendered":"La Grand-Place de Lille est devenue pi\u00e9tonne"},"content":{"rendered":"<p>La Grand-Place de Lille est pi\u00e9tonne officiellement depuis ce lundi 12 janvier 2026. Les pi\u00e9tons sont prioritaires, les v\u00e9los et les trottinettes peuvent circuler au pas \u00e9galement. Seuls les riverains peuvent circuler en voiture ainsi que les livreurs de 7 heures \u00e0 11 heures.<\/p>\n<p>A partir de ce lundi 12 janvier 2026, la Grand-Place de Lille est officiellement pi\u00e9tonne. Les pav\u00e9s de la place du G\u00e9n\u00e9ral de Gaulle sont d\u00e9sormais r\u00e9serv\u00e9s aux pi\u00e9tons. Les v\u00e9los et trottinettes peuvent y circuler au pas.<\/p>\n<p>\u00ab\u00a0\u00c7a va attirer du monde\u00a0\u00bb<\/p>\n<p>Michel, habite Lille depuis plus de 70 ans. Ce retrait\u00e9 a d\u00e9cid\u00e9 de faire un petit tour ce lundi matin pour voir le changement sur la Grand place\u00a0: \u00ab\u00a0C&rsquo;est bien le changement. \u00c7a va attirer du monde, je suis venu pour inaugurer la place pi\u00e9tonne et \u00e7a se pr\u00e9sente pas mal du tout.\u00a0\u00bb Il n&rsquo;est pas le seul \u00e0 en profiter, Th\u00e9r\u00e8se se prom\u00e8ne librement sur les pav\u00e9s\u00a0: \u00ab\u00a0En tant que pi\u00e9ton, on est toujours content d&rsquo;avoir de l&rsquo;espace puisqu&rsquo;on sait qu&rsquo;il y a plus de voitures. C&rsquo;est respirant\u00a0!\u00a0\u00bb<\/p>\n<p>Une Grand-Place plus apais\u00e9e, c&rsquo;est le souhait d&rsquo;Arnaud Deslandes, le maire PS de Lille. La transformation ne fait que commencer selon l&rsquo;\u00e9lu qui souhaite dynamiser ce nouvel espace pi\u00e9ton\u00a0: \u00ab\u00a0Je pense que l&rsquo;appropriation par les pi\u00e9tons de cette Grand-Place va \u00eatre rapide et on se donnera du temps pour regarder comment les usages \u00e9voluent. On va discuter avec les commer\u00e7ants pour voir comment on peu animer cette Grand-Place, peut-\u00eatre avoir des terrasses plus grandes. Pour les animations, j&rsquo;ai discut\u00e9 avec le directeur du Th\u00e9\u00e2tre du Nord pour r\u00e9fl\u00e9chir \u00e0 des repr\u00e9sentations du th\u00e9\u00e2tre qui pourraient se faire en ext\u00e9rieur sur cette place pi\u00e9tonne.\u00a0\u00bb<\/p>\n<p>Vers des animations pour animer la place<\/p>\n<p><strong>Les commer\u00e7ants de la Grand-Place ne manquent pas d&rsquo;id\u00e9es<\/strong> pour attirer du monde, Ichem est le patron du Bibi&rsquo;s caf\u00e9\u00a0: \u00ab\u00a0C&rsquo;est vrai qu&rsquo;on a eu des animations pour les Jeux Olympiques, le Tour de France. Ca serait bien de continuer \u00e0 faire des \u00e9v\u00e9nements, on va voir ce qu&rsquo;on peut faire, des animations musicales par exemple avec des concerts, des fanfares, ca serait super sympa. Il y a plein de choses \u00e0 faire.\u00a0\u00bb D&rsquo;autant que cette pi\u00e9tonnisation concerne \u00e9galement quelques rues adjacentes, comme la rue Pierre Mauroy, la rue Esquermoise, et la rue des Ponts de Comines.<\/p>\n","protected":false},"excerpt":{"rendered":"La Grand-Place de Lille est pi\u00e9tonne officiellement depuis ce lundi 12 janvier 2026. Les pi\u00e9tons sont prioritaires, les&hellip;\n","protected":false},"author":2,"featured_media":660157,"comment_status":"","ping_status":"","sticky":false,"template":"","format":"standard","meta":{"footnotes":""},"categories":[2815],"tags":[1111,11,1777,674,1011,27,811,1307,12,25],"class_list":{"0":"post-660156","1":"post","2":"type-post","3":"status-publish","4":"format-standard","5":"has-post-thumbnail","7":"category-lille","8":"tag-actu","9":"tag-actualites","10":"tag-eu","11":"tag-europe","12":"tag-fr","13":"tag-france","14":"tag-hauts-de-france","15":"tag-lille","16":"tag-news","17":"tag-republique-francaise"},"share_on_mastodon":{"url":"https:\/\/pubeurope.com\/@fr\/115886681249842975","error":""},"_links":{"self":[{"href":"https:\/\/www.europesays.com\/fr\/wp-json\/wp\/v2\/posts\/660156","targetHints":{"allow":["GET"]}}],"collection":[{"href":"https:\/\/www.europesays.com\/fr\/wp-json\/wp\/v2\/posts"}],"about":[{"href":"https:\/\/www.europesays.com\/fr\/wp-json\/wp\/v2\/types\/post"}],"author":[{"embeddable":true,"href":"https:\/\/www.europesays.com\/fr\/wp-json\/wp\/v2\/users\/2"}],"replies":[{"embeddable":true,"href":"https:\/\/www.europesays.com\/fr\/wp-json\/wp\/v2\/comments?post=660156"}],"version-history":[{"count":0,"href":"https:\/\/www.europesays.com\/fr\/wp-json\/wp\/v2\/posts\/660156\/revisions"}],"wp:featuredmedia":[{"embeddable":true,"href":"https:\/\/www.europesays.com\/fr\/wp-json\/wp\/v2\/media\/660157"}],"wp:attachment":[{"href":"https:\/\/www.europesays.com\/fr\/wp-json\/wp\/v2\/media?parent=660156"}],"wp:term":[{"taxonomy":"category","embeddable":true,"href":"https:\/\/www.europesays.com\/fr\/wp-json\/wp\/v2\/categories?post=660156"},{"taxonomy":"post_tag","embeddable":true,"href":"https:\/\/www.europesays.com\/fr\/wp-json\/wp\/v2\/tags?post=660156"}],"curies":[{"name":"wp","href":"https:\/\/api.w.org\/{rel}","templated":true}]}}