{"id":660160,"date":"2026-01-13T07:47:21","date_gmt":"2026-01-13T07:47:21","guid":{"rendered":"https:\/\/www.europesays.com\/fr\/660160\/"},"modified":"2026-01-13T07:47:21","modified_gmt":"2026-01-13T07:47:21","slug":"le-trafic-des-pesticides-interdits-face-a-la-justice-a-marseille","status":"publish","type":"post","link":"https:\/\/www.europesays.com\/fr\/660160\/","title":{"rendered":"Le trafic des pesticides interdits face \u00e0 la justice \u00e0 Marseille"},"content":{"rendered":"\n<p>Saisi par le procureur de la R\u00e9publique, le tribunal de Marseille a ouvert, ce lundi, l\u2019examen d\u2019un dossier complexe sur un trafic de produits phytopharmaceutiques interdits, import\u00e9s d\u2019Espagne, et utilis\u00e9s dans les Bouches-du-Rh\u00f4ne ainsi que dans la Dr\u00f4me (lire notre \u00e9dition du 12\/01). Sept pr\u00e9venus et six soci\u00e9t\u00e9s sont poursuivis dans ce dossier pour \u00ab\u00a0d\u00e9tention et utilisation de pesticides interdits, non-\u00e9limination de produits interdits, distribution, vente et importation de produits phytopharmaceutiques falsifi\u00e9s, faux et usage de faux en \u00e9criture\u00a0\u00bb. Ils sont pr\u00e9sum\u00e9s innocents.<\/p>\n<p>D\u00e8s l\u2019ouverture des d\u00e9bats, la d\u00e9fense a engag\u00e9 une offensive sur la r\u00e9gularit\u00e9 des perquisitions men\u00e9es lors de l\u2019enqu\u00eate. Ma\u00eetre Roubaud, avocat de Didier\u00a0C., un des agriculteurs soup\u00e7onn\u00e9s, d\u00e9nonce une perquisition entach\u00e9e de nullit\u00e9 en raison d\u2019horaires ill\u00e9gaux et d\u2019une contradiction entre l\u2019ordonnance du juge des libert\u00e9s (JLD) et les saisies effectu\u00e9es. Il mart\u00e8le que \u00ab\u00a0les choses n\u2019ont pas \u00e9t\u00e9 faites \u00e0 la hauteur des textes et de leur esprit\u00a0\u00bb.<\/p>\n<p>Le procureur de la R\u00e9publique, ayant r\u00e9pondu point par point, affirme que \u00ab\u00a0rien ne permet de remettre en cause les proc\u00e8s-verbaux ni les perquisitions\u00a0\u00bb. Apr\u00e8s un premier retrait de la cour pour d\u00e9lib\u00e9rer sur ces potentiels \u00ab\u00a0vices de proc\u00e9dure\u00a0\u00bb, elle d\u00e9clare que \u00ab\u00a0selon l\u2019article 459 du Code de proc\u00e9dure p\u00e9nale, les nullit\u00e9s et le fond de l\u2019affaire seront tranch\u00e9s dans un m\u00eame jugement\u00a0\u00bb. La cour se prononcera donc sur ces \u00e9ventuelles irr\u00e9gularit\u00e9s \u00e0 la fin du proc\u00e8s.<\/p>\n<p> \u00ab\u00a0Mont\u00e9e en \u00e9pingle\u00a0\u00bb\n              <\/p>\n<p>Ma\u00eetre Babouin est l\u2019un des avocats de Didier C., cet agriculteur chez qui 1\u00a0174\u00a0litres de produits phytopharmaceutiques interdits ont \u00e9t\u00e9 retrouv\u00e9s, dans les Bouches-du-Rh\u00f4ne. Il affirme que son client \u00ab\u00a0conteste fermement l\u2019accusation de l\u2019utilisation de tout produit interdit sur l\u2019exploitation\u00a0\u00bb. Selon lui, l\u2019absence de pr\u00e9l\u00e8vements sur les sols et sur les r\u00e9coltes confirme \u00ab\u00a0l\u2019innocence de son client\u00a0\u00bb. L\u2019avocat d\u00e9nonce une \u00ab\u00a0mont\u00e9e en \u00e9pingle\u00a0\u00bb d\u2019un dossier \u00ab\u00a0sans colonne vert\u00e9brale\u00a0\u00bb et instrumentalis\u00e9 \u00ab\u00a0comme r\u00e8glement de compte par un certain nombre d\u2019associations qui sont parties civiles\u00a0\u00bb.<\/p>\n<p>Par ailleurs, cette premi\u00e8re journ\u00e9e d\u2019audience s\u2019est attel\u00e9e \u00e0 l\u2019audition de Alain H., d\u00e9sign\u00e9 par Judith Sebert, juriste et repr\u00e9sentante de France Nature Environnement Paca, comme le \u00ab\u00a0chef d\u2019orchestre\u00a0\u00bb de cette affaire. Onze faits lui sont reproch\u00e9s, notamment ceux d\u2019avoir import\u00e9 d\u2019Espagne des produits falsifi\u00e9s interdits en France ou d\u2019avoir distribu\u00e9 des produits neurotoxiques et dangereux pour la sant\u00e9 humaine et les organismes aquatiques alors qu\u2019ils \u00e9taient interdits dans l\u2019Union europ\u00e9enne (UE). Cet homme, d\u00e9j\u00e0 condamn\u00e9 pour l\u2019affaire similaire des \u00ab\u00a0carottes de Coutances\u00a0\u00bb (*), reconna\u00eet devant la presse \u00ab\u00a0avoir mis des clients fran\u00e7ais en relation avec des fournisseurs espagnols\u00a0\u00bb, tels que Agronaqui, pour qu\u2019ils puissent acheter des produits quatre fois moins cher qu\u2019en France. Dans un contexte de remise en question du trait\u00e9 UE-Mercosur et de mobilisation nationale des agriculteurs, Alain H. soul\u00e8ve un probl\u00e8me de l\u00e9gislation dans l\u2019UE entre les pays. Plus encore, il d\u00e9nonce ce proc\u00e8s comme \u00ab\u00a0du grand n\u2019importe quoi\u00a0\u00bb puisque \u00ab\u00a0les carottes espagnoles que vous bouffez et qui sont vendues au centre Leclerc sont trait\u00e9es avec ces m\u00eames produits. Mais les paysans fran\u00e7ais n\u2019y ont pas le droit. O\u00f9 est la logique\u00a0?\u00a0\u00bb.<\/p>\n<p>Il d\u00e9nonce une concurrence d\u00e9loyale : \u00ab\u00a0Les produits qui sont \u00e0 18\u00a0euros l\u00e0-bas [en Espagne Ndlr], sont \u00e0 50\u00a0euros ici. En plus, le Smic espagnol est \u00e0 825\u00a0euros alors que le fran\u00e7ais est \u00e0 1\u00a0450 euros. Les pauvres paysans fran\u00e7ais sont p\u00e9nalis\u00e9s sur la main-d\u2019\u0153uvre en plus des produits.\u00a0\u00bb<\/p>\n<p>Le proc\u00e8s se poursuit jusqu\u2019\u00e0 mercredi.<\/p>\n<p>La cour d\u2019appel de Caen (Calvados) a condamn\u00e9, en 2021, douze agriculteurs \u00e0 la suite de traitement de parcelles par des pesticides non autoris\u00e9s<\/p>\n","protected":false},"excerpt":{"rendered":"Saisi par le procureur de la R\u00e9publique, le tribunal de Marseille a ouvert, ce lundi, l\u2019examen d\u2019un dossier&hellip;\n","protected":false},"author":2,"featured_media":660161,"comment_status":"","ping_status":"","sticky":false,"template":"","format":"standard","meta":{"footnotes":""},"categories":[2814],"tags":[1111,11,76208,1777,674,1011,27,884,12,882,25],"class_list":{"0":"post-660160","1":"post","2":"type-post","3":"status-publish","4":"format-standard","5":"has-post-thumbnail","7":"category-marseille","8":"tag-actu","9":"tag-actualites","10":"tag-alexis-balsano","11":"tag-eu","12":"tag-europe","13":"tag-fr","14":"tag-france","15":"tag-marseille","16":"tag-news","17":"tag-provence-alpes-cote-dazur","18":"tag-republique-francaise"},"share_on_mastodon":{"url":"https:\/\/pubeurope.com\/@fr\/115886689002112073","error":""},"_links":{"self":[{"href":"https:\/\/www.europesays.com\/fr\/wp-json\/wp\/v2\/posts\/660160","targetHints":{"allow":["GET"]}}],"collection":[{"href":"https:\/\/www.europesays.com\/fr\/wp-json\/wp\/v2\/posts"}],"about":[{"href":"https:\/\/www.europesays.com\/fr\/wp-json\/wp\/v2\/types\/post"}],"author":[{"embeddable":true,"href":"https:\/\/www.europesays.com\/fr\/wp-json\/wp\/v2\/users\/2"}],"replies":[{"embeddable":true,"href":"https:\/\/www.europesays.com\/fr\/wp-json\/wp\/v2\/comments?post=660160"}],"version-history":[{"count":0,"href":"https:\/\/www.europesays.com\/fr\/wp-json\/wp\/v2\/posts\/660160\/revisions"}],"wp:featuredmedia":[{"embeddable":true,"href":"https:\/\/www.europesays.com\/fr\/wp-json\/wp\/v2\/media\/660161"}],"wp:attachment":[{"href":"https:\/\/www.europesays.com\/fr\/wp-json\/wp\/v2\/media?parent=660160"}],"wp:term":[{"taxonomy":"category","embeddable":true,"href":"https:\/\/www.europesays.com\/fr\/wp-json\/wp\/v2\/categories?post=660160"},{"taxonomy":"post_tag","embeddable":true,"href":"https:\/\/www.europesays.com\/fr\/wp-json\/wp\/v2\/tags?post=660160"}],"curies":[{"name":"wp","href":"https:\/\/api.w.org\/{rel}","templated":true}]}}