{"id":660162,"date":"2026-01-13T07:48:18","date_gmt":"2026-01-13T07:48:18","guid":{"rendered":"https:\/\/www.europesays.com\/fr\/660162\/"},"modified":"2026-01-13T07:48:18","modified_gmt":"2026-01-13T07:48:18","slug":"soldes-dhiver-une-semaine-charniere-pour-les-commercants-lyonnais-avant-la-derniere-ligne-droite","status":"publish","type":"post","link":"https:\/\/www.europesays.com\/fr\/660162\/","title":{"rendered":"Soldes d\u2019hiver : une semaine charni\u00e8re pour les commer\u00e7ants lyonnais avant la derni\u00e8re ligne droite"},"content":{"rendered":"<p>                                                        <img decoding=\"async\" fetchpriority=\"high\" width=\"493\" height=\"277\" src=\"https:\/\/www.europesays.com\/fr\/wp-content\/uploads\/2026\/01\/les-soldes-de-juin-nont-pas-ete-bons-7.jpg\" class=\"thumb img-responsive m-x-auto block w-full\" alt=\"Soldes d\u2019hiver : une semaine charni\u00e8re pour les commer\u00e7ants lyonnais avant la derni\u00e8re ligne droite\" caption=\"\"\/><\/p>\n<p class=\"ez-toc-title ez-toc-toggle\" style=\"cursor: pointer\">Sommaire &amp; acc\u00e8s rapide<\/p>\n<p><a href=\"#\" class=\"ez-toc-pull-right ez-toc-btn ez-toc-btn-xs ez-toc-btn-default ez-toc-toggle\" aria-label=\"Toggle Table of Content\">Toggle<\/a><\/p>\n<p>\u00c0 Lyon, les soldes d\u2019hiver se poursuivent encore plusieurs semaines, jusqu\u2019au d\u00e9but du mois de f\u00e9vrier. Pourtant, pour de nombreux commer\u00e7ants, la p\u00e9riode actuelle constitue d\u00e9j\u00e0 un moment charni\u00e8re. Entre premiers arbitrages sur les marges et ajustements des stocks, cette semaine marque souvent un tournant strat\u00e9gique dans la conduite de la saison.<\/p>\n<p>Apr\u00e8s un d\u00e9marrage parfois jug\u00e9 prudent, li\u00e9 au contexte \u00e9conomique et \u00e0 l\u2019attentisme des consommateurs, les professionnels du commerce de d\u00e9tail entrent d\u00e9sormais dans une phase plus active, o\u00f9 les d\u00e9cisions prises conditionnent largement la fin des soldes.<\/p>\n<p>Une p\u00e9riode cl\u00e9 pour ajuster les strat\u00e9gies commerciales<\/p>\n<p>Si la cl\u00f4ture officielle des soldes d\u2019hiver est encore lointaine, beaucoup de commer\u00e7ants lyonnais commencent d\u00e8s maintenant \u00e0 adapter leurs dispositifs. R\u00e9ajustement des d\u00e9marques, mise en avant de certaines cat\u00e9gories de produits, op\u00e9rations cibl\u00e9es en boutique ou sur le digital, les strat\u00e9gies \u00e9voluent en fonction des premiers r\u00e9sultats observ\u00e9s.<\/p>\n<p>Dans un contexte o\u00f9 les charges fixes restent \u00e9lev\u00e9es, notamment les loyers commerciaux et les co\u00fbts \u00e9nerg\u00e9tiques, l\u2019objectif est clair : trouver le bon \u00e9quilibre entre \u00e9coulement des stocks et pr\u00e9servation des marges.<\/p>\n<p>Une fr\u00e9quentation encore in\u00e9gale selon les secteurs<\/p>\n<p>La fr\u00e9quentation reste contrast\u00e9e selon les zones et les typologies de commerce. Les art\u00e8res centrales et les centres commerciaux enregistrent des flux r\u00e9guliers, tandis que certaines boutiques ind\u00e9pendantes constatent une fr\u00e9quentation plus fluctuante, d\u00e9pendante des conditions m\u00e9t\u00e9orologiques et du pouvoir d\u2019achat des lyonnais.<\/p>\n<p>Pour les commer\u00e7ants, cette p\u00e9riode interm\u00e9diaire est souvent d\u00e9cisive pour ajuster les volumes et pr\u00e9parer la derni\u00e8re phase des soldes, traditionnellement plus dynamique.<\/p>\n<p>Tr\u00e9sorerie et gestion des stocks au c\u0153ur des pr\u00e9occupations<\/p>\n<p>Au-del\u00e0 du chiffre d\u2019affaires, les soldes d\u2019hiver restent un enjeu majeur de tr\u00e9sorerie. L\u2019\u00e9coulement des stocks permet de lib\u00e9rer des capacit\u00e9s financi\u00e8res et logistiques en vue des prochaines collections ou des nouvelles gammes pr\u00e9vues pour le printemps.<\/p>\n<p>\u00c0 Lyon, o\u00f9 le tissu commercial repose en grande partie sur des TPE et des PME, cette gestion fine est essentielle pour aborder le reste de l\u2019ann\u00e9e dans de bonnes conditions.<\/p>\n<p>Une fin de soldes encore ouverte<\/p>\n<p>Si la derni\u00e8re ligne droite des soldes se jouera dans les prochaines semaines, la p\u00e9riode actuelle appara\u00eet d\u00e9j\u00e0 comme d\u00e9terminante. Elle permet aux commer\u00e7ants d\u2019anticiper la dynamique de fin de saison et d\u2019adapter leur strat\u00e9gie en fonction des signaux du march\u00e9.<\/p>\n","protected":false},"excerpt":{"rendered":"Sommaire &amp; acc\u00e8s rapide Toggle \u00c0 Lyon, les soldes d\u2019hiver se poursuivent encore plusieurs semaines, jusqu\u2019au d\u00e9but du&hellip;\n","protected":false},"author":2,"featured_media":660163,"comment_status":"","ping_status":"","sticky":false,"template":"","format":"standard","meta":{"footnotes":""},"categories":[1889],"tags":[1111,11,2430,1777,674,1011,27,2428,12,25],"class_list":{"0":"post-660162","1":"post","2":"type-post","3":"status-publish","4":"format-standard","5":"has-post-thumbnail","7":"category-lyon","8":"tag-actu","9":"tag-actualites","10":"tag-auvergne-rhone-alpes","11":"tag-eu","12":"tag-europe","13":"tag-fr","14":"tag-france","15":"tag-lyon","16":"tag-news","17":"tag-republique-francaise"},"share_on_mastodon":{"url":"https:\/\/pubeurope.com\/@fr\/115886693080205674","error":""},"_links":{"self":[{"href":"https:\/\/www.europesays.com\/fr\/wp-json\/wp\/v2\/posts\/660162","targetHints":{"allow":["GET"]}}],"collection":[{"href":"https:\/\/www.europesays.com\/fr\/wp-json\/wp\/v2\/posts"}],"about":[{"href":"https:\/\/www.europesays.com\/fr\/wp-json\/wp\/v2\/types\/post"}],"author":[{"embeddable":true,"href":"https:\/\/www.europesays.com\/fr\/wp-json\/wp\/v2\/users\/2"}],"replies":[{"embeddable":true,"href":"https:\/\/www.europesays.com\/fr\/wp-json\/wp\/v2\/comments?post=660162"}],"version-history":[{"count":0,"href":"https:\/\/www.europesays.com\/fr\/wp-json\/wp\/v2\/posts\/660162\/revisions"}],"wp:featuredmedia":[{"embeddable":true,"href":"https:\/\/www.europesays.com\/fr\/wp-json\/wp\/v2\/media\/660163"}],"wp:attachment":[{"href":"https:\/\/www.europesays.com\/fr\/wp-json\/wp\/v2\/media?parent=660162"}],"wp:term":[{"taxonomy":"category","embeddable":true,"href":"https:\/\/www.europesays.com\/fr\/wp-json\/wp\/v2\/categories?post=660162"},{"taxonomy":"post_tag","embeddable":true,"href":"https:\/\/www.europesays.com\/fr\/wp-json\/wp\/v2\/tags?post=660162"}],"curies":[{"name":"wp","href":"https:\/\/api.w.org\/{rel}","templated":true}]}}