{"id":660164,"date":"2026-01-13T07:49:10","date_gmt":"2026-01-13T07:49:10","guid":{"rendered":"https:\/\/www.europesays.com\/fr\/660164\/"},"modified":"2026-01-13T07:49:10","modified_gmt":"2026-01-13T07:49:10","slug":"le-premier-antidote-a-la-ricine-fabrique-par-une-start-up-de-lyon","status":"publish","type":"post","link":"https:\/\/www.europesays.com\/fr\/660164\/","title":{"rendered":"le premier antidote \u00e0 la ricine fabriqu\u00e9 par une start-up de Lyon"},"content":{"rendered":"<p>\n    Soutenue par le minist\u00e8re des Arm\u00e9es, l\u2019entreprise lyonnaise Fabentech vient d\u2019obtenir l\u2019autorisation de mise sur le march\u00e9 fran\u00e7ais de son Ricimed, qui permet de soigner les intoxications \u00e0 la ricine, une substance particuli\u00e8rement toxique et dont l\u2019usage est redout\u00e9 dans des attaques bact\u00e9riologiques.<\/p>\n<p class=\"fig-paragraph\">Les bons de commande affluent d\u00e9j\u00e0 dans ses bureaux du quartier de\u00a0<a href=\"https:\/\/www.lefigaro.fr\/societes\/2015\/02\/23\/20005-20150223ARTFIG00015-lyon-vise-la-premiere-place-dans-la-sante-en-france.php\" data-fig-type=\"Article\" data-gtm-custom-categorie=\"navigation\" data-gtm-custom-action=\"crossclick\" data-gtm-custom-label=\"Contextuel\" data-gtm-event=\"customEventSPE\" data-fig-domain=\"LEFIGARO\" target=\"_blank\" rel=\"noopener\">Gerland<\/a>. Le Lyonnais\u00a0<a href=\"https:\/\/www.lefigaro.fr\/actualite-france\/comment-la-french-tech-lutte-contre-le-bioterrorisme-20230709\" data-fig-type=\"Article\" data-gtm-custom-categorie=\"navigation\" data-gtm-custom-action=\"crossclick\" data-gtm-custom-label=\"Contextuel\" data-gtm-event=\"customEventSPE\" data-fig-domain=\"LEFIGARO\" target=\"_blank\" rel=\"noopener\">Fabentech<\/a>\u00a0vient d\u2019obtenir l\u2019autorisation de mise sur le march\u00e9 fran\u00e7ais du premier antidote mondial \u00e0 la ricine, a annonc\u00e9 l\u2019entreprise fond\u00e9e en 2009 ce lundi. Une innovation qui attire d\u00e9j\u00e0 les curiosit\u00e9s du monde entier. Car la ricine, une substance naturelle parmi \u00ables plus toxiques au monde\u00bb, repr\u00e9sente \u00abun risque bioterroriste av\u00e9r\u00e9\u00bb, souligne la start-up. Si bien que la petite soci\u00e9t\u00e9 bio pharmaceutique de 50 employ\u00e9s a d\u00e9j\u00e0 sign\u00e9 des contrats avec plusieurs pays europ\u00e9ens, pour un montant de 20 millions d\u2019euros.<\/p>\n<p class=\"fig-paragraph\">\u00abRicimed r\u00e9pond \u00e0 un besoin m\u00e9dical jusqu\u2019ici non satisfait dans la prise en charge d\u2019intoxications graves et potentiellement mortelles \u00e0 cette toxine, vante Fabentech. En compl\u00e9ment des soins de support, dans les situations graves et qui n\u00e9cessitent une administration imm\u00e9diate, Ricimed constitue une nouvelle modalit\u00e9 de prise en charge de l\u2019intoxication aigu\u00eb \u00e0 la ricine\u00bb. Il s\u2019agit\u2026<\/p>\n<p class=\"fig-premium-paywall__infos\">\n        Cet article est r\u00e9serv\u00e9 aux abonn\u00e9s.        Il vous reste 77% \u00e0 d\u00e9couvrir.\n    <\/p>\n<p>                <img  data- alt=\"Le Figaro\" class=\"fig-img--complete fig-img\"\/><\/p>\n<p class=\"fig-premium-paywall__title\">Le Figaro c\u00e9l\u00e8bre ses 200 ans<\/p>\n<p class=\"fig-premium-paywall__subtitle\">Offre anniversaire : 2\u20ac\/mois pendant 200 semaines<\/p>\n<p class=\"fig-premium-paywall__connect\">\n                D\u00e9j\u00e0 abonn\u00e9\u00a0?                <a class=\"fig-premium-paywall__connect-link\" href=\"https:\/\/connect.lefigaro.fr\/login?client=horizon_web&amp;type=main&amp;redirect_uri=https%3A%2F%2Fwww.lefigaro.fr%2Flyon%2Fun-bouclier-europeen-face-aux-menaces-biologiques-le-premier-antidote-a-la-ricine-fabrique-par-une-start-up-de-lyon-20260113\" data-js-gtm=\"{&quot;customCategorie&quot;: &quot;conversion&quot;, &quot;customAction&quot;: &quot;before_Landing_Connexion_paywall_auto&quot;, &quot;customLabel&quot;: &quot;bGVmaWdhcm8uZnJfXzFmMGVmY2M3LTM4NDMtNmMwNC1hY2UzLTNmMzk5MzkxZmVhZl9fTmV3c0ZsYXNo_\u00abUn bouclier europ\u00e9en face aux menaces biologiques\u00bb\u00a0: le premier antidote \u00e0 la ricine fabriqu\u00e9 par une start-up de Lyon_387&quot;, &quot;customIDSPE&quot;: &quot;bGVmaWdhcm8uZnJfXzFmMGVmY2M3LTM4NDMtNmMwNC1hY2UzLTNmMzk5MzkxZmVhZl9fTmV3c0ZsYXNo&quot;, &quot;event&quot;: &quot;customEventSPE&quot;}\" target=\"_blank\" rel=\"noopener\"><br \/>\n                    Connectez-vous<br \/>\n                <\/a>\n            <\/p>\n","protected":false},"excerpt":{"rendered":"Soutenue par le minist\u00e8re des Arm\u00e9es, l\u2019entreprise lyonnaise Fabentech vient d\u2019obtenir l\u2019autorisation de mise sur le march\u00e9 fran\u00e7ais&hellip;\n","protected":false},"author":2,"featured_media":660165,"comment_status":"","ping_status":"","sticky":false,"template":"","format":"standard","meta":{"footnotes":""},"categories":[1889],"tags":[1111,11,1813,2430,48630,1777,674,1011,27,2428,12,25,1254],"class_list":{"0":"post-660164","1":"post","2":"type-post","3":"status-publish","4":"format-standard","5":"has-post-thumbnail","7":"category-lyon","8":"tag-actu","9":"tag-actualites","10":"tag-armee","11":"tag-auvergne-rhone-alpes","12":"tag-biotechnologie","13":"tag-eu","14":"tag-europe","15":"tag-fr","16":"tag-france","17":"tag-lyon","18":"tag-news","19":"tag-republique-francaise","20":"tag-terrorisme"},"share_on_mastodon":{"url":"https:\/\/pubeurope.com\/@fr\/115886696848881644","error":""},"_links":{"self":[{"href":"https:\/\/www.europesays.com\/fr\/wp-json\/wp\/v2\/posts\/660164","targetHints":{"allow":["GET"]}}],"collection":[{"href":"https:\/\/www.europesays.com\/fr\/wp-json\/wp\/v2\/posts"}],"about":[{"href":"https:\/\/www.europesays.com\/fr\/wp-json\/wp\/v2\/types\/post"}],"author":[{"embeddable":true,"href":"https:\/\/www.europesays.com\/fr\/wp-json\/wp\/v2\/users\/2"}],"replies":[{"embeddable":true,"href":"https:\/\/www.europesays.com\/fr\/wp-json\/wp\/v2\/comments?post=660164"}],"version-history":[{"count":0,"href":"https:\/\/www.europesays.com\/fr\/wp-json\/wp\/v2\/posts\/660164\/revisions"}],"wp:featuredmedia":[{"embeddable":true,"href":"https:\/\/www.europesays.com\/fr\/wp-json\/wp\/v2\/media\/660165"}],"wp:attachment":[{"href":"https:\/\/www.europesays.com\/fr\/wp-json\/wp\/v2\/media?parent=660164"}],"wp:term":[{"taxonomy":"category","embeddable":true,"href":"https:\/\/www.europesays.com\/fr\/wp-json\/wp\/v2\/categories?post=660164"},{"taxonomy":"post_tag","embeddable":true,"href":"https:\/\/www.europesays.com\/fr\/wp-json\/wp\/v2\/tags?post=660164"}],"curies":[{"name":"wp","href":"https:\/\/api.w.org\/{rel}","templated":true}]}}