{"id":660166,"date":"2026-01-13T07:51:15","date_gmt":"2026-01-13T07:51:15","guid":{"rendered":"https:\/\/www.europesays.com\/fr\/660166\/"},"modified":"2026-01-13T07:51:15","modified_gmt":"2026-01-13T07:51:15","slug":"colere-des-agriculteurs-environ-350-tracteurs-sont-entres-dans-paris","status":"publish","type":"post","link":"https:\/\/www.europesays.com\/fr\/660166\/","title":{"rendered":"Col\u00e8re des agriculteurs\u00a0: environ 350 tracteurs sont entr\u00e9s dans Paris"},"content":{"rendered":"<p>Les tracteurs font leur retour \u00e0 Paris ce mardi pour interpeller le sommet de l&rsquo;Etat et d\u00e9fendre une souverainet\u00e9 alimentaire \u00ab\u00a0en danger\u00a0\u00bb, \u00e0 l&rsquo;initiative d&rsquo;une branche de la FNSEA. Environ 350 tracteurs sont dans Paris.\n<\/p>\n<p>C&rsquo;est une nouvelle \u00e9tape dans la col\u00e8re agricole. Moins d&rsquo;une semaine apr\u00e8s les manifestations devant la tour Eiffel et sous l&rsquo;Arc de Triomphe, plusieurs centaines de tracteurs se sont mis en route pour Paris ce lundi soir, \u00e0 l&rsquo;initiative de la FNSEA Grand bassin parisien, une entit\u00e9 englobant l&rsquo;Ile-de-France et des d\u00e9partements de r\u00e9gions voisines. Ils exigent des \u00ab\u00a0actes concrets et imm\u00e9diats\u00a0\u00bb pour d\u00e9fendre la souverainet\u00e9 alimentaire.\u00a0L&rsquo;itin\u00e9raire de cette manifestation, d\u00e9clar\u00e9e par la FNSEA, a \u00e9t\u00e9 \u00ab\u00a0valid\u00e9\u00a0\u00bb par le pr\u00e9fet de Police, les organisateurs s&rsquo;\u00e9tant \u00ab\u00a0engag\u00e9s \u00e0 se conformer aux consignes de s\u00e9curit\u00e9 qui leur seront donn\u00e9es\u00a0\u00bb, a indiqu\u00e9 la pr\u00e9fecture de police dans un communiqu\u00e9.<\/p>\n<p>L&rsquo;ensemble des tracteurs (environ 350)\u00a0de la FNSEA et des Jeunes Agriculteurs,\u00a0 en provenance du Nord de la France, de l&rsquo;Eure-et-Loir, du Loiret et des d\u00e9partements de grande couronne, est entr\u00e9 dans Paris. Les premiers sont arriv\u00e9s par la porte Dauphine vers 6h. Les derniers arriv\u00e9s quittent la Porte Dauphine en direction du Quai d&rsquo;Orsay. Environ 250 d&rsquo;entre eux sont arriv\u00e9s Quai d&rsquo;Orsay.<\/p>\n<p>Certains tracteurs sont arr\u00eat\u00e9s Pont Alexandre III, d&rsquo;autres sont stationn\u00e9s devant l&rsquo;Assembl\u00e9e Nationale. Pour Bastien d&rsquo;Halescourt, producteur de pommes de terre, de betteraves et \u00e9leveurs de vaches laiti\u00e8res dans la Somme, qui roule sur les Champs-Elys\u00e9es, \u00ab\u00a0&lsquo;la raison principale, c&rsquo;est montrer notre m\u00e9contentement, notre col\u00e8re, face \u00e0 la signature de l&rsquo;accord (du Mercosur) qui devrait, selon toute vraisemblance, se faire. C&rsquo;est un peu le moyen de marquer le coup, m\u00eame si on sait que \u00e7a ne changera pas grand chose\u00a0\u00bb.<\/p>\n<p> <img decoding=\"async\" src=\"https:\/\/www.europesays.com\/fr\/wp-content\/uploads\/2026\/01\/1768290675_14_1280.jpeg\" alt=\"illustration agrandir l'image\" style=\"--_image-preview:url('data:image\/jpeg;base64,\/9j\/2wBDACgcHiMeGSgjISMtKygwPGRBPDc3PHtYXUlkkYCZlo+AjIqgtObDoKrarYqMyP\/L2u71\/\/\/\/m8H\/\/\/\/6\/+b9\/\/j\/2wBDASstLTw1PHZBQXb4pYyl+Pj4+Pj4+Pj4+Pj4+Pj4+Pj4+Pj4+Pj4+Pj4+Pj4+Pj4+Pj4+Pj4+Pj4+Pj4+Pj4+Pj\/wAARCAAqAB8DASIAAhEBAxEB\/8QAGAAAAwEBAAAAAAAAAAAAAAAAAAIDAQT\/xAAYEAEBAQEBAAAAAAAAAAAAAAAAARIRAv\/EABUBAQEAAAAAAAAAAAAAAAAAAAIB\/8QAFhEBAQEAAAAAAAAAAAAAAAAAAAER\/9oADAMBAAIRAxEAPwCNLY0cCQqXIypIaeTRNsK2UItUh4nKeUtRzjooCEaU2kzKj\/\/Z');\" loading=\"lazy\" fetchpriority=\"low\" class=\"svelte-1cksh76 rounded\" onload=\"this.__e=event\" onerror=\"this.__e=event\"\/> Les agriculteurs descendent les Champs-Elys\u00e9es en direction de la Concorde \u00a9 Aucun(e) &#8211; FNSEA  Un parcours valid\u00e9 par la pr\u00e9fecture de police<\/p>\n<p>L&rsquo;itin\u00e9raire des manifestants a \u00e9t\u00e9 d\u00e9voil\u00e9 par la pr\u00e9fecture de police de Paris\u00a0: \u00ab\u00a0D\u00e8s 5h30, le cort\u00e8ge compos\u00e9 d\u2019engins agricoles progressera de la porte Dauphine jusqu\u2019au croisement du quai d\u2019Orsay et de la rue Aristide Briand, en empruntant successivement l\u2019avenue Foch, le rond-point de l\u2019\u00c9toile et l\u2019avenue des Champs \u00c9lys\u00e9es, l\u2019avenue George V et le pont de l\u2019Alma\u00a0\u00bb.<\/p>\n<p>La pr\u00e9fecture de police de Paris a pr\u00e9vu une mobilisation des agriculteurs \u00ab\u00a0sur le quai d\u2019Orsay, entre le pont Alexandre III et la rue Aristide Briand, jusqu\u2019aux environs de 18h\u00a0\u00bb. \u00c0 la fin de la manifestation, les agriculteurs \u00ab\u00a0emprunteront le cours Albert 1er, la voie Georges Pompidou puis l\u2019avenue de Versailles pour quitter Paris par la porte de Saint-Cloud\u00a0\u00bb, d\u00e9taillent les autorit\u00e9s.<\/p>\n","protected":false},"excerpt":{"rendered":"Les tracteurs font leur retour \u00e0 Paris ce mardi pour interpeller le sommet de l&rsquo;Etat et d\u00e9fendre une&hellip;\n","protected":false},"author":2,"featured_media":660167,"comment_status":"","ping_status":"","sticky":false,"template":"","format":"standard","meta":{"footnotes":""},"categories":[1592],"tags":[1111,11,1777,674,1011,27,662,12,626,25],"class_list":{"0":"post-660166","1":"post","2":"type-post","3":"status-publish","4":"format-standard","5":"has-post-thumbnail","7":"category-ile-de-france","8":"tag-actu","9":"tag-actualites","10":"tag-eu","11":"tag-europe","12":"tag-fr","13":"tag-france","14":"tag-ile-de-france","15":"tag-news","16":"tag-paris","17":"tag-republique-francaise"},"share_on_mastodon":{"url":"https:\/\/pubeurope.com\/@fr\/115886704818469235","error":""},"_links":{"self":[{"href":"https:\/\/www.europesays.com\/fr\/wp-json\/wp\/v2\/posts\/660166","targetHints":{"allow":["GET"]}}],"collection":[{"href":"https:\/\/www.europesays.com\/fr\/wp-json\/wp\/v2\/posts"}],"about":[{"href":"https:\/\/www.europesays.com\/fr\/wp-json\/wp\/v2\/types\/post"}],"author":[{"embeddable":true,"href":"https:\/\/www.europesays.com\/fr\/wp-json\/wp\/v2\/users\/2"}],"replies":[{"embeddable":true,"href":"https:\/\/www.europesays.com\/fr\/wp-json\/wp\/v2\/comments?post=660166"}],"version-history":[{"count":0,"href":"https:\/\/www.europesays.com\/fr\/wp-json\/wp\/v2\/posts\/660166\/revisions"}],"wp:featuredmedia":[{"embeddable":true,"href":"https:\/\/www.europesays.com\/fr\/wp-json\/wp\/v2\/media\/660167"}],"wp:attachment":[{"href":"https:\/\/www.europesays.com\/fr\/wp-json\/wp\/v2\/media?parent=660166"}],"wp:term":[{"taxonomy":"category","embeddable":true,"href":"https:\/\/www.europesays.com\/fr\/wp-json\/wp\/v2\/categories?post=660166"},{"taxonomy":"post_tag","embeddable":true,"href":"https:\/\/www.europesays.com\/fr\/wp-json\/wp\/v2\/tags?post=660166"}],"curies":[{"name":"wp","href":"https:\/\/api.w.org\/{rel}","templated":true}]}}