{"id":660168,"date":"2026-01-13T07:52:12","date_gmt":"2026-01-13T07:52:12","guid":{"rendered":"https:\/\/www.europesays.com\/fr\/660168\/"},"modified":"2026-01-13T07:52:12","modified_gmt":"2026-01-13T07:52:12","slug":"au-moins-150-tracteurs-sont-entres-dans-paris-selon-la-prefecture-de-police-la-fnsea-et-des-jeunes-agriculteurs-a-lorigine-de-laction","status":"publish","type":"post","link":"https:\/\/www.europesays.com\/fr\/660168\/","title":{"rendered":"au moins 150 tracteurs sont entr\u00e9s dans Paris selon la pr\u00e9fecture de police, la FNSEA et des Jeunes Agriculteurs \u00e0 l&rsquo;origine de l&rsquo;action"},"content":{"rendered":"<p class=\"article-p mdl\">\u00ab\u00a0Environ 350 tracteurs\u00a0\u00bb ont \u00e9t\u00e9 \u00ab\u00a0recens\u00e9s\u00a0\u00bb pour la mobilisation agricole mardi 13 janvier \u00e0 Paris des agriculteurs et 150 sont d\u00e9j\u00e0 entr\u00e9s dans la capitale, par la Porte Dauphine, a indiqu\u00e9 la pr\u00e9fecture de police de Paris peu apr\u00e8s 7 heures.\u00a0<a class=\"link\" href=\"https:\/\/www.rtl.fr\/actu\/debats-societe\/colere-agricole-des-tracteurs-de-la-fnsea-et-des-jeunes-agriculteurs-sont-entres-dans-paris-7900588001\" title=\"Col\u00e8re agricole : des tracteurs de la FNSEA et des Jeunes Agriculteurs sont entr\u00e9s dans Paris\" target=\"_blank\" rel=\"noopener\">Ces tracteurs<\/a>\u00a0arrivent du Nord, de l&rsquo;Eure-et-Loir, du Loiret et des d\u00e9partements de la grande couronne parisienne, a pr\u00e9cis\u00e9 la pr\u00e9fecture de police. Ils sont escort\u00e9s par la police, qui ne rapporte aucun incident, et avancent en direction du quai d&rsquo;Orsay o\u00f9 ils doivent se rassembler.\u00a0\u00a0<\/p>\n<p class=\"article-p mdl\">\u00c0 l&rsquo;aube, des dizaines de tracteurs sont de nouveau entr\u00e9s dans la capitale, cette fois-ci aux couleurs de la FNSEA et des Jeunes Agriculteurs pour exiger des \u00ab\u00a0actes concrets et imm\u00e9diats\u00a0\u00bb du gouvernement qui peine \u00e0 faire face \u00e0 la col\u00e8re agricole. Ils ont vite \u00e9t\u00e9 rejoints par d&rsquo;autres v\u00e9hicules. Vers 6h45, les tracteurs \u00e9taient sur l&rsquo;avenue des Champs-\u00c9lys\u00e9es apr\u00e8s avoir klaxonn\u00e9 abondamment, a constat\u00e9 une journaliste l&rsquo;AFP.<\/p>\n<p class=\"article-p mdl\">Leur parcours, avalis\u00e9 par la pr\u00e9fecture de police de Paris les m\u00e8nent ensuite \u00e0 l&rsquo;avenue George V et au pont de l&rsquo;Alma avant un rassemblement qui doit se tenir quai d&rsquo;Orsay. Certains ont m\u00eame pr\u00e9vu matelas et duvets pour prolonger la journ\u00e9e de mobilisation.\u00a0<br \/>\u00ab\u00a0Pas de pays sans paysan\u00a0\u00bb, \u00ab\u00a0pas de paysan =&gt; pas d&rsquo;alimentation\u00a0\u00bb, peut-on lire sur un panneau accroch\u00e9 \u00e0 l&rsquo;un des tracteurs.\u00a0 \u00ab\u00a0Si on veut garder la souverainet\u00e9 alimentaire, qu&rsquo;on nous laisse exercer notre m\u00e9tier\u00a0\u00bb, a d\u00e9clar\u00e9 \u00e0 l&rsquo;AFP Fabrice Moulin, 52 ans, qui cultive des c\u00e9r\u00e9ales dans l&rsquo;Eure, \u00e0 proximit\u00e9 des Yvelines.<\/p>\n<p class=\"article-p mdl\">\u00ab\u00a0On n&rsquo;est pas pour l&rsquo;anarchie mais trop de r\u00e8gles tue les r\u00e8gles. Aujourd&rsquo;hui, on ne vit plus de notre activit\u00e9\u00a0\u00bb, a-t-il soutenu, \u00e9voquant le chapelet de mauvaises nouvelles pour l&rsquo;agriculture : crise sanitaire li\u00e9e \u00e0 la\u00a0<a class=\"link\" href=\"https:\/\/www.rtl.fr\/actu\/politique\/colere-agricole-annie-genevard-annonce-le-doublement-du-fonds-d-indemnisation-pour-les-eleveurs-touches-par-la-dermatose-bovine-7900587090\" title=\"Col\u00e8re agricole : Annie Genevard annonce le doublement du fonds d&#039;indemnisation pour les \u00e9leveurs touch\u00e9s par la dermatose bovine\" target=\"_blank\" rel=\"noopener\">dermatose nodulaire contagieuse<\/a>\u00a0(DNC), l&rsquo;accroissement du co\u00fbt des engrais,\u00a0<a class=\"link\" href=\"https:\/\/www.rtl.fr\/actu\/international\/mercosur-une-majorite-de-pays-de-l-ue-donne-son-feu-vert-en-faveur-de-la-signature-de-l-accord-malgre-l-opposition-de-la-france-7900586900\" title=\"Mercosur : une majorit\u00e9 de pays de l&#039;UE donne son feu vert en faveur de la signature de l&#039;accord, malgr\u00e9 l&#039;opposition de la France\" target=\"_blank\" rel=\"noopener\">l&rsquo;accord UE-Mercosur<\/a>\u00a0en passe d&rsquo;\u00eatre sign\u00e9.<\/p>\n<p class=\"article-p mdl\">Pour Baptiste Zado, qui exploite une ferme en polyculture et \u00e9levage avec son p\u00e8re dans les Yvelines, en r\u00e9gion parisienne, \u00ab\u00a0on a besoin qu&rsquo;on nous s\u00e9curise le march\u00e9 fran\u00e7ais. L&rsquo;\u00e9levage fran\u00e7ais doit passer avant l&rsquo;\u00e9levage br\u00e9silien\u00a0\u00bb. \u00ab\u00a0On ne peut plus se serrer la ceinture\u00a0\u00bb, affirme ce membre des Jeunes Agriculteurs.<\/p>\n<p class=\"article-p mdl\">L&rsquo;action a lieu \u00e0 l&rsquo;initiative de la FRSEA Grand bassin parisien, une entit\u00e9 englobant l&rsquo;\u00cele-de-France et des d\u00e9partements de r\u00e9gions voisines, pour exiger des \u00ab\u00a0actes concrets et imm\u00e9diats\u00a0\u00bb pour d\u00e9fendre la souverainet\u00e9 alimentaire. Cette \u00e9tape intervient quelques jours \u00e0 peine apr\u00e8s les actions coup de poing de la Coordination rurale et de la Conf\u00e9d\u00e9ration paysanne.<\/p>\n<p>            \u00ab\u00a0Leurs revendications sont l\u00e9gitimes\u00a0\u00bb selon Annie Genevard<\/p>\n<p class=\"article-p mdl\">\u00c0 quelques jours de la signature de l&rsquo;accord UE-Mercosur, samedi au Paraguay, les agriculteurs ont multipli\u00e9 les actions, comme au Havre, premier port fran\u00e7ais de commerce, o\u00f9 des filtrages ont \u00e9t\u00e9 mis en place, sans bloquer l&rsquo;activit\u00e9, toutefois : depuis ce weekend, des agriculteurs \u00ab\u00a0contr\u00f4lent\u00a0\u00bb les camions frigorifiques et v\u00e9rifient la provenance des produits.<\/p>\n<p class=\"article-p mdl\">Ils ont d\u00e9couvert \u00ab\u00a0des produits qui n&rsquo;ont pas les m\u00eames normes de production\u00a0\u00bb que les n\u00f4tres, avait pr\u00e9c\u00e9demment d\u00e9plor\u00e9 aupr\u00e8s de l&rsquo;AFP Justin Lema\u00eetre, secr\u00e9taire g\u00e9n\u00e9ral des Jeunes Agriculteurs en Seine-Maritime, r\u00e9clamant \u00ab\u00a0que l&rsquo;importation respecte nos standards de production\u00a0\u00bb.<\/p>\n<p class=\"article-p mdl\">Pour les d\u00e9tracteurs du trait\u00e9 commercial avec les pays du Mercosur (Argentine, Br\u00e9sil, Paraguay, Uruguay), cet accord va bousculer l&rsquo;agriculture europ\u00e9enne avec des produits import\u00e9s moins chers et pas forc\u00e9ment respectueux des normes de l&rsquo;UE, faute de contr\u00f4les suffisants.<\/p>\n<p class=\"article-p mdl\">Les ports de Bayonne, La Rochelle, ont \u00e9galement \u00e9t\u00e9 le th\u00e9\u00e2tre de blocages de la part de divers syndicats agricoles, lesquels ont mobilis\u00e9 devant les pr\u00e9fectures ou sur les routes \u00e0 Metz, Pau, P\u00e9rigueux, Poitiers, Dax et Limoges.<\/p>\n<p class=\"article-p mdl\">\u00ab\u00a0La col\u00e8re des agriculteurs est profonde et leurs revendications sont l\u00e9gitimes, et nous les entendons au plus haut niveau du gouvernement\u00a0\u00bb, a r\u00e9pondu lundi matin sur BFMTV la ministre de l&rsquo;Agriculture Annie Genevard, apr\u00e8s avoir annonc\u00e9 vendredi des mesures en faveur des c\u00e9r\u00e9aliers, des viticulteurs ou encore des \u00e9leveurs, sans calmer la mobilisation.<\/p>\n<p class=\"article-p mdl\">Outre la France, des manifestations ont eu lieu en Italie, Pologne ou Irlande. La ratification du trait\u00e9 d\u00e9pend encore d&rsquo;un vote qui s&rsquo;annonce serr\u00e9 au Parlement europ\u00e9en, pas avant f\u00e9vrier. Un grand rassemblement d&rsquo;agriculteurs est pr\u00e9vu devant son si\u00e8ge strasbourgeois le 20 janvier.<\/p>\n<p>    La r\u00e9daction vous recommande<\/p>\n<p class=\"s-newsletter__title\">\n                L\u2019actualit\u00e9 par la r\u00e9daction de RTL dans votre bo\u00eete mail.\n            <\/p>\n<p class=\"s-newsletter__subtitle\">\n                Gr\u00e2ce \u00e0 votre compte RTL abonnez-vous \u00e0 la newsletter RTL info pour suivre toute l&rsquo;actualit\u00e9 au quotidien\n            <\/p>\n<p>\n                                    Lire la suite\n                                <\/p>\n","protected":false},"excerpt":{"rendered":"\u00ab\u00a0Environ 350 tracteurs\u00a0\u00bb ont \u00e9t\u00e9 \u00ab\u00a0recens\u00e9s\u00a0\u00bb pour la mobilisation agricole mardi 13 janvier \u00e0 Paris des agriculteurs et&hellip;\n","protected":false},"author":2,"featured_media":660169,"comment_status":"","ping_status":"","sticky":false,"template":"","format":"standard","meta":{"footnotes":""},"categories":[1888],"tags":[1111,1928,11,1927,327,898,1777,674,107,24728,1011,27,12,1926,626,1925,25],"class_list":{"0":"post-660168","1":"post","2":"type-post","3":"status-publish","4":"format-standard","5":"has-post-thumbnail","7":"category-paris","8":"tag-actu","9":"tag-actu-paris","10":"tag-actualites","11":"tag-actualites-paris","12":"tag-agriculture","13":"tag-alerte","14":"tag-eu","15":"tag-europe","16":"tag-fil-info","17":"tag-fnsea","18":"tag-fr","19":"tag-france","20":"tag-news","21":"tag-news-paris","22":"tag-paris","23":"tag-paris-news","24":"tag-republique-francaise"},"share_on_mastodon":{"url":"https:\/\/pubeurope.com\/@fr\/115886708709325209","error":""},"_links":{"self":[{"href":"https:\/\/www.europesays.com\/fr\/wp-json\/wp\/v2\/posts\/660168","targetHints":{"allow":["GET"]}}],"collection":[{"href":"https:\/\/www.europesays.com\/fr\/wp-json\/wp\/v2\/posts"}],"about":[{"href":"https:\/\/www.europesays.com\/fr\/wp-json\/wp\/v2\/types\/post"}],"author":[{"embeddable":true,"href":"https:\/\/www.europesays.com\/fr\/wp-json\/wp\/v2\/users\/2"}],"replies":[{"embeddable":true,"href":"https:\/\/www.europesays.com\/fr\/wp-json\/wp\/v2\/comments?post=660168"}],"version-history":[{"count":0,"href":"https:\/\/www.europesays.com\/fr\/wp-json\/wp\/v2\/posts\/660168\/revisions"}],"wp:featuredmedia":[{"embeddable":true,"href":"https:\/\/www.europesays.com\/fr\/wp-json\/wp\/v2\/media\/660169"}],"wp:attachment":[{"href":"https:\/\/www.europesays.com\/fr\/wp-json\/wp\/v2\/media?parent=660168"}],"wp:term":[{"taxonomy":"category","embeddable":true,"href":"https:\/\/www.europesays.com\/fr\/wp-json\/wp\/v2\/categories?post=660168"},{"taxonomy":"post_tag","embeddable":true,"href":"https:\/\/www.europesays.com\/fr\/wp-json\/wp\/v2\/tags?post=660168"}],"curies":[{"name":"wp","href":"https:\/\/api.w.org\/{rel}","templated":true}]}}