{"id":660170,"date":"2026-01-13T07:53:11","date_gmt":"2026-01-13T07:53:11","guid":{"rendered":"https:\/\/www.europesays.com\/fr\/660170\/"},"modified":"2026-01-13T07:53:11","modified_gmt":"2026-01-13T07:53:11","slug":"direct-350-tracteurs-dagriculteurs-en-colere-sont-entres-dans-paris-le-gouvernement-envisage-de-nouvelles-annonces","status":"publish","type":"post","link":"https:\/\/www.europesays.com\/fr\/660170\/","title":{"rendered":"DIRECT. 350 tracteurs d&rsquo;agriculteurs en col\u00e8re sont entr\u00e9s dans Paris, le gouvernement envisage de nouvelles annonces"},"content":{"rendered":"<p>Aujourd&rsquo;hui \u00e0 08h41<\/p>\n<p>Christian Estrosi appelle le RN, \u00ab\u00a0alli\u00e9 de madame Meloni\u00a0\u00bb, \u00e0 la \u00ab\u00a0convaincre\u00a0\u00bb de voter contre le Mercosur<\/p>\n<p>Christian Estrosi, le maire de Nice, note que puisque le RN \u00ab\u00a0est arriv\u00e9 largement premier\u00a0\u00bb aux \u00e9lections europ\u00e9ennes et est \u00ab\u00a0l&rsquo;alli\u00e9 de madame Meloni\u00a0\u00bb, alors il devrait tout faire pour \u00ab\u00a0convaincre\u00a0\u00bb la pr\u00e9sidente du Conseil des ministres italienne de voter pour repousser l&rsquo;adoption du Mercosur<\/p>\n<blockquote class=\"embed embed_quote\"><p>\u00ab\u00a0Qu&rsquo;ils p\u00e8sent (&#8230;) pour que nous n&rsquo;arrivions pas \u00e0 cette signature qui aurait des cons\u00e9quences \u00e9normes aupr\u00e8s de nos agriculteurs\u00a0\u00bb, lance l&rsquo;\u00e9lu ni\u00e7ois.<\/p><\/blockquote>\n<p>Aujourd&rsquo;hui \u00e0 08h33<\/p>\n<p>Le maire de Nice \u00ab\u00a0soutient\u00a0\u00bb les agriculteurs mais juge que \u00ab\u00a0s&rsquo;exprimer est une chose, bloquer en est une autre\u00a0\u00bb<\/p>\n<p>Alors que les agriculteurs sont de plus en plus nombreux devant l&rsquo;Assembl\u00e9e nationale, Christian Estrosi dit sur BFMTV-RMC apporter son \u00ab\u00a0soutien\u00a0\u00bb \u00e0 la col\u00e8re des agriculteurs.<\/p>\n<p>L&rsquo;\u00e9lu questionne toutefois \u00ab\u00a0un mouvement qui en m\u00eame temps met en difficult\u00e9 d&rsquo;autres pans de notre \u00e9conomie\u00a0\u00bb.<\/p>\n<blockquote class=\"embed embed_quote\"><p>\u00ab\u00a0S&rsquo;exprimer est une chose, bloquer en est une autre\u00a0\u00bb, ajoute toutefois le maire de Nice.<\/p><\/blockquote>\n<p>Aujourd&rsquo;hui \u00e0 08h19<\/p>\n<p>Le gouvernement envisage de nouvelles annonces, le \u00ab\u00a0dialogue continue\u00a0\u00bb assure Maud Bregeon<\/p>\n<p>La porte-parole du gouvernement Maud Bregeon assure que les annonces d\u00e9j\u00e0 faites aux agriculteurs ne valaient \u00ab\u00a0pas solde de tout compte\u00a0\u00bb et que \u00ab\u00a0le dialogue et les \u00e9changes continuent\u00a0\u00bb.<\/p>\n<blockquote class=\"embed embed_quote\"><p>\u00ab\u00a0Ce qui a \u00e9t\u00e9 mis sur la table par le gouvernement n&rsquo;est pas pour solde de tout compte, mais on a besoin de continuer \u00e0 discuter\u00a0\u00bb, a affirm\u00e9 Maud Bregeon sur TF1.<\/p><\/blockquote>\n<p>Parmi les sujets qui pourraient faire l&rsquo;objet de nouvelles annonces, Maud Bregeon a cit\u00e9 \u00ab\u00a0la transmission, la question des revenus, la question de l&rsquo;eau, de l&rsquo;adaptation au changement climatique\u00a0\u00bb. \u00ab\u00a0La liste est \u00e9videmment non exhaustive\u00a0\u00bb, a-t-elle compl\u00e9t\u00e9.<\/p>\n<p>Aujourd&rsquo;hui \u00e0 08h01<\/p>\n<p>Les 350 tracteurs des agriculteurs manifestants sont entr\u00e9s dans Paris<\/p>\n<p>\u00c0 7h50, l&rsquo;ensemble des tracteurs (environ 350) est entr\u00e9 dans Paris. Les derniers arriv\u00e9s quittent la porte Dauphine en direction du quai d&rsquo;Orsay.<\/p>\n<p>Environ 250 d&rsquo;entre eux sont d\u00e9j\u00e0 arriv\u00e9s sur le quai d&rsquo;Orsay, selon la pr\u00e9fecture de police de Paris \u00e0 BFMTV.<\/p>\n<p>Aujourd&rsquo;hui \u00e0 07h44<\/p>\n<p>Nouvelle journ\u00e9e de blocages sur l&rsquo;A1, les agriculteurs poursuivent la mobilisation<\/p>\n<p>Depuis hier soir, une op\u00e9ration de blocage sur un p\u00e9age de l&rsquo;autoroute A1 se poursuit. Pr\u00e8s de 20.000 camions y transitent chaque jour alors que la circulation est fortement ralentie aux alentours de 7h30.<\/p>\n<p>Une dizaine d&rsquo;agriculteurs se trouvent toujours sur place, devant les meules de foin pos\u00e9es aux barri\u00e8res. C&rsquo;est moins qu&rsquo;hier, une partie d&rsquo;entre eux ayant \u00e9t\u00e9 oblig\u00e9s de rentrer dans leur exploitation.<\/p>\n<p>Les agriculteurs ont re\u00e7u du soutien de certains habitants aux alentours, des denr\u00e9es leur ont \u00e9t\u00e9 apport\u00e9es au fur et \u00e0 mesure de la nuit. Ce blocage devrait se poursuivre jusqu&rsquo;\u00e0 demain.<\/p>\n<p>Aujourd&rsquo;hui \u00e0 07h37<\/p>\n<p>\u00ab\u00a0Moins de 1.000 euros par mois pour plus de 80 heures par semaine\u00a0\u00bb: devant l&rsquo;Assembl\u00e9e nationale, le coup de gueule des agriculteurs<\/p>\n<p>Devant l&rsquo;Assembl\u00e9e nationale, les agriculteurs font une pause, l&rsquo;occasion pour Louis, mara\u00eecher, arboriculteur et c\u00e9r\u00e9alier dans le Val-d&rsquo;Oise, de rappeler au micro de BFMTV qu&rsquo;il ne se sent \u00ab\u00a0pas \u00e9cout\u00e9\u00a0\u00bb, sur le Mercosur notamment, et qu'\u00a0\u00bbon n&rsquo;a rien obtenu en deux ans (de mobilisation, NDLR), c&rsquo;est tr\u00e8s long\u00a0\u00bb.<\/p>\n<blockquote class=\"embed embed_quote\"><p>\u00ab\u00a0Notre revenu est au plus bas, je me sors moins de 1.000 euros par mois pour plus de 80 heures par semaine\u00a0\u00bb, confie l&rsquo;agriculteur.<\/p><\/blockquote>\n<p>Aujourd&rsquo;hui \u00e0 07h30<\/p>\n<p>Les images des cort\u00e8ges de tracteurs rejoignant les rues de Paris<\/p>\n<p>Des tracteurs sur les pav\u00e9s parisiens et d&rsquo;autres entour\u00e9s d&rsquo;immeubles haussmanniens&#8230; Les diff\u00e9rents cort\u00e8ges d&rsquo;agriculteurs en col\u00e8re entrent dans Paris.<\/p>\n<p><img decoding=\"async\" loading=\"lazy\" width=\"1600\" height=\"900\" src=\"https:\/\/www.europesays.com\/fr\/wp-content\/uploads\/2026\/01\/Les-images-des-corteges-de-tracteurs-rejoignant-les-rues-de-Paris-le-13-janvier-2026-2215489.jpg\"  alt=\"Les images des cort\u00e8ges de tracteurs rejoignant les rues de Paris le 13 janvier 2026.\" title=\"Les images des cort\u00e8ges de tracteurs rejoignant les rues de Paris le 13 janvier 2026.\"\/>Les images des cort\u00e8ges de tracteurs rejoignant les rues de Paris le 13 janvier 2026. \u00a9 BFMTV<\/p>\n<p>Aujourd&rsquo;hui \u00e0 07h12<\/p>\n<p>350 tracteurs en route pour Paris ou d\u00e9j\u00e0 entr\u00e9s dans la capitale, aucun incident signal\u00e9<\/p>\n<p>\u00c0 cette heure, environ 350 tracteurs sont recens\u00e9s au total pour participer \u00e0 la manifestation \u00e0 Paris, a appris BFMTV de la pr\u00e9fecture de police de Paris, en provenance du Nord de la France, de l&rsquo;Eure-et-Loir, du Loiret et des d\u00e9partements de la grande couronne.<\/p>\n<p>150 engins sont d&rsquo;ores et d\u00e9j\u00e0 entr\u00e9s dans Paris par la porte Dauphine. Ils sont pris en compte par les policiers de la pr\u00e9fecture de police en direction du quai d&rsquo;Orsay. Aucun incident n&rsquo;est signal\u00e9 et la situation est calme.<\/p>\n<p>Aujourd&rsquo;hui \u00e0 07h09<\/p>\n<p>Les \u00ab\u00a0ultras\u00a0\u00bb r\u00e9clament la pr\u00e9sence du pr\u00e9fet, la situation \u00ab\u00a0en train de se crisper\u00a0\u00bb sur l&rsquo;A64<\/p>\n<p>Du c\u00f4t\u00e9 de l&rsquo;autoroute A64, \u00ab\u00a0on sent que c&rsquo;est en train de se crisper\u00a0\u00bb affirme sur BFMTV Denis Turrel, le maire (PS) de Carbonne (Haute-Garonne).<\/p>\n<blockquote class=\"embed embed_quote\"><p>\u00ab\u00a0\u00c7a reste compliqu\u00e9, je n&rsquo;ai pas pu acc\u00e9der \u00e0 la n\u00e9gociation ou au barrage\u00a0\u00bb, indique l&rsquo;\u00e9lu.<\/p><\/blockquote>\n<p>Par ailleurs, les agriculteurs veulent que le pr\u00e9fet \u00ab\u00a0viennent s&rsquo;expliquer\u00a0\u00bb sur un le d\u00e9ploiement de moyens de forces de l&rsquo;ordre pour les d\u00e9loger. \u00ab\u00a0Le pr\u00e9fet veut qu&rsquo;ils partent\u00a0\u00bb, estime Denis Turrel.<\/p>\n<p>Aujourd&rsquo;hui \u00e0 06h46<\/p>\n<p>Les \u00ab\u00a0ultras\u00a0\u00bb de l&rsquo;A64 d\u00e9log\u00e9s par les forces de l&rsquo;ordre<\/p>\n<p>Sur l&rsquo;A64 (Haute-Garonne), une op\u00e9ration de poice a d\u00e9but\u00e9 aux alentours de 4h20 pour d\u00e9loger les agriculteurs qui bloquent depuis un mois.<\/p>\n<p>Aujourd&rsquo;hui \u00e0 06h40<\/p>\n<p>Les agriculteurs arrivent sur la place de l&rsquo;\u00c9toile<\/p>\n<p>Les tracteurs approchent de l&rsquo;Arc de Triomphe pour l&rsquo;une des premi\u00e8res \u00e9tapes de leur journ\u00e9e de mobilisation.<\/p>\n<p><img decoding=\"async\" loading=\"lazy\" width=\"1920\" height=\"1080\" src=\"https:\/\/www.europesays.com\/fr\/wp-content\/uploads\/2026\/01\/Les-agriculteurs-en-colere-manifestent-a-nouveau-en-tracteur-dans-Paris-le-13-janvier-2026-2215450.j.jpeg\"  alt=\"\" title=\"\"\/>\u00a9 BFMTV<\/p>\n<p>Aujourd&rsquo;hui \u00e0 06h35<\/p>\n<p>Le pont de la Concorde et le quai d&rsquo;Orsay ferm\u00e9s \u00e0 la circulation \u00ab\u00a0jusqu&rsquo;aux environs de 18 heures\u00a0\u00bb<\/p>\n<p>Hier soir, la pr\u00e9fecture de police de Paris annon\u00e7ait dans un communiqu\u00e9 le d\u00e9roul\u00e9 de la journ\u00e9e. Une fois le cort\u00e8ge pass\u00e9 sur les grandes art\u00e8res de Paris, ce dernier fera halte sur le quai d&rsquo;Orsay, \u00ab\u00a0entre le pont Alexandre III et la rue Aristide Briand jusqu&rsquo;aux environs de 18 heures\u00a0\u00bb.<\/p>\n<blockquote class=\"embed embed_quote\"><p>\u00ab\u00a0Le pont de la Concorde et le quai d&rsquo;Orsay seront ferm\u00e9s \u00e0 la circulation pendant toute la dur\u00e9e du rassemblement\u00a0\u00bb, notent les autorit\u00e9s.<\/p><\/blockquote>\n<p>Aujourd&rsquo;hui \u00e0 06h30<\/p>\n<p>L&rsquo;action \u00e0 l&rsquo;initiative de la FRSEA Grand bassin parisien<\/p>\n<p>L&rsquo;action a lieu \u00e0 l&rsquo;initiative de la FRSEA Grand bassin parisien, une entit\u00e9 englobant l&rsquo;\u00cele-de-France et des d\u00e9partements de r\u00e9gions voisines, pour exiger des \u00ab\u00a0actes concrets et imm\u00e9diats\u00a0\u00bb pour d\u00e9fendre la souverainet\u00e9 alimentaire.<\/p>\n<p>Cette \u00e9tape intervient quelques jours \u00e0 peine apr\u00e8s les actions coup de poing de la Coordination rurale et de la Conf\u00e9d\u00e9ration paysanne.<\/p>\n<p>Aujourd&rsquo;hui \u00e0 06h26<\/p>\n<p>Les agriculteurs r\u00e9clament des \u00ab\u00a0actes concrets\u00a0\u00bb de la part de l&rsquo;ex\u00e9cutif<\/p>\n<p>Tous sont escort\u00e9s par des camions de CRS, les agriculteurs r\u00e9clament des \u00ab\u00a0actes concrets\u00a0\u00bb de la part de l&rsquo;ex\u00e9cutif.<\/p>\n<p>Depuis plusieurs semaines, ces derniers manifestent aussi bien contre la signature du trait\u00e9 entre les pays de l&rsquo;UE et du Mercosur, mais aussi pour plus de simplification de leurs d\u00e9marches administratives.<\/p>\n<p>Aujourd&rsquo;hui \u00e0 06h24<\/p>\n<p>Arc de Triomphe, quai d&rsquo;Orsay, Assembl\u00e9e nationale&#8230; Le parcours des agriculteurs \u00e0 Paris<\/p>\n<p>Entr\u00e9s par la porte Dauphine, les tracteurs doivent parcourir de grandes art\u00e8res de Paris dont l&rsquo;avenie des Champs-\u00c9lys\u00e9es.<\/p>\n<p>Une fois dans la capitale, les agriculteurs emprunteront \u00e0 tour de r\u00f4le l&rsquo;avenue Foch, stationner devant l&rsquo;Arc de Triomphe, puis devant le Georges V et le pont de l&rsquo;Alma, avant de se diriger vers le quai d&rsquo;Orsay et l&rsquo;Assembl\u00e9e nationale.<\/p>\n<p>Aujourd&rsquo;hui \u00e0 06h21<\/p>\n<p>Les agriculteurs en col\u00e8re entrent dans Paris<\/p>\n<p>Bonjour \u00e0 tous et bienvenue dans ce direct consacr\u00e9 \u00e0 ce nouvel \u00e9pisode de grogne du monde agricole.<\/p>\n<p>Quelques jours apr\u00e8s avoir <a href=\"https:\/\/www.bfmtv.com\/societe\/manifestations\/les-images-des-tracteurs-d-agriculteurs-en-colere-sous-la-tour-eiffel_AN-202601080076.html\" title=\"Tour Eiffel, Arc de Triomphe... Les images des agriculteurs en col\u00e8re qui manifestent \u00e0 Paris\" class=\"internal_link\" target=\"_blank\" rel=\"noopener\">manifest\u00e9 dans les rues de la capitale<\/a>, les agriculteurs sont de retour \u00e0 Paris et sont entr\u00e9s t\u00f4t ce matin sur le p\u00e9riph\u00e9rique au niveau de la porte Dauphine.<\/p>\n<p>Une quinzaine de tracteurs de la FNSEA et des Jeunes Agriculteurs sont entr\u00e9s dans Paris peu avant 6 heures, premiers arriv\u00e9s de larges convois qui devraient voir d\u00e9barquer plusieurs centaines de tracteurs dans la capitale.<\/p>\n","protected":false},"excerpt":{"rendered":"Aujourd&rsquo;hui \u00e0 08h41 Christian Estrosi appelle le RN, \u00ab\u00a0alli\u00e9 de madame Meloni\u00a0\u00bb, \u00e0 la \u00ab\u00a0convaincre\u00a0\u00bb de voter contre&hellip;\n","protected":false},"author":2,"featured_media":660171,"comment_status":"","ping_status":"","sticky":false,"template":"","format":"standard","meta":{"footnotes":""},"categories":[1888],"tags":[1111,1928,11,1927,1777,674,1011,27,12,1926,626,1925,25],"class_list":{"0":"post-660170","1":"post","2":"type-post","3":"status-publish","4":"format-standard","5":"has-post-thumbnail","7":"category-paris","8":"tag-actu","9":"tag-actu-paris","10":"tag-actualites","11":"tag-actualites-paris","12":"tag-eu","13":"tag-europe","14":"tag-fr","15":"tag-france","16":"tag-news","17":"tag-news-paris","18":"tag-paris","19":"tag-paris-news","20":"tag-republique-francaise"},"share_on_mastodon":{"url":"https:\/\/pubeurope.com\/@fr\/115886712721378660","error":""},"_links":{"self":[{"href":"https:\/\/www.europesays.com\/fr\/wp-json\/wp\/v2\/posts\/660170","targetHints":{"allow":["GET"]}}],"collection":[{"href":"https:\/\/www.europesays.com\/fr\/wp-json\/wp\/v2\/posts"}],"about":[{"href":"https:\/\/www.europesays.com\/fr\/wp-json\/wp\/v2\/types\/post"}],"author":[{"embeddable":true,"href":"https:\/\/www.europesays.com\/fr\/wp-json\/wp\/v2\/users\/2"}],"replies":[{"embeddable":true,"href":"https:\/\/www.europesays.com\/fr\/wp-json\/wp\/v2\/comments?post=660170"}],"version-history":[{"count":0,"href":"https:\/\/www.europesays.com\/fr\/wp-json\/wp\/v2\/posts\/660170\/revisions"}],"wp:featuredmedia":[{"embeddable":true,"href":"https:\/\/www.europesays.com\/fr\/wp-json\/wp\/v2\/media\/660171"}],"wp:attachment":[{"href":"https:\/\/www.europesays.com\/fr\/wp-json\/wp\/v2\/media?parent=660170"}],"wp:term":[{"taxonomy":"category","embeddable":true,"href":"https:\/\/www.europesays.com\/fr\/wp-json\/wp\/v2\/categories?post=660170"},{"taxonomy":"post_tag","embeddable":true,"href":"https:\/\/www.europesays.com\/fr\/wp-json\/wp\/v2\/tags?post=660170"}],"curies":[{"name":"wp","href":"https:\/\/api.w.org\/{rel}","templated":true}]}}