{"id":660174,"date":"2026-01-13T07:55:16","date_gmt":"2026-01-13T07:55:16","guid":{"rendered":"https:\/\/www.europesays.com\/fr\/660174\/"},"modified":"2026-01-13T07:55:16","modified_gmt":"2026-01-13T07:55:16","slug":"pas-de-montbeliardes-au-salon-de-lagriculture-a-paris-entre-la-passion-et-la-raison-cest-la-raison-qui-lemporte","status":"publish","type":"post","link":"https:\/\/www.europesays.com\/fr\/660174\/","title":{"rendered":"Pas de Montb\u00e9liardes au salon de l&rsquo;agriculture \u00e0 Paris\u00a0: \u00ab\u00a0entre la passion et la raison, c&rsquo;est la raison qui l&#8217;emporte\u00a0\u00bb"},"content":{"rendered":"<p>Les \u00e9leveurs de vaches montb\u00e9liardes ne monteront pas \u00e0 Paris pour le salon de l&rsquo;agriculture 2026 du 21 f\u00e9vrier au 1er mars. Une d\u00e9cision compr\u00e9hensible m\u00eame si le salon repr\u00e9sente beaucoup pour Fr\u00e9d\u00e9ric Chabod, \u00e9leveur \u00e0 Ornans.<\/p>\n<p>L&rsquo;info d&rsquo;ICI Besan\u00e7on sur l&rsquo;annulation des concours de bovins au salon de l&rsquo;agriculture qui se tiendra \u00e0 Paris du 21 f\u00e9vrier au 1er mars. La d\u00e9cision vient des diff\u00e9rents organismes de s\u00e9lections des diff\u00e9rentes races dont la Montb\u00e9liarde. Une d\u00e9cision prise en pleine <strong>crise de la dermatose nodulaire contagieuse<\/strong> d&rsquo;abord en Franche-Comt\u00e9 puis dans le Sud-Ouest de la France.<\/p>\n<p>\u00c0 lire aussi   <img decoding=\"async\" src=\"https:\/\/www.europesays.com\/fr\/wp-content\/uploads\/2026\/01\/1768290914_120_400x400.jpeg\" alt=\"\" style=\"--_image-preview:url('data:image\/jpeg;base64,\/9j\/2wBDACgcHiMeGSgjISMtKygwPGRBPDc3PHtYXUlkkYCZlo+AjIqgtObDoKrarYqMyP\/L2u71\/\/\/\/m8H\/\/\/\/6\/+b9\/\/j\/2wBDASstLTw1PHZBQXb4pYyl+Pj4+Pj4+Pj4+Pj4+Pj4+Pj4+Pj4+Pj4+Pj4+Pj4+Pj4+Pj4+Pj4+Pj4+Pj4+Pj4+Pj\/wAARCAAXACoDASIAAhEBAxEB\/8QAGAABAQEBAQAAAAAAAAAAAAAAAAIBAwX\/xAAWEAEBAQAAAAAAAAAAAAAAAAAAEQH\/xAAVAQEBAAAAAAAAAAAAAAAAAAAAAf\/EABQRAQAAAAAAAAAAAAAAAAAAAAD\/2gAMAwEAAhEDEQA\/APLhFRsBEIuEBzjIvcYDrCABGaCKnUgI\/9k=');\" loading=\"lazy\" fetchpriority=\"low\" aria-hidden=\"true\" class=\"svelte-1cksh76 rounded\" onload=\"this.__e=event\" onerror=\"this.__e=event\"\/><\/p>\n<p>Pas de concours\u00a0: c&rsquo;est une d\u00e9ception mais c&rsquo;est compr\u00e9hensible pour Fr\u00e9d\u00e9ric Chabod, \u00e9leveur de Montb\u00e9liardes \u00e0 Ornans, au Gaec de la Grange Guyot.\u00a0Sur la fa\u00e7ade du b\u00e2timent, sur les hauteurs, <strong>on retrouve une trentaine de plaques de toutes les couleurs<\/strong>. On ne plaisante pas avec les concours\u00a0: \u00ab\u00a0il y a toutes les plaques avec des participations au concours d\u00e9partemental, cantonal et puis national\u00a0\u00bb. Celles dont Fr\u00e9d\u00e9ric est le plus fier, ce sont celles du salon de l&rsquo;agriculture \u00e0 Paris\u00a0: \u00ab\u00a0il y en a trois, une participation en 2005, un deuxi\u00e8me prix de section en 2020 et m\u00eame chose l&rsquo;an dernier. C&rsquo;est un peu l&rsquo;image de la ferme\u00a0\u00bb.<\/p>\n<p> <img decoding=\"async\" src=\"https:\/\/www.europesays.com\/fr\/wp-content\/uploads\/2026\/01\/1768290915_834_1280.jpeg\" alt=\"illustration agrandir l'image\" style=\"--_image-preview:url('data:image\/jpeg;base64,\/9j\/2wBDACgcHiMeGSgjISMtKygwPGRBPDc3PHtYXUlkkYCZlo+AjIqgtObDoKrarYqMyP\/L2u71\/\/\/\/m8H\/\/\/\/6\/+b9\/\/j\/2wBDASstLTw1PHZBQXb4pYyl+Pj4+Pj4+Pj4+Pj4+Pj4+Pj4+Pj4+Pj4+Pj4+Pj4+Pj4+Pj4+Pj4+Pj4+Pj4+Pj4+Pj\/wAARCAAXACoDASIAAhEBAxEB\/8QAGAABAQEBAQAAAAAAAAAAAAAAAgABAwT\/xAAYEAEBAQEBAAAAAAAAAAAAAAAAARECEv\/EABUBAQEAAAAAAAAAAAAAAAAAAAAB\/8QAFBEBAAAAAAAAAAAAAAAAAAAAAP\/aAAwDAQACEQMRAD8A8UhTkpCnKKM5KQpyXkBkJY3Ac4ciSBSNxIFixIH\/2Q==');\" loading=\"lazy\" fetchpriority=\"low\" class=\"svelte-1cksh76 rounded\" onload=\"this.__e=event\" onerror=\"this.__e=event\"\/> Orph\u00e9e ne fera pas le voyage \u00e0 Paris cette ann\u00e9e \u00a9 Radio France &#8211; C\u00e9dric Lieto  \u00ab\u00a0Le troupeau est l\u00e0, c&rsquo;est l&rsquo;essentiel\u00a0\u00bb<\/p>\n<p>Mais cette ann\u00e9e, Fr\u00e9d\u00e9ric Chabod va rester \u00e0 la maison. Une d\u00e9cision logique\u00a0: \u00ab\u00a0il y a danger et s&rsquo;il y a danger, il faut rester \u00e0 la maison. Entre la passion et la raison, c&rsquo;est la raison qui l&#8217;emporte toujours\u00a0\u00bb.\u00a0A l&rsquo;int\u00e9rieur du b\u00e2timent qui abrite environ 140 b\u00eates, Orph\u00e9e reste donc \u00e0 quai. Cette Montb\u00e9liarde de sept ans avait termin\u00e9 deuxi\u00e8me l&rsquo;an pass\u00e9 et l&rsquo;\u00e9leveur voulait l&rsquo;inscrire pour les s\u00e9lections cette ann\u00e9e. Fr\u00e9d\u00e9ric avait bon espoir\u00a0: \u00ab\u00a0il n&rsquo;y a pas de regrets, aujourd&rsquo;hui, l&rsquo;important est qu&rsquo;elle soit l\u00e0 et que le troupeau soit pr\u00e9serv\u00e9. Je pense \u00e0 tous les \u00e9leveurs qui ont tout perdu. Si demain, on d\u00e9place les animaux et qu&rsquo;on chope la maladie, ce sera du g\u00e2chis. Le troupeau est l\u00e0, c&rsquo;est l&rsquo;essentiel\u00a0\u00bb.<\/p>\n<p>Des concours, il y en aura d&rsquo;autres, \u00e0 condition que des garanties sanitaires soient apport\u00e9es, poursuit l&rsquo;\u00e9leveur. Quant \u00e0 l&rsquo;agenda de Fr\u00e9d\u00e9ric Chabod, il s&rsquo;est all\u00e9g\u00e9 pour la fin f\u00e9vrier\u00a0: \u00ab\u00a0on va faire du ski, \u00e7a va aller pareil&#8230;\u00a0\u00bb<\/p>\n<p>\u00c0 lire aussi   <img decoding=\"async\" src=\"https:\/\/www.europesays.com\/fr\/wp-content\/uploads\/2026\/01\/1768290916_407_400x400.jpeg\" alt=\"\" style=\"--_image-preview:url('data:image\/jpeg;base64,\/9j\/2wBDACgcHiMeGSgjISMtKygwPGRBPDc3PHtYXUlkkYCZlo+AjIqgtObDoKrarYqMyP\/L2u71\/\/\/\/m8H\/\/\/\/6\/+b9\/\/j\/2wBDASstLTw1PHZBQXb4pYyl+Pj4+Pj4+Pj4+Pj4+Pj4+Pj4+Pj4+Pj4+Pj4+Pj4+Pj4+Pj4+Pj4+Pj4+Pj4+Pj4+Pj\/wAARCAAXACoDASIAAhEBAxEB\/8QAGAABAAMBAAAAAAAAAAAAAAAAAAECAwT\/xAAYEAEBAQEBAAAAAAAAAAAAAAAAARICEf\/EABYBAQEBAAAAAAAAAAAAAAAAAAABAv\/EABURAQEAAAAAAAAAAAAAAAAAAAAR\/9oADAMBAAIRAxEAPwCb2jbDSdLUjedLTphKtOijfRpjo0lRzSpgMtLRb0APT0EH\/9k=');\" loading=\"lazy\" fetchpriority=\"low\" aria-hidden=\"true\" class=\"svelte-1cksh76 rounded\" onload=\"this.__e=event\" onerror=\"this.__e=event\"\/><\/p>\n","protected":false},"excerpt":{"rendered":"Les \u00e9leveurs de vaches montb\u00e9liardes ne monteront pas \u00e0 Paris pour le salon de l&rsquo;agriculture 2026 du 21&hellip;\n","protected":false},"author":2,"featured_media":660175,"comment_status":"","ping_status":"","sticky":false,"template":"","format":"standard","meta":{"footnotes":""},"categories":[1888],"tags":[11,1777,674,1011,27,12,626,25],"class_list":{"0":"post-660174","1":"post","2":"type-post","3":"status-publish","4":"format-standard","5":"has-post-thumbnail","7":"category-paris","8":"tag-actualites","9":"tag-eu","10":"tag-europe","11":"tag-fr","12":"tag-france","13":"tag-news","14":"tag-paris","15":"tag-republique-francaise"},"share_on_mastodon":{"url":"https:\/\/pubeurope.com\/@fr\/115886720796154224","error":""},"_links":{"self":[{"href":"https:\/\/www.europesays.com\/fr\/wp-json\/wp\/v2\/posts\/660174","targetHints":{"allow":["GET"]}}],"collection":[{"href":"https:\/\/www.europesays.com\/fr\/wp-json\/wp\/v2\/posts"}],"about":[{"href":"https:\/\/www.europesays.com\/fr\/wp-json\/wp\/v2\/types\/post"}],"author":[{"embeddable":true,"href":"https:\/\/www.europesays.com\/fr\/wp-json\/wp\/v2\/users\/2"}],"replies":[{"embeddable":true,"href":"https:\/\/www.europesays.com\/fr\/wp-json\/wp\/v2\/comments?post=660174"}],"version-history":[{"count":0,"href":"https:\/\/www.europesays.com\/fr\/wp-json\/wp\/v2\/posts\/660174\/revisions"}],"wp:featuredmedia":[{"embeddable":true,"href":"https:\/\/www.europesays.com\/fr\/wp-json\/wp\/v2\/media\/660175"}],"wp:attachment":[{"href":"https:\/\/www.europesays.com\/fr\/wp-json\/wp\/v2\/media?parent=660174"}],"wp:term":[{"taxonomy":"category","embeddable":true,"href":"https:\/\/www.europesays.com\/fr\/wp-json\/wp\/v2\/categories?post=660174"},{"taxonomy":"post_tag","embeddable":true,"href":"https:\/\/www.europesays.com\/fr\/wp-json\/wp\/v2\/tags?post=660174"}],"curies":[{"name":"wp","href":"https:\/\/api.w.org\/{rel}","templated":true}]}}