{"id":660178,"date":"2026-01-13T07:57:15","date_gmt":"2026-01-13T07:57:15","guid":{"rendered":"https:\/\/www.europesays.com\/fr\/660178\/"},"modified":"2026-01-13T07:57:15","modified_gmt":"2026-01-13T07:57:15","slug":"ukraine-des-vagues-de-missiles-ont-vise-kharkiv-et-kiev-washington-denonce-une-escalade-dangereuse","status":"publish","type":"post","link":"https:\/\/www.europesays.com\/fr\/660178\/","title":{"rendered":"Ukraine : des vagues de missiles ont vis\u00e9 Kharkiv et Kiev, Washington d\u00e9nonce une escalade &lsquo;dangereuse&rsquo;"},"content":{"rendered":"<p>La capitale ukrainienne n\u2019a pas \u00e9t\u00e9 \u00e9pargn\u00e9e. Selon le chef de l\u2019administration militaire de Kiev, Tymour Tkatchenko, la ville a \u00e9t\u00e9 la cible d\u2019une attaque de missiles \u00ab\u00a0courte mais intense\u00a0\u00bb. Des journalistes de Reuters ont entendu plusieurs explosions durant la nuit.<\/p>\n<p>Dans l\u2019imm\u00e9diat, aucune victime ni d\u00e9g\u00e2t majeur n\u2019ont \u00e9t\u00e9 signal\u00e9s \u00e0 Kiev. D\u2019apr\u00e8s des comptes Telegram relayant la situation en Ukraine, une vingtaine de missiles auraient \u00e9t\u00e9 lanc\u00e9s en environ une heure, une attaque d\u00e9crite par ces sources comme la plus importante depuis le d\u00e9but de l\u2019ann\u00e9e.<\/p>\n<p>Des informations qui n\u2019ont toutefois pas pu \u00eatre confirm\u00e9es de mani\u00e8re ind\u00e9pendante. L\u2019arm\u00e9e ukrainienne n\u2019a pas comment\u00e9 l\u2019ampleur de l\u2019offensive et Moscou est rest\u00e9 silencieux.<\/p>\n","protected":false},"excerpt":{"rendered":"La capitale ukrainienne n\u2019a pas \u00e9t\u00e9 \u00e9pargn\u00e9e. Selon le chef de l\u2019administration militaire de Kiev, Tymour Tkatchenko, la&hellip;\n","protected":false},"author":2,"featured_media":660179,"comment_status":"","ping_status":"","sticky":false,"template":"","format":"standard","meta":{"footnotes":""},"categories":[1590],"tags":[11,1777,674,12,220],"class_list":{"0":"post-660178","1":"post","2":"type-post","3":"status-publish","4":"format-standard","5":"has-post-thumbnail","7":"category-ukraine","8":"tag-actualites","9":"tag-eu","10":"tag-europe","11":"tag-news","12":"tag-ukraine"},"share_on_mastodon":{"url":"https:\/\/pubeurope.com\/@fr\/115886728394252906","error":""},"_links":{"self":[{"href":"https:\/\/www.europesays.com\/fr\/wp-json\/wp\/v2\/posts\/660178","targetHints":{"allow":["GET"]}}],"collection":[{"href":"https:\/\/www.europesays.com\/fr\/wp-json\/wp\/v2\/posts"}],"about":[{"href":"https:\/\/www.europesays.com\/fr\/wp-json\/wp\/v2\/types\/post"}],"author":[{"embeddable":true,"href":"https:\/\/www.europesays.com\/fr\/wp-json\/wp\/v2\/users\/2"}],"replies":[{"embeddable":true,"href":"https:\/\/www.europesays.com\/fr\/wp-json\/wp\/v2\/comments?post=660178"}],"version-history":[{"count":0,"href":"https:\/\/www.europesays.com\/fr\/wp-json\/wp\/v2\/posts\/660178\/revisions"}],"wp:featuredmedia":[{"embeddable":true,"href":"https:\/\/www.europesays.com\/fr\/wp-json\/wp\/v2\/media\/660179"}],"wp:attachment":[{"href":"https:\/\/www.europesays.com\/fr\/wp-json\/wp\/v2\/media?parent=660178"}],"wp:term":[{"taxonomy":"category","embeddable":true,"href":"https:\/\/www.europesays.com\/fr\/wp-json\/wp\/v2\/categories?post=660178"},{"taxonomy":"post_tag","embeddable":true,"href":"https:\/\/www.europesays.com\/fr\/wp-json\/wp\/v2\/tags?post=660178"}],"curies":[{"name":"wp","href":"https:\/\/api.w.org\/{rel}","templated":true}]}}