{"id":660182,"date":"2026-01-13T07:59:19","date_gmt":"2026-01-13T07:59:19","guid":{"rendered":"https:\/\/www.europesays.com\/fr\/660182\/"},"modified":"2026-01-13T07:59:19","modified_gmt":"2026-01-13T07:59:19","slug":"persimmon-au-royaume-uni-anticipe-une-croissance-en-2026-malgre-des-defis-sur-le-marche","status":"publish","type":"post","link":"https:\/\/www.europesays.com\/fr\/660182\/","title":{"rendered":"Persimmon au Royaume-Uni anticipe une croissance en 2026 malgr\u00e9 des d\u00e9fis sur le march\u00e9"},"content":{"rendered":"<p>                    Le constructeur britannique Persimmon a annonc\u00e9 mardi qu&rsquo;il pr\u00e9voyait une croissance continue du nombre de logements livr\u00e9s et de ses b\u00e9n\u00e9fices en 2026, et ce malgr\u00e9 l&rsquo;absence probable d&rsquo;une am\u00e9lioration significative des conditions du march\u00e9.<\/p>\n<p>La pression sur l&rsquo;accessibilit\u00e9 financi\u00e8re et la faible confiance des consommateurs ont contraint des entreprises comme Persimmon \u00e0 recourir davantage \u00e0 des incitations et \u00e0 des efforts marketing pour soutenir les ventes.<\/p>\n<p>La prudence des acheteurs avant la pr\u00e9sentation du budget du 26 novembre avait pouss\u00e9 les principaux promoteurs immobiliers \u00e0 avertir d&rsquo;une persistance de la faiblesse du march\u00e9.<\/p>\n<p>\u00ab\u00a0Les r\u00e9centes baisses des taux hypoth\u00e9caires sont b\u00e9n\u00e9fiques pour nos clients priv\u00e9s, m\u00eame si nous restons attentifs aux contraintes persistantes en mati\u00e8re d&rsquo;accessibilit\u00e9\u00a0\u00bb, a d\u00e9clar\u00e9 Persimmon dans un communiqu\u00e9.<\/p>\n<p>\u00ab\u00a0De plus, la diminution du nombre de ventes en gros dans notre carnet de commandes, ainsi que les d\u00e9fis persistants sur le march\u00e9 des fournisseurs enregistr\u00e9s, devraient ralentir notre croissance sur ces segments en 2026.\u00a0\u00bb<\/p>\n<p>Cependant, le budget, qui a dissip\u00e9 les craintes d&rsquo;une nouvelle fiscalit\u00e9 immobili\u00e8re ou d&rsquo;une hausse des droits de timbre, et qui s&rsquo;est accompagn\u00e9 de pr\u00e9visions d&rsquo;endettement am\u00e9lior\u00e9es, a renforc\u00e9 l&rsquo;optimisme des analystes quant \u00e0 un retour possible des acheteurs rest\u00e9s en retrait apr\u00e8s une longue p\u00e9riode de repli du march\u00e9 immobilier.<\/p>\n<p>En 2025, Persimmon a indiqu\u00e9 avoir livr\u00e9 11\u00a0905 logements, un chiffre sup\u00e9rieur aux attentes du march\u00e9 qui tablaient sur 11\u00a0299, et pr\u00e9voit un b\u00e9n\u00e9fice sous-jacent avant imp\u00f4t dans le haut de la fourchette des pr\u00e9visions des analystes, soit environ 440\u00a0millions de livres (592,42\u00a0millions de dollars), port\u00e9 par un nombre plus \u00e9lev\u00e9 de points de vente, une r\u00e9silience des prix et des mesures d&rsquo;optimisation interne.\u00a0<\/p>\n<p>(1\u00a0dollar = 0,7427\u00a0livre sterling)<\/p>\n","protected":false},"excerpt":{"rendered":"Le constructeur britannique Persimmon a annonc\u00e9 mardi qu&rsquo;il pr\u00e9voyait une croissance continue du nombre de logements livr\u00e9s et&hellip;\n","protected":false},"author":2,"featured_media":660183,"comment_status":"","ping_status":"","sticky":false,"template":"","format":"standard","meta":{"footnotes":""},"categories":[1588],"tags":[11,340,1777,674,12,473,1853,1851,1850,1852],"class_list":{"0":"post-660182","1":"post","2":"type-post","3":"status-publish","4":"format-standard","5":"has-post-thumbnail","7":"category-royaume-uni","8":"tag-actualites","9":"tag-bourse","10":"tag-eu","11":"tag-europe","12":"tag-news","13":"tag-royaume-uni","14":"tag-royaume-uni-de-grande-bretagne-et-dirlande-du-nord","15":"tag-uk","16":"tag-united-kingdom","17":"tag-united-kingdom-of-great-britain-and-northern-ireland"},"share_on_mastodon":{"url":"https:\/\/pubeurope.com\/@fr\/115886736282380981","error":""},"_links":{"self":[{"href":"https:\/\/www.europesays.com\/fr\/wp-json\/wp\/v2\/posts\/660182","targetHints":{"allow":["GET"]}}],"collection":[{"href":"https:\/\/www.europesays.com\/fr\/wp-json\/wp\/v2\/posts"}],"about":[{"href":"https:\/\/www.europesays.com\/fr\/wp-json\/wp\/v2\/types\/post"}],"author":[{"embeddable":true,"href":"https:\/\/www.europesays.com\/fr\/wp-json\/wp\/v2\/users\/2"}],"replies":[{"embeddable":true,"href":"https:\/\/www.europesays.com\/fr\/wp-json\/wp\/v2\/comments?post=660182"}],"version-history":[{"count":0,"href":"https:\/\/www.europesays.com\/fr\/wp-json\/wp\/v2\/posts\/660182\/revisions"}],"wp:featuredmedia":[{"embeddable":true,"href":"https:\/\/www.europesays.com\/fr\/wp-json\/wp\/v2\/media\/660183"}],"wp:attachment":[{"href":"https:\/\/www.europesays.com\/fr\/wp-json\/wp\/v2\/media?parent=660182"}],"wp:term":[{"taxonomy":"category","embeddable":true,"href":"https:\/\/www.europesays.com\/fr\/wp-json\/wp\/v2\/categories?post=660182"},{"taxonomy":"post_tag","embeddable":true,"href":"https:\/\/www.europesays.com\/fr\/wp-json\/wp\/v2\/tags?post=660182"}],"curies":[{"name":"wp","href":"https:\/\/api.w.org\/{rel}","templated":true}]}}