{"id":660184,"date":"2026-01-13T08:00:10","date_gmt":"2026-01-13T08:00:10","guid":{"rendered":"https:\/\/www.europesays.com\/fr\/660184\/"},"modified":"2026-01-13T08:00:10","modified_gmt":"2026-01-13T08:00:10","slug":"le-chef-de-la-diplomatie-allemande-minimise-le-risque-dune-annexion-du-groenland-par-les-etats-unis","status":"publish","type":"post","link":"https:\/\/www.europesays.com\/fr\/660184\/","title":{"rendered":"Le chef de la diplomatie allemande minimise le risque d&rsquo;une annexion du Groenland par les \u00c9tats-Unis"},"content":{"rendered":"<p>Le ministre allemand des Affaires \u00e9trang\u00e8res Johann Wadephul estime n&rsquo;avoir re\u00e7u \u00ab\u00a0aucune indication\u00a0\u00bb quant au s\u00e9rieux de l&rsquo;annexion du Groenland par les \u00c9tats-Unis apr\u00e8s sa rencontre avec son homologue am\u00e9ricain Marco Rubio \u00e0 Washington.<\/p>\n<p>Le ministre allemand des Affaires \u00e9trang\u00e8res a minimis\u00e9 ce lundi 12 janvier le risque d&rsquo;une attaque am\u00e9ricaine sur le <a href=\"https:\/\/www.bfmtv.com\/international\/amerique-nord\/etats-unis\/le-gouvernement-du-groenland-n-accepte-d-aucune-maniere-le-souhait-americain-de-prendre-possession-de-son-territoire_AD-202601120696.html\" title=\"Le gouvernement du Groenland n&#039;accepte &quot;d&#039;aucune mani\u00e8re&quot; le souhait am\u00e9ricain de &quot;prendre possession&quot; de son territoire\" class=\"internal_link\" target=\"_blank\" rel=\"noopener\">Groenland<\/a>, apr\u00e8s les menaces r\u00e9p\u00e9t\u00e9es de Donald Trump de s&#8217;emparer de l&rsquo;immense territoire autonome contr\u00f4l\u00e9 par le Danemark, alli\u00e9 des \u00c9tats-Unis au sein de l&rsquo;Otan.<\/p>\n<p>\u00ab\u00a0Je n&rsquo;ai aucune indication que cela soit s\u00e9rieusement envisag\u00e9\u00a0\u00bb par Washington, a d\u00e9clar\u00e9 Johann Wadephul \u00e0 propos d&rsquo;une \u00e9ventuelle annexion par la force du Groenland, \u00e0 l&rsquo;issue d&rsquo;une rencontre avec son homologue am\u00e9ricain, Marco Rubio.<\/p>\n<blockquote class=\"embed embed_quote\"><p>\u00ab\u00a0Je crois plut\u00f4t qu&rsquo;il existe un int\u00e9r\u00eat commun \u00e0 traiter les questions de s\u00e9curit\u00e9 qui se posent dans la r\u00e9gion arctique, et que nous devrions et allons le faire\u00a0\u00bb, a-t-il dit \u00e0 la presse.<\/p><\/blockquote>\n<p>\u00ab\u00a0L&rsquo;Otan est maintenant en train d&rsquo;\u00e9laborer des plans plus concrets \u00e0 ce sujet, qui seront ensuite discut\u00e9s conjointement avec nos partenaires am\u00e9ricains\u00a0\u00bb, a-t-il ajout\u00e9.<\/p>\n<p>Donald Trump veut le Groenland \u00ab\u00a0d&rsquo;une mani\u00e8re ou d&rsquo;une autre\u00a0\u00bb<\/p>\n<p>La visite \u00e0 Washington du chef de la diplomatie allemande intervient avant une rencontre attendue cette semaine entre <a href=\"https:\/\/www.bfmtv.com\/international\/amerique-nord\/etats-unis\/guerre-en-ukraine-les-etats-unis-assurent-ne-pas-vouloir-imposer-un-accord-de-paix_AD-202512200051.html\" title=\"Guerre en Ukraine: les \u00c9tats-Unis assurent ne pas vouloir imposer un accord de paix\" class=\"internal_link\" target=\"_blank\" rel=\"noopener\">Marco Rubio<\/a> et des responsables danois et groenlandais.<\/p>\n<p>Donald Trump a affirm\u00e9 ce dimanche que les \u00c9tats-Unis s&#8217;empareraient du Groenland \u00ab\u00a0d&rsquo;une mani\u00e8re ou d&rsquo;une autre\u00a0\u00bb, pr\u00e9cisant qu&rsquo;il ne parlait pas d&rsquo;une \u00ab\u00a0location\u00a0\u00bb \u00e0 court terme mais de l&rsquo;acquisition de ce territoire.<\/p>\n<p>Le pr\u00e9sident am\u00e9ricain y voit le moyen pour les \u00c9tats-Unis d&rsquo;assurer leur propre s\u00e9curit\u00e9 face \u00e0 la Chine et \u00e0 la Russie, et estime que le Danemark a d\u00e9laiss\u00e9 le Groenland et sa d\u00e9fense.<\/p>\n<p>Plus tard dans la journ\u00e9e de lundi, des membres du Congr\u00e8s am\u00e9ricain ont indiqu\u00e9 qu&rsquo;une d\u00e9l\u00e9gation se rendrait \u00e0 Copenhague vendredi et samedi, sur la route du Forum \u00e9conomique mondial de Davos, en Suisse.<\/p>\n<p>La d\u00e9l\u00e9gation rencontrera des chefs d&rsquo;entreprise et des dirigeants politiques pour traiter du \u00ab\u00a0renforcement de la s\u00e9curit\u00e9 dans l&rsquo;Arctique et de la consolidation de relations commerciales\u00a0\u00bb, a pr\u00e9cis\u00e9 le s\u00e9nateur d\u00e9mocrate Chris Coons dans un communiqu\u00e9.<\/p>\n<p>\u00ab\u00a0Je pense qu&rsquo;il est essentiel que le Congr\u00e8s se montre uni pour soutenir nos alli\u00e9s et respecter la souverainet\u00e9 du Danemark et du Groenland\u00a0\u00bb, a soulign\u00e9 le s\u00e9nateur r\u00e9publicain Thom Tillis.<\/p>\n<p>Un renforcement de la d\u00e9fense du Groenland \u00e9tudi\u00e9<\/p>\n<p>Face aux menaces am\u00e9ricaines, l&rsquo;Otan et le Groenland ont annonc\u00e9 ce lundi vouloir travailler au renforcement de la d\u00e9fense de ce territoire.<\/p>\n<p>Une <a href=\"https:\/\/www.bfmtv.com\/international\/amerique-nord\/etats-unis\/ca-suffit-maintenant-le-premier-ministre-groenlandais-denonce-les-fantasmes-d-annexion-de-donald-trump_AD-202601050367.html\" title=\"&quot;\u00c7a suffit maintenant&quot;: le Premier ministre groenlandais d\u00e9nonce les &quot;fantasmes d&#039;annexion&quot; de Donald Trump\" class=\"internal_link\" target=\"_blank\" rel=\"noopener\">annexion du Groenland<\/a> signerait l&rsquo;arr\u00eat de mort de l&rsquo;Alliance atlantique, avait averti d\u00e9but janvier la Premi\u00e8re ministre danoise, Mette Frederiksen.<\/p>\n<p>Cette immense \u00eele arctique peupl\u00e9e de 57.000 habitants dispose d&rsquo;importantes ressources mini\u00e8res, en majorit\u00e9 non exploit\u00e9es, et est consid\u00e9r\u00e9e comme un emplacement strat\u00e9gique. Les \u00c9tats-Unis y ont d\u00e9j\u00e0 une base militaire et en administraient une dizaine pendant la Guerre froide.<\/p>\n","protected":false},"excerpt":{"rendered":"Le ministre allemand des Affaires \u00e9trang\u00e8res Johann Wadephul estime n&rsquo;avoir re\u00e7u \u00ab\u00a0aucune indication\u00a0\u00bb quant au s\u00e9rieux de l&rsquo;annexion&hellip;\n","protected":false},"author":2,"featured_media":660185,"comment_status":"","ping_status":"","sticky":false,"template":"","format":"standard","meta":{"footnotes":""},"categories":[1587],"tags":[11,672,1804,1805,1803,1777,674,1801,12,1802],"class_list":{"0":"post-660184","1":"post","2":"type-post","3":"status-publish","4":"format-standard","5":"has-post-thumbnail","7":"category-allemagne","8":"tag-actualites","9":"tag-allemagne","10":"tag-bundesrepublik-deutschland","11":"tag-de","12":"tag-deutschland","13":"tag-eu","14":"tag-europe","15":"tag-germany","16":"tag-news","17":"tag-republique-federale-dallemagne"},"share_on_mastodon":{"url":"https:\/\/pubeurope.com\/@fr\/115886740384554945","error":""},"_links":{"self":[{"href":"https:\/\/www.europesays.com\/fr\/wp-json\/wp\/v2\/posts\/660184","targetHints":{"allow":["GET"]}}],"collection":[{"href":"https:\/\/www.europesays.com\/fr\/wp-json\/wp\/v2\/posts"}],"about":[{"href":"https:\/\/www.europesays.com\/fr\/wp-json\/wp\/v2\/types\/post"}],"author":[{"embeddable":true,"href":"https:\/\/www.europesays.com\/fr\/wp-json\/wp\/v2\/users\/2"}],"replies":[{"embeddable":true,"href":"https:\/\/www.europesays.com\/fr\/wp-json\/wp\/v2\/comments?post=660184"}],"version-history":[{"count":0,"href":"https:\/\/www.europesays.com\/fr\/wp-json\/wp\/v2\/posts\/660184\/revisions"}],"wp:featuredmedia":[{"embeddable":true,"href":"https:\/\/www.europesays.com\/fr\/wp-json\/wp\/v2\/media\/660185"}],"wp:attachment":[{"href":"https:\/\/www.europesays.com\/fr\/wp-json\/wp\/v2\/media?parent=660184"}],"wp:term":[{"taxonomy":"category","embeddable":true,"href":"https:\/\/www.europesays.com\/fr\/wp-json\/wp\/v2\/categories?post=660184"},{"taxonomy":"post_tag","embeddable":true,"href":"https:\/\/www.europesays.com\/fr\/wp-json\/wp\/v2\/tags?post=660184"}],"curies":[{"name":"wp","href":"https:\/\/api.w.org\/{rel}","templated":true}]}}