{"id":660196,"date":"2026-01-13T08:09:17","date_gmt":"2026-01-13T08:09:17","guid":{"rendered":"https:\/\/www.europesays.com\/fr\/660196\/"},"modified":"2026-01-13T08:09:17","modified_gmt":"2026-01-13T08:09:17","slug":"musetti-rejoint-un-cercle-peu-enviable-tennistemple","status":"publish","type":"post","link":"https:\/\/www.europesays.com\/fr\/660196\/","title":{"rendered":"Musetti rejoint un cercle peu enviable \u2022 TennisTemple"},"content":{"rendered":"\n<p>\ud83c\udde7\ud83c\uddfe \u00ab En g\u00e9n\u00e9ral, je ne prends que deux semaines de vacances, c&rsquo;est tout, puis je recommence \u00e0 m&rsquo;entra\u00eener. Pendant ces deux semaines, je ne fais aucun sport et je prends six kilos, mais cela ne me d\u00e9range pas, je sais comment fonctionne mon esprit.<\/p>\n<p>Je sais que je vais ensuite faire beaucoup d&rsquo;exercice et que je vais rapidement perdre ces kilos, mais il est essentiel de ne faire aucun sport pendan&#8230;<\/p>\n<p> <a href=\"https:\/\/fr.tennistemple.com\/LaChaineTT\/post\/21842080\/en-general-je-ne-prends-que-deux-semaines-de-vacances\/\" class=\"expand\" target=\"_blank\" rel=\"noopener\">Lire en entier<\/a> <\/p>\n","protected":false},"excerpt":{"rendered":"\ud83c\udde7\ud83c\uddfe \u00ab En g\u00e9n\u00e9ral, je ne prends que deux semaines de vacances, c&rsquo;est tout, puis je recommence \u00e0&hellip;\n","protected":false},"author":2,"featured_media":660197,"comment_status":"","ping_status":"","sticky":false,"template":"","format":"standard","meta":{"footnotes":""},"categories":[1415],"tags":[1011,27,60,1467],"class_list":{"0":"post-660196","1":"post","2":"type-post","3":"status-publish","4":"format-standard","5":"has-post-thumbnail","7":"category-tennis","8":"tag-fr","9":"tag-france","10":"tag-sports","11":"tag-tennis"},"share_on_mastodon":{"url":"https:\/\/pubeurope.com\/@fr\/115886775516681558","error":""},"_links":{"self":[{"href":"https:\/\/www.europesays.com\/fr\/wp-json\/wp\/v2\/posts\/660196","targetHints":{"allow":["GET"]}}],"collection":[{"href":"https:\/\/www.europesays.com\/fr\/wp-json\/wp\/v2\/posts"}],"about":[{"href":"https:\/\/www.europesays.com\/fr\/wp-json\/wp\/v2\/types\/post"}],"author":[{"embeddable":true,"href":"https:\/\/www.europesays.com\/fr\/wp-json\/wp\/v2\/users\/2"}],"replies":[{"embeddable":true,"href":"https:\/\/www.europesays.com\/fr\/wp-json\/wp\/v2\/comments?post=660196"}],"version-history":[{"count":0,"href":"https:\/\/www.europesays.com\/fr\/wp-json\/wp\/v2\/posts\/660196\/revisions"}],"wp:featuredmedia":[{"embeddable":true,"href":"https:\/\/www.europesays.com\/fr\/wp-json\/wp\/v2\/media\/660197"}],"wp:attachment":[{"href":"https:\/\/www.europesays.com\/fr\/wp-json\/wp\/v2\/media?parent=660196"}],"wp:term":[{"taxonomy":"category","embeddable":true,"href":"https:\/\/www.europesays.com\/fr\/wp-json\/wp\/v2\/categories?post=660196"},{"taxonomy":"post_tag","embeddable":true,"href":"https:\/\/www.europesays.com\/fr\/wp-json\/wp\/v2\/tags?post=660196"}],"curies":[{"name":"wp","href":"https:\/\/api.w.org\/{rel}","templated":true}]}}