{"id":660198,"date":"2026-01-13T08:13:16","date_gmt":"2026-01-13T08:13:16","guid":{"rendered":"https:\/\/www.europesays.com\/fr\/660198\/"},"modified":"2026-01-13T08:13:16","modified_gmt":"2026-01-13T08:13:16","slug":"romain-combaud-annonce-son-arret-actualite","status":"publish","type":"post","link":"https:\/\/www.europesays.com\/fr\/660198\/","title":{"rendered":"Romain Combaud annonce son arr\u00eat &#8211; Actualit\u00e9"},"content":{"rendered":"<p style=\"text-align: justify;\"><strong>Romain Combaud annonce qu&rsquo;il ne sera plus dans les pelotons en 2026. Le coureur qui portait les couleurs du Team Picnic PostNL en 2025 met ainsi un terme \u00e0 sa carri\u00e8re cycliste au terme d\u2019une onzi\u00e8me et derni\u00e8re ann\u00e9e chez les pros. \u00ab\u00a0L\u2019heure est venue de tourner ce chapitre avec beaucoup de fiert\u00e9, et d&rsquo;en ouvrir un autre dans lequel je vais avancer vers de nouveaux projets professionnels\u00a0\u00bb, \u00e9crit l&rsquo;Auvergnat sur son compte Instagram.<br \/><\/strong><\/p>\n<p style=\"text-align: justify;\"><strong><br \/>L\u2019athl\u00e8te de 34 ans avait rejoint le peloton professionnel en 2015, en m\u00eame temps que son \u00e9quipe d\u2019alors, la Conti de l\u2019Arm\u00e9e de Terre. Il a ensuite pass\u00e9 cinq saisons chez Delko Marseille Provence KTM, puis cinq ann\u00e9es suppl\u00e9mentaires du c\u00f4t\u00e9 de la DSM, devenu depuis le Team Picnic Post NL.<br \/>Jamais vainqueur chez les pros,\u00a0<strong><a href=\"https:\/\/www.directvelo.com\/coureur\/478\/romain-combaud\" target=\"_blank\" rel=\"noopener\">Romain Combaud<\/a><\/strong> n\u2019en est pourtant pas pass\u00e9 loin \u00e0 plusieurs reprises, notamment <strong><a href=\"https:\/\/www.directvelo.com\/actualite\/71993\/romain-combaud-il-etait-le-plus-fort\" target=\"_blank\" rel=\"noopener\">lorsqu\u2019il n\u2019avait \u00e9t\u00e9 devanc\u00e9 que par le Francilien Anthony Turgis sur le Grand Prix La Marseillaise 2019<\/a><\/strong>. Parmi ses autres diff\u00e9rentes places d\u2019honneur, il s\u2019est class\u00e9 3e d\u2019\u00e9tape sur les Boucles de la Mayenne &#8211; 5e du g\u00e9n\u00e9ral -, 4e du Tour du Doubs et du Tour de Vend\u00e9e ou encore 5e de Paris-Camembert et du Tour du Limousin. <br \/>Retrouvez toutes les infos des transferts pros de l\u2019intersaison 2025-2026 <strong><a href=\"https:\/\/www.directvelo.com\/mutations\/2026#teams-pro\" target=\"_blank\" rel=\"noopener\">en cliquant ici<\/a><\/strong>. \u00a0 <\/strong><\/p>\n","protected":false},"excerpt":{"rendered":"Romain Combaud annonce qu&rsquo;il ne sera plus dans les pelotons en 2026. Le coureur qui portait les couleurs&hellip;\n","protected":false},"author":2,"featured_media":660199,"comment_status":"","ping_status":"","sticky":false,"template":"","format":"standard","meta":{"footnotes":""},"categories":[1411],"tags":[834,828,836,829,837,827,83,826,824,823,1154,207,814,817,815,816,822,821,832,211,839,1011,27,820,818,819,835,831,830,833,838,60,212,208,825],"class_list":{"0":"post-660198","1":"post","2":"type-post","3":"status-publish","4":"format-standard","5":"has-post-thumbnail","7":"category-cyclisme","8":"tag-attaque","9":"tag-belgique","10":"tag-braquet","11":"tag-bretagne","12":"tag-chute","13":"tag-competition","14":"tag-coupe-de-france","15":"tag-coureur","16":"tag-course-cyclisme","17":"tag-course-cycliste","18":"tag-cycling","19":"tag-cyclisme","20":"tag-direct","21":"tag-direct-velo","22":"tag-directvelo","23":"tag-directvelo-com","24":"tag-epreuve","25":"tag-epreuve-cycliste","26":"tag-federation-francaise-de-cyclisme","27":"tag-ffc","28":"tag-flandres","29":"tag-fr","30":"tag-france","31":"tag-live","32":"tag-live-course","33":"tag-live-epreuve","34":"tag-peloton","35":"tag-radio-peloton","36":"tag-radio-tour","37":"tag-ravitaillement","38":"tag-relance","39":"tag-sports","40":"tag-uci","41":"tag-velo","42":"tag-velos"},"share_on_mastodon":{"url":"https:\/\/pubeurope.com\/@fr\/115886791294725714","error":""},"_links":{"self":[{"href":"https:\/\/www.europesays.com\/fr\/wp-json\/wp\/v2\/posts\/660198","targetHints":{"allow":["GET"]}}],"collection":[{"href":"https:\/\/www.europesays.com\/fr\/wp-json\/wp\/v2\/posts"}],"about":[{"href":"https:\/\/www.europesays.com\/fr\/wp-json\/wp\/v2\/types\/post"}],"author":[{"embeddable":true,"href":"https:\/\/www.europesays.com\/fr\/wp-json\/wp\/v2\/users\/2"}],"replies":[{"embeddable":true,"href":"https:\/\/www.europesays.com\/fr\/wp-json\/wp\/v2\/comments?post=660198"}],"version-history":[{"count":0,"href":"https:\/\/www.europesays.com\/fr\/wp-json\/wp\/v2\/posts\/660198\/revisions"}],"wp:featuredmedia":[{"embeddable":true,"href":"https:\/\/www.europesays.com\/fr\/wp-json\/wp\/v2\/media\/660199"}],"wp:attachment":[{"href":"https:\/\/www.europesays.com\/fr\/wp-json\/wp\/v2\/media?parent=660198"}],"wp:term":[{"taxonomy":"category","embeddable":true,"href":"https:\/\/www.europesays.com\/fr\/wp-json\/wp\/v2\/categories?post=660198"},{"taxonomy":"post_tag","embeddable":true,"href":"https:\/\/www.europesays.com\/fr\/wp-json\/wp\/v2\/tags?post=660198"}],"curies":[{"name":"wp","href":"https:\/\/api.w.org\/{rel}","templated":true}]}}